{"id":102371,"date":"2017-04-17T09:57:19","date_gmt":"2017-04-17T12:57:19","guid":{"rendered":"http:\/\/senoticias.com.br\/se\/?p=102371"},"modified":"2017-04-17T15:10:41","modified_gmt":"2017-04-17T18:10:41","slug":"ufs-realiza-3o-encontro-interdisciplinar-de-comunicacao-ambiental","status":"publish","type":"post","link":"https:\/\/senoticias.com.br\/se\/ufs-realiza-3o-encontro-interdisciplinar-de-comunicacao-ambiental\/","title":{"rendered":"UFS realiza 3\u00ba Encontro Interdisciplinar de Comunica\u00e7\u00e3o Ambiental"},"content":{"rendered":"<p style=\"text-align: justify;\">No per\u00edodo de 5 a 7 de junho a Universidade Federal de Sergipe (UFS) realizar\u00e1 o 3\u00ba Encontro Interdisciplinar de Comunica\u00e7\u00e3o Ambiental (EICA 2017) com o tema \u201cComunica\u00e7\u00e3o de riscos e as vulnerabilidades socioambientais contempor\u00e2neas\u201d. O evento pretende reunir professores, pesquisadores, p\u00f3s-graduandos e graduandos de diferentes \u00e1reas de conhecimento, mas tamb\u00e9m profissionais de qualquer \u00e1rea que trabalhem a rela\u00e7\u00e3o entre Comunica\u00e7\u00e3o e Meio Ambiente, seja em empresas, no setor p\u00fablico ou em organiza\u00e7\u00f5es sociais.<\/p>\n<p style=\"text-align: justify;\">Para todos esses p\u00fablicos as inscri\u00e7\u00f5es j\u00e1 est\u00e3o abertas e s\u00e3o realizadas exclusivamente online, em tr\u00eas etapas: 17 de abril \u00e9 data limite para o envio de trabalho para apresenta\u00e7\u00e3o oral; 10 de maio \u00e9 o prazo de confirma\u00e7\u00e3o de inscri\u00e7\u00e3o com apresenta\u00e7\u00e3o de trabalho; e 02 de junho \u00e9 o dia final para demais participantes (n\u00e3o haver\u00e1 inscri\u00e7\u00f5es depois dessa data, nem no local do evento).<\/p>\n<div id=\"attachment_102372\" style=\"width: 630px\" class=\"wp-caption aligncenter\"><img loading=\"lazy\" decoding=\"async\" aria-describedby=\"caption-attachment-102372\" class=\"size-full wp-image-102372\" src=\"http:\/\/senoticias.com.br\/se\/wp-content\/uploads\/2017\/04\/UFS.jpg\" alt=\"UFS \/ Portal Se Not\u00edcias\" width=\"620\" height=\"465\" \/><p id=\"caption-attachment-102372\" class=\"wp-caption-text\">Evento ocorre no per\u00edodo de 5 \u00e0 7 de junho na UFS \u00a0(foto: arquivo\/UFS)<\/p><\/div>\n<p style=\"text-align: justify;\">Os trabalhos poder\u00e3o ser inscritos em duas categorias: os tradicionais \u2018artigos cient\u00edficos\u2019, destinados a professores, pesquisadores, doutores, mestres, p\u00f3s-graduandos e orientandos de inicia\u00e7\u00e3o cient\u00edfica (tamb\u00e9m ser\u00e3o aceitos artigos resultantes de trabalhos de conclus\u00e3o de curso de gradua\u00e7\u00e3o ou de especializa\u00e7\u00e3o, com aval dos respectivos orientadores); e tamb\u00e9m os \u2018relatos de experi\u00eancias\u2019, destinados a orientadores e orientandos de projetos de extens\u00e3o universit\u00e1ria e a profissionais ou especialistas de empresas, \u00f3rg\u00e3os p\u00fablicos e organiza\u00e7\u00f5es sociais (tamb\u00e9m ser\u00e3o aceitos relatos resultantes de projetos experimentais realizados para conclus\u00e3o de curso de gradua\u00e7\u00e3o, com aval dos respectivos orientadores).<\/p>\n<p style=\"text-align: justify;\">A discuss\u00e3o<\/p>\n<p style=\"text-align: justify;\">A proposta do Encontro, organizado pelo Laborat\u00f3rio Interdisciplinar de Comunica\u00e7\u00e3o Ambiental (LICA), ligado ao Programa de P\u00f3s-Gradua\u00e7\u00e3o em Comunica\u00e7\u00e3o (PPGCOM-UFS), \u00e9 debater quest\u00f5es conceituais, pol\u00edticas e metodol\u00f3gicas com foco nas popula\u00e7\u00f5es afetadas por diferentes tipos de vulnerabilidades, seja no ambiente natural, seja no meio urbano, particularmente o das grandes cidades. Popula\u00e7\u00f5es estas que t\u00eam o direito de serem informadas sobre os riscos que correm e o direito \u00e0 comunica\u00e7\u00e3o das solu\u00e7\u00f5es que consideram justas e necess\u00e1rias.<\/p>\n<p style=\"text-align: justify;\"><strong>Servi\u00e7o<\/strong><\/p>\n<p style=\"text-align: justify;\"><strong>Onde?<\/strong><br \/>\nUniversidade Federal de Sergipe (UFS) \u2013 Campus de S\u00e3o Crist\u00f3v\u00e3o, Cidade Universit\u00e1ria Prof. Jos\u00e9 Alo\u00edsio de Campos &#8211; Jardim Rosa Elze &#8211; S\u00e3o Crist\u00f3v\u00e3o (SE)<\/p>\n<p style=\"text-align: justify;\"><strong>Quando?<\/strong><br \/>\nDe 5 a 7 de junho de 2017<\/p>\n<p style=\"text-align: justify;\"><strong>Quem organiza?<\/strong><br \/>\nLaborat\u00f3rio Interdisciplinar de Comunica\u00e7\u00e3o Ambiental (LICA\/UFS) e<br \/>\nPrograma de P\u00f3s-Gradua\u00e7\u00e3o em Comunica\u00e7\u00e3o (PPGCOM\/UFS)<\/p>\n<p style=\"text-align: justify;\"><strong>Para quem?<\/strong><br \/>\nProfessores, pesquisadores, p\u00f3s-graduandos e graduandos de diferentes \u00e1reas de conhecimento, bem como profissionais de qualquer \u00e1rea que trabalhem a rela\u00e7\u00e3o entre Comunica\u00e7\u00e3o e Meio Ambiente.<\/p>\n<p style=\"text-align: justify;\"><strong>Apoio<\/strong>:<br \/>\nPrograma de Apoio a Eventos no Pa\u00eds (PAEP), da Capes<\/p>\n<p style=\"text-align: justify;\">Para mais informa\u00e7\u00f5es: eica2017.ufs@gmail.com<\/p>\n<p style=\"text-align: justify;\"><img loading=\"lazy\" decoding=\"async\" class=\"aligncenter size-full wp-image-102349\" src=\"http:\/\/senoticias.com.br\/se\/wp-content\/uploads\/2017\/04\/Logo-fone-1-2-1-2-4-6.jpg\" alt=\"Logo-fone-1-2-1-2-4-6\" width=\"599\" height=\"78\" srcset=\"https:\/\/senoticias.com.br\/se\/wp-content\/uploads\/2017\/04\/Logo-fone-1-2-1-2-4-6.jpg 599w, https:\/\/senoticias.com.br\/se\/wp-content\/uploads\/2017\/04\/Logo-fone-1-2-1-2-4-6-300x39.jpg 300w\" sizes=\"(max-width: 599px) 100vw, 599px\" \/><\/p>\n<p style=\"text-align: justify;\"><strong>Acompanhe tamb\u00e9m o SE Not\u00edcias no<\/strong><span class=\"apple-converted-space\"><b>\u00a0<\/b><\/span><a href=\"https:\/\/twitter.com\/Senoticias\" target=\"_blank\"><b>Twitter<\/b><\/a><strong>,<\/strong><span class=\"apple-converted-space\"><b>\u00a0<\/b><\/span><a href=\"https:\/\/www.facebook.com\/senoticias1\" target=\"_blank\"><b>Facebook<\/b><span class=\"apple-converted-space\"><b>\u00a0<\/b><\/span><\/a><strong>e no<\/strong><span class=\"apple-converted-space\"><b>\u00a0<\/b><\/span><b><a href=\"https:\/\/www.instagram.com\/senoticias\/\" target=\"_blank\">Instagram<\/a><\/b><\/p>\n<p style=\"text-align: justify;\"><em>Fonte: Lica UFS<\/em><\/p>\n","protected":false},"excerpt":{"rendered":"<p>No per\u00edodo de 5 a 7 de junho a Universidade Federal de Sergipe (UFS) realizar\u00e1 o 3\u00ba Encontro Interdisciplinar de Comunica\u00e7\u00e3o Ambiental (EICA 2017) com o tema \u201cComunica\u00e7\u00e3o de riscos e as vulnerabilidades socioambientais contempor\u00e2neas\u201d. O evento pretende reunir professores, pesquisadores, p\u00f3s-graduandos e graduandos de diferentes \u00e1reas de conhecimento, mas tamb\u00e9m profissionais de qualquer \u00e1rea [&hellip;]<\/p>\n","protected":false},"author":2,"featured_media":0,"comment_status":"closed","ping_status":"closed","sticky":false,"template":"","format":"standard","meta":{"footnotes":""},"categories":[1],"tags":[2895,1306,2894,2887,2299],"class_list":{"0":"post-102371","1":"post","2":"type-post","3":"status-publish","4":"format-standard","6":"category-sem-categoria","7":"tag-comunicacao-ambiental","8":"tag-educacao","9":"tag-encontro-interdisciplinar","10":"tag-inscricao","11":"tag-ufs"},"_links":{"self":[{"href":"https:\/\/senoticias.com.br\/se\/wp-json\/wp\/v2\/posts\/102371"}],"collection":[{"href":"https:\/\/senoticias.com.br\/se\/wp-json\/wp\/v2\/posts"}],"about":[{"href":"https:\/\/senoticias.com.br\/se\/wp-json\/wp\/v2\/types\/post"}],"author":[{"embeddable":true,"href":"https:\/\/senoticias.com.br\/se\/wp-json\/wp\/v2\/users\/2"}],"replies":[{"embeddable":true,"href":"https:\/\/senoticias.com.br\/se\/wp-json\/wp\/v2\/comments?post=102371"}],"version-history":[{"count":0,"href":"https:\/\/senoticias.com.br\/se\/wp-json\/wp\/v2\/posts\/102371\/revisions"}],"wp:attachment":[{"href":"https:\/\/senoticias.com.br\/se\/wp-json\/wp\/v2\/media?parent=102371"}],"wp:term":[{"taxonomy":"category","embeddable":true,"href":"https:\/\/senoticias.com.br\/se\/wp-json\/wp\/v2\/categories?post=102371"},{"taxonomy":"post_tag","embeddable":true,"href":"https:\/\/senoticias.com.br\/se\/wp-json\/wp\/v2\/tags?post=102371"}],"curies":[{"name":"wp","href":"https:\/\/api.w.org\/{rel}","templated":true}]}}