{"id":102362,"date":"2017-04-17T06:30:01","date_gmt":"2017-04-17T09:30:01","guid":{"rendered":"http:\/\/senoticias.com.br\/se\/?p=102362"},"modified":"2017-04-17T06:50:50","modified_gmt":"2017-04-17T09:50:50","slug":"delegado-geral-emite-nota-sobre-noticias-inveridicas-que-estao-sendo-veiculadas-em-parte-da-midia","status":"publish","type":"post","link":"https:\/\/senoticias.com.br\/se\/delegado-geral-emite-nota-sobre-noticias-inveridicas-que-estao-sendo-veiculadas-em-parte-da-midia\/","title":{"rendered":"Delegado Geral emite nota sobre not\u00edcias inver\u00eddicas que est\u00e3o sendo veiculadas em parte da m\u00eddia"},"content":{"rendered":"<p>&nbsp;<\/p>\n<div id=\"attachment_102364\" style=\"width: 448px\" class=\"wp-caption alignright\"><img loading=\"lazy\" decoding=\"async\" aria-describedby=\"caption-attachment-102364\" class=\"size-full wp-image-102364\" src=\"http:\/\/senoticias.com.br\/se\/wp-content\/uploads\/2017\/04\/Delagado-Alessandro-Vieira-SE-Noticias.jpg\" alt=\"Delegado-Geral da Pol\u00edcia Civil emite nota de esclarecimento (foto: arquivo\/Marcos Rodrigues\/ASN)\" width=\"438\" height=\"326\" srcset=\"https:\/\/senoticias.com.br\/se\/wp-content\/uploads\/2017\/04\/Delagado-Alessandro-Vieira-SE-Noticias.jpg 438w, https:\/\/senoticias.com.br\/se\/wp-content\/uploads\/2017\/04\/Delagado-Alessandro-Vieira-SE-Noticias-300x223.jpg 300w\" sizes=\"(max-width: 438px) 100vw, 438px\" \/><p id=\"caption-attachment-102364\" class=\"wp-caption-text\">Delegado-Geral da Pol\u00edcia Civil emite nota de esclarecimento (foto: arquivo\/Marcos Rodrigues\/ASN)<\/p><\/div>\n<p style=\"text-align: justify;\">O Delegado Geral da PCSE esclarece, considerando o teor de not\u00edcias inver\u00eddicas ou deturpadas que est\u00e3o sendo veiculadas na m\u00eddia:<\/p>\n<p style=\"text-align: justify;\"><strong>1.<\/strong> O Governo do estado recebeu e vem analisando, desde o ano passado, propostas de revis\u00e3o remunerat\u00f3ria apresentadas separadamente pela Associa\u00e7\u00e3o dos Delegados de Pol\u00edcia Civil &#8211; ADEPOL e pelo Sindicato de Policiais Civis &#8211; SINPOL. Ambas receberam por parte da Superintend\u00eancia da Pol\u00edcia Civil o mesmo encaminhamento, qual seja, envio \u00e0 Secretaria de Governo para tramita\u00e7\u00e3o e an\u00e1lise;<\/p>\n<p style=\"text-align: justify;\"><strong>2.<\/strong> O projeto da ADEPOL, em s\u00edntese, busca uma isonomia com outras carreiras jur\u00eddicas do Executivo, em particular a dos Procuradores de Estado. A proposta do SINPOL, por sua vez, busca uma recomposi\u00e7\u00e3o com base em \u00edndices de reajuste anual n\u00e3o aplicados.<\/p>\n<p style=\"text-align: justify;\"><strong>3.<\/strong> Em que pese a avalia\u00e7\u00e3o pessoal deste Delegado, no sentido de que os dois pleitos se revestem de razoabilidade, desde o primeiro segundo de tratativas ficou claro o entendimento de que a defini\u00e7\u00e3o da pol\u00edtica remunerat\u00f3ria do Estado \u00e9 atribui\u00e7\u00e3o de outras inst\u00e2ncias, distintas da SUPCI e at\u00e9 mesmo da SSP, em raz\u00e3o dos \u00f3bvios reflexos em outras categorias e demandas.<\/p>\n<p><strong>4.<\/strong> Tamb\u00e9m tramita pendente de an\u00e1lise final um terceiro projeto, este de iniciativa da SUPCI, o qual versa essencialmente sobre o ajuste da carga hor\u00e1ria e do valor da indeniza\u00e7\u00e3o por plant\u00e3o aos patamares concedidos \u00e0 Pol\u00edcia Militar. O mesmo projeto tamb\u00e9m traz a previs\u00e3o da indeniza\u00e7\u00e3o pelo ac\u00famulo de Delegacias e uma reestrutura\u00e7\u00e3o do cargos em comiss\u00e3o da SUPCI, para suprir lacunas e distor\u00e7\u00f5es tais como a inexist\u00eancia real dos cargos de Delegado Regional;<\/p>\n<p style=\"text-align: justify;\"><strong>5.<\/strong> Considerando as naturais dificuldades de negocia\u00e7\u00f5es deste porte, bem como as restri\u00e7\u00f5es or\u00e7ament\u00e1rias de Sergipe, este Delegado Geral informou ao Governo que n\u00e3o faz restri\u00e7\u00e3o \u00e0 supress\u00e3o integral de qualquer altera\u00e7\u00e3o na estrutura de cargos, preservando os dispositivos que s\u00e3o de interesse institucional.<\/p>\n<p style=\"text-align: justify;\"><strong>6.<\/strong> Embora isso n\u00e3o seja integralmente compreendido por alguns colegas, a atua\u00e7\u00e3o do Delegado Geral deve ser impessoal e baseada nos interesses institucionais e, acima de tudo, dos cidad\u00e3os sergipanos.<\/p>\n<p style=\"text-align: justify;\"><strong>7.<\/strong> Antes mesmo da decis\u00e3o da ADEPOL de suspender plant\u00f5es extraordin\u00e1rios, a categoria foi informada de que seriam adotadas as provid\u00eancias indispens\u00e1veis para garantir o atendimento ao cidad\u00e3o e o respeito \u00e0 legisla\u00e7\u00e3o vigente. A escala de plant\u00f5es foi divulgada com a anteced\u00eancia devida e vem sendo cumprida sem restri\u00e7\u00f5es h\u00e1 mais de um ano. Considerando a possibilidade de d\u00favida ante a manifesta\u00e7\u00e3o da entidade classista, foi expedida Ordem de Servi\u00e7o com o mesmo teor da escala j\u00e1 publicada, at\u00e9 para maior tranquilidade do profissional escalado diante da press\u00e3o sindical;<\/p>\n<p style=\"text-align: justify;\"><strong>8.<\/strong> A legisla\u00e7\u00e3o vigente, recentemente interpretada pelo STF, n\u00e3o garante \u00e0s categorias policiais o direito de greve, em raz\u00e3o da natureza do servi\u00e7o prestado. O n\u00e3o comparecimento a plant\u00e3o para o qual se estava escalado, sob justificativa de manifesta\u00e7\u00e3o ou protesto, n\u00e3o encontra amparo legal.<\/p>\n<p style=\"text-align: justify;\"><strong>9.<\/strong> Essa gest\u00e3o da Pol\u00edcia Civil se caracteriza pela observ\u00e2ncia indistinta das normas legais, sem direcionamentos ou personalismos. Essa caracter\u00edstica assegura que as investiga\u00e7\u00f5es contra poderosos sejam realizadas com a mesma intensidade outrora dedicada apenas \u00e0 criminalidade de rua.<\/p>\n<p style=\"text-align: justify;\"><strong>11.<\/strong> Evidente que essa postura de trabalho incomoda diversos segmentos da sociedade, historicamente resguardados.<br \/>\nTodavia, garanto que o trabalho continuar\u00e1 a ser realizado da mesma forma at\u00e9 o \u00faltimo dia da gest\u00e3o, com base em princ\u00edpios \u00e9ticos e legais inarred\u00e1veis.<\/p>\n<p style=\"text-align: justify;\"><strong>Acompanhe tamb\u00e9m o SE Not\u00edcias no<\/strong><span class=\"apple-converted-space\"><b>\u00a0<\/b><\/span><a href=\"https:\/\/twitter.com\/Senoticias\" target=\"_blank\"><b>Twitter<\/b><\/a><strong>,<\/strong><span class=\"apple-converted-space\"><b>\u00a0<\/b><\/span><a href=\"https:\/\/www.facebook.com\/senoticias1\" target=\"_blank\"><b>Facebook<\/b><span class=\"apple-converted-space\"><b>\u00a0<\/b><\/span><\/a><strong>e no<\/strong><span class=\"apple-converted-space\"><b>\u00a0<\/b><\/span><a href=\"https:\/\/www.instagram.com\/senoticias\/\" target=\"_blank\"><b>Instagram<\/b><\/a><\/p>\n<p style=\"text-align: justify;\"><img loading=\"lazy\" decoding=\"async\" class=\"aligncenter size-full wp-image-102349\" src=\"http:\/\/senoticias.com.br\/se\/wp-content\/uploads\/2017\/04\/Logo-fone-1-2-1-2-4-6.jpg\" alt=\"Logo-fone-1-2-1-2-4-6\" width=\"599\" height=\"78\" srcset=\"https:\/\/senoticias.com.br\/se\/wp-content\/uploads\/2017\/04\/Logo-fone-1-2-1-2-4-6.jpg 599w, https:\/\/senoticias.com.br\/se\/wp-content\/uploads\/2017\/04\/Logo-fone-1-2-1-2-4-6-300x39.jpg 300w\" sizes=\"(max-width: 599px) 100vw, 599px\" \/><\/p>\n<p><em>Alessandro Vieira\/Delegado Geral da Pol\u00edcia Civil de Sergipe<\/em><\/p>\n","protected":false},"excerpt":{"rendered":"<p>&nbsp; O Delegado Geral da PCSE esclarece, considerando o teor de not\u00edcias inver\u00eddicas ou deturpadas que est\u00e3o sendo veiculadas na m\u00eddia: 1. O Governo do estado recebeu e vem analisando, desde o ano passado, propostas de revis\u00e3o remunerat\u00f3ria apresentadas separadamente pela Associa\u00e7\u00e3o dos Delegados de Pol\u00edcia Civil &#8211; ADEPOL e pelo Sindicato de Policiais Civis [&hellip;]<\/p>\n","protected":false},"author":2,"featured_media":102364,"comment_status":"closed","ping_status":"closed","sticky":false,"template":"","format":"standard","meta":{"footnotes":""},"categories":[15],"tags":[2879,2880,2881],"class_list":{"0":"post-102362","1":"post","2":"type-post","3":"status-publish","4":"format-standard","5":"has-post-thumbnail","7":"category-destaques","8":"tag-delegado-geral","9":"tag-emite-nota","10":"tag-noticias-inveridicas"},"_links":{"self":[{"href":"https:\/\/senoticias.com.br\/se\/wp-json\/wp\/v2\/posts\/102362"}],"collection":[{"href":"https:\/\/senoticias.com.br\/se\/wp-json\/wp\/v2\/posts"}],"about":[{"href":"https:\/\/senoticias.com.br\/se\/wp-json\/wp\/v2\/types\/post"}],"author":[{"embeddable":true,"href":"https:\/\/senoticias.com.br\/se\/wp-json\/wp\/v2\/users\/2"}],"replies":[{"embeddable":true,"href":"https:\/\/senoticias.com.br\/se\/wp-json\/wp\/v2\/comments?post=102362"}],"version-history":[{"count":0,"href":"https:\/\/senoticias.com.br\/se\/wp-json\/wp\/v2\/posts\/102362\/revisions"}],"wp:featuredmedia":[{"embeddable":true,"href":"https:\/\/senoticias.com.br\/se\/wp-json\/wp\/v2\/media\/102364"}],"wp:attachment":[{"href":"https:\/\/senoticias.com.br\/se\/wp-json\/wp\/v2\/media?parent=102362"}],"wp:term":[{"taxonomy":"category","embeddable":true,"href":"https:\/\/senoticias.com.br\/se\/wp-json\/wp\/v2\/categories?post=102362"},{"taxonomy":"post_tag","embeddable":true,"href":"https:\/\/senoticias.com.br\/se\/wp-json\/wp\/v2\/tags?post=102362"}],"curies":[{"name":"wp","href":"https:\/\/api.w.org\/{rel}","templated":true}]}}