{"id":102342,"date":"2017-04-15T12:07:42","date_gmt":"2017-04-15T15:07:42","guid":{"rendered":"http:\/\/senoticias.com.br\/se\/?p=102342"},"modified":"2017-04-16T18:44:48","modified_gmt":"2017-04-16T21:44:48","slug":"populacao-de-nossa-senhora-do-socorro-mantem-tradicao-religiosa","status":"publish","type":"post","link":"https:\/\/senoticias.com.br\/se\/populacao-de-nossa-senhora-do-socorro-mantem-tradicao-religiosa\/","title":{"rendered":"Popula\u00e7\u00e3o de Nossa Senhora do Socorro mant\u00e9m tradi\u00e7\u00e3o religiosa"},"content":{"rendered":"<p style=\"text-align: justify;\">A popula\u00e7\u00e3o de Nossa Senhora do Socorro, munic\u00edpio vizinho da capital Aracaju, manteve as tradi\u00e7\u00f5es religiosas da Semana Santa. Na Sexta-feira da Paix\u00e3o os fi\u00e9is passaram o dia em adora\u00e7\u00e3o. \u00c0 noite, a via sacra saiu da Par\u00f3quia S\u00e3o Jo\u00e3o Batista at\u00e9 a Capela Nossa Senhora das Dores, ambas no Conjunto Jo\u00e3o Alves, simbolizando o caminho de Jesus at\u00e9 a crucifica\u00e7\u00e3o. \u00c0s oito horas, na Avenida principal do Conjunto, os jovens encenaram a tradicional pe\u00e7a da Paix\u00e3o de Cristo.<\/p>\n<div id=\"attachment_102343\" style=\"width: 609px\" class=\"wp-caption aligncenter\"><img loading=\"lazy\" decoding=\"async\" aria-describedby=\"caption-attachment-102343\" class=\"size-full wp-image-102343\" src=\"http:\/\/senoticias.com.br\/se\/wp-content\/uploads\/2017\/04\/Socorro-matem-tradicao-religiosa-senoticias-e1492268723176.jpeg\" alt=\"ocorro matem tradi\u00e7\u00e3o religiosa 9foto: senoticias)\" width=\"599\" height=\"449\" \/><p id=\"caption-attachment-102343\" class=\"wp-caption-text\">ocorro matem tradi\u00e7\u00e3o religiosa (foto: SE Noticias)<\/p><\/div>\n<p style=\"text-align: justify;\">No s\u00e1bado de aleluia, 15, haver\u00e1 a missa, \u00e0s 19h, e a renova\u00e7\u00e3o do batismo. Os fi\u00e9is levam velas. O s\u00e1bado tamb\u00e9m \u00e9 o dia de retirar o v\u00e9u roxo que cobre as imagens dos santos durante a Semana Santa, um sinal de luto e penit\u00eancia.<\/p>\n<p style=\"text-align: justify;\">No domingo de P\u00e1scoa, a Par\u00f3quia do Conjunto estar\u00e1 em festa. Al\u00e9m das duas missas que celebram a ressurrei\u00e7\u00e3o de Jesus, depois da missa das 19h haver\u00e1 um sop\u00e3o para ajudar nas obras da Capela. A entrada custa $10,00.<\/p>\n<p style=\"text-align: justify;\">A acolhedora S\u00f4nia Maria explica que as cerim\u00f4nias que acontecem durante a Semana Santa s\u00e3o carregadas de simbologia para os cat\u00f3licos. &#8220;Na adora\u00e7\u00e3o da Sexta-feira Santa as pessoas beijam a imagem do Cristo como demonstra\u00e7\u00e3o de amor e devo\u00e7\u00e3o. A via sacra representa a morte de Jesus e o sofrimento da Virgem Maria. E no domingo \u00e9 a festa maior da ressurrei\u00e7\u00e3o do Senhor&#8221; explica Dona S\u00f4nia.<\/p>\n<p style=\"text-align: justify;\"><img loading=\"lazy\" decoding=\"async\" class=\"aligncenter size-full wp-image-102041\" src=\"http:\/\/senoticias.com.br\/se\/wp-content\/uploads\/2017\/03\/Logo-fone-1-2-1-2-4-6.jpg\" alt=\"Logo-fone-1-2-1-2-4\" width=\"599\" height=\"78\" srcset=\"https:\/\/senoticias.com.br\/se\/wp-content\/uploads\/2017\/03\/Logo-fone-1-2-1-2-4-6.jpg 599w, https:\/\/senoticias.com.br\/se\/wp-content\/uploads\/2017\/03\/Logo-fone-1-2-1-2-4-6-300x39.jpg 300w\" sizes=\"(max-width: 599px) 100vw, 599px\" \/><\/p>\n<p style=\"text-align: justify;\"><strong>Acompanhe tamb\u00e9m o SE Not\u00edcias no<\/strong><span class=\"apple-converted-space\"><b>\u00a0<\/b><\/span><a href=\"https:\/\/twitter.com\/Senoticias\" target=\"_blank\"><b>Twitter<\/b><\/a><strong>,<\/strong><span class=\"apple-converted-space\"><b>\u00a0<\/b><\/span><a href=\"https:\/\/www.facebook.com\/senoticias1\" target=\"_blank\"><b>Facebook<\/b><span class=\"apple-converted-space\"><b>\u00a0<\/b><\/span><\/a><strong>e no<\/strong><span class=\"apple-converted-space\"><b>\u00a0<\/b><\/span><a href=\"https:\/\/www.instagram.com\/senoticias\/\" target=\"_blank\"><b>Instagram<\/b><\/a><\/p>\n<p style=\"text-align: justify;\"><em>Reda\u00e7\u00e3o SE Not\u00edcias<\/em><\/p>\n","protected":false},"excerpt":{"rendered":"<p>A popula\u00e7\u00e3o de Nossa Senhora do Socorro, munic\u00edpio vizinho da capital Aracaju, manteve as tradi\u00e7\u00f5es religiosas da Semana Santa. Na Sexta-feira da Paix\u00e3o os fi\u00e9is passaram o dia em adora\u00e7\u00e3o. \u00c0 noite, a via sacra saiu da Par\u00f3quia S\u00e3o Jo\u00e3o Batista at\u00e9 a Capela Nossa Senhora das Dores, ambas no Conjunto Jo\u00e3o Alves, simbolizando o [&hellip;]<\/p>\n","protected":false},"author":2,"featured_media":102343,"comment_status":"closed","ping_status":"closed","sticky":false,"template":"","format":"standard","meta":{"footnotes":""},"categories":[38,46],"tags":[2650,2861,2860],"class_list":{"0":"post-102342","1":"post","2":"type-post","3":"status-publish","4":"format-standard","5":"has-post-thumbnail","7":"category-municipios","8":"category-religiao","9":"tag-nossa-senhora-do-socorro","10":"tag-populacao","11":"tag-tradicao-religiosa"},"_links":{"self":[{"href":"https:\/\/senoticias.com.br\/se\/wp-json\/wp\/v2\/posts\/102342"}],"collection":[{"href":"https:\/\/senoticias.com.br\/se\/wp-json\/wp\/v2\/posts"}],"about":[{"href":"https:\/\/senoticias.com.br\/se\/wp-json\/wp\/v2\/types\/post"}],"author":[{"embeddable":true,"href":"https:\/\/senoticias.com.br\/se\/wp-json\/wp\/v2\/users\/2"}],"replies":[{"embeddable":true,"href":"https:\/\/senoticias.com.br\/se\/wp-json\/wp\/v2\/comments?post=102342"}],"version-history":[{"count":0,"href":"https:\/\/senoticias.com.br\/se\/wp-json\/wp\/v2\/posts\/102342\/revisions"}],"wp:featuredmedia":[{"embeddable":true,"href":"https:\/\/senoticias.com.br\/se\/wp-json\/wp\/v2\/media\/102343"}],"wp:attachment":[{"href":"https:\/\/senoticias.com.br\/se\/wp-json\/wp\/v2\/media?parent=102342"}],"wp:term":[{"taxonomy":"category","embeddable":true,"href":"https:\/\/senoticias.com.br\/se\/wp-json\/wp\/v2\/categories?post=102342"},{"taxonomy":"post_tag","embeddable":true,"href":"https:\/\/senoticias.com.br\/se\/wp-json\/wp\/v2\/tags?post=102342"}],"curies":[{"name":"wp","href":"https:\/\/api.w.org\/{rel}","templated":true}]}}