{"id":102340,"date":"2017-04-15T10:18:34","date_gmt":"2017-04-15T13:18:34","guid":{"rendered":"http:\/\/senoticias.com.br\/se\/?p=102340"},"modified":"2017-04-16T17:00:42","modified_gmt":"2017-04-16T20:00:42","slug":"odebrecht-pagou-us-33-bilhoes-em-propina-de-2006-a-2014-diz-delator","status":"publish","type":"post","link":"https:\/\/senoticias.com.br\/se\/odebrecht-pagou-us-33-bilhoes-em-propina-de-2006-a-2014-diz-delator\/","title":{"rendered":"Odebrecht pagou US$ 3,3 bilh\u00f5es em propina de 2006 a 2014, diz delator"},"content":{"rendered":"<p style=\"text-align: justify;\">O setor destinado ao pagamento de propinas da Odebrecht movimentou cerca de US$ 3,370 bilh\u00f5es (R$ 10,6 bilh\u00f5es) entre 2006 e 2014. O n\u00famero consta de uma tabela entregue \u00e0 Procuradoria Geral da Rep\u00fablica (PGR) pelo ex-executivo do grupo Hilberto Mascarenhas, respons\u00e1vel pela chamada \u00c1rea de Opera\u00e7\u00f5es Estruturada, que realizava o controle de vantagens indevidas pagas a pol\u00edticos.<\/p>\n<div id=\"attachment_102341\" style=\"width: 609px\" class=\"wp-caption aligncenter\"><img loading=\"lazy\" decoding=\"async\" aria-describedby=\"caption-attachment-102341\" class=\"size-full wp-image-102341\" src=\"http:\/\/senoticias.com.br\/se\/wp-content\/uploads\/2017\/04\/odebrecht-senoticias-e1492262177144.jpg\" alt=\"Executivo respons\u00e1vel pela \u00e1rea disse que alertou presidente do grupo sobre o risco das movimenta\u00e7\u00f5es: 'Suic\u00eddio financeiro, suic\u00eddio de risco, suic\u00eddio de seguran\u00e7a, suic\u00eddio de tudo'.\" width=\"599\" height=\"337\" \/><p id=\"caption-attachment-102341\" class=\"wp-caption-text\">Executivo respons\u00e1vel pela \u00e1rea disse que alertou presidente do grupo sobre o risco das movimenta\u00e7\u00f5es: &#8216;Suic\u00eddio financeiro, suic\u00eddio de risco, suic\u00eddio de seguran\u00e7a, suic\u00eddio de tudo&#8217; (foto arte\/G1)<\/p><\/div>\n<div class=\"mc-column content-text active-extra-styles \" data-block-type=\"unstyled\" data-block-weight=\"46\">\n<p class=\"content-text__container \" style=\"text-align: justify;\" data-track-category=\"Link no Texto\" data-track-links=\"\">Em depoimento aos investigadores da Opera\u00e7\u00e3o Lava Jato (veja no v\u00eddeo acima), ele contou que chegou a alertar o presidente do grupo, Marcelo Odebrecht, para o volume do dinheiro, que alcan\u00e7ou, tanto em 2012 quanto em 2013, US$ 730 milh\u00f5es (R$ 2,2 bilh\u00f5es, na cota\u00e7\u00e3o atual).<\/p>\n<\/div>\n<div class=\"mc-column content-text active-extra-styles \" data-block-type=\"unstyled\" data-block-weight=\"29\">\n<p class=\"content-text__container \" style=\"text-align: justify;\" data-track-category=\"Link no Texto\" data-track-links=\"\">No depoimento, o procurador questiona o motivo da queda, no ano seguinte, para US$ 450 milh\u00f5es e Hilberto diz que a movimenta\u00e7\u00e3o trazia risco de &#8220;suic\u00eddio&#8221; para a empresa.<\/p>\n<\/div>\n<div class=\"mc-column content-text active-extra-styles \" data-block-type=\"unstyled\" data-block-weight=\"81\">\n<p class=\"content-text__container \" style=\"text-align: justify;\" data-track-category=\"Link no Texto\" data-track-links=\"\">&#8220;Sabe por qu\u00ea? Porque eu tava de saco cheio de falar. E a\u00ed eu pressionei. Os outros anos eu falava, falava que eu estava preocupado, estava preocupado, muita gente participando desse assunto nas obras &#8230; Eu fui a Marcelo v\u00e1rias vezes. Marcelo, \u00f3 pra isso? N\u00e3o tem condi\u00e7\u00e3o. 730 milh\u00f5es de d\u00f3lares \u00e9 mais de bilh\u00e3o [de reais]. Nenhum mercado tem isso em disponibilidade de dinheiro por fora e nem tem como voc\u00ea operar isso, rapaz. Isso aqui \u00e9 suic\u00eddio&#8221;, disse.<\/p>\n<\/div>\n<div class=\"mc-column content-text active-extra-styles \" data-block-type=\"unstyled\" data-block-weight=\"6\">\n<p class=\"content-text__container \" data-track-category=\"Link no Texto\" data-track-links=\"\">&#8220;Suic\u00eddio financeiro suponho?&#8221;, emenda o procurador.<\/p>\n<\/div>\n<div class=\"mc-column content-text active-extra-styles \" data-block-type=\"unstyled\" data-block-weight=\"60\">\n<p class=\"content-text__container \" data-track-category=\"Link no Texto\" data-track-links=\"\">&#8220;Suic\u00eddio financeiro, suic\u00eddio de risco, suic\u00eddio de seguran\u00e7a, suic\u00eddio de tudo&#8221;, completa o ex-executivo. &#8220;Eu pedia um formalismo, entendeu? A quest\u00e3o n\u00e3o era o dinheiro. Era um formalismo. Vamos tratar esse assunto como um extra, como uma necessidade. Isso n\u00e3o \u00e9 voc\u00ea ter o prazer de comprar algu\u00e9m. J\u00e1 estava virando o cara ter o prazer de comprar algu\u00e9m&#8221;, narrou.<\/p>\n<\/div>\n<div class=\"content-ads content-ads--reveal\">\n<div class=\"mc-column content-text active-extra-styles \" data-block-type=\"unstyled\" data-block-weight=\"43\">\n<p class=\"content-text__container \" style=\"text-align: justify;\" data-track-category=\"Link no Texto\" data-track-links=\"\">Em outro trecho, o respons\u00e1vel pelo departamento de propina explica que os pagamentos, para brasileiros ou estrangeiros de v\u00e1rios pa\u00edses onde a Odebrecht tinha obras, era quase todo feito via offshores, empresas que s\u00e3o criadas em para\u00edsos fiscais apenas pra essas opera\u00e7\u00f5es financeiras.<\/p>\n<\/div>\n<div class=\"mc-column content-text active-extra-styles \" style=\"text-align: justify;\" data-block-type=\"unstyled\" data-block-weight=\"43\">\n<p class=\"content-text__container \" data-track-category=\"Link no Texto\" data-track-links=\"\">O volume de pagamentos era t\u00e3o grande que foi preciso contratar um funcion\u00e1rio s\u00f3 para administrar os valores. Hilberto explicou que, por ordem de Marcelo Odebrecht, as propinas s\u00f3 podiam ser pagas naquelas obras cujos pagamentos j\u00e1 haviam sido efetuados para a empreiteira.<\/p>\n<\/div>\n<div class=\"mc-column content-text active-extra-styles \" style=\"text-align: justify;\" data-block-type=\"unstyled\" data-block-weight=\"42\">\n<p class=\"content-text__container \" data-track-category=\"Link no Texto\" data-track-links=\"\">&#8220;Ele [funcion\u00e1rio] tinha um papel determinado por Marcelo, que n\u00e3o desse andamento a nenhuma solicita\u00e7\u00e3o, de nenhuma obra, que tivesse conta corrente negativa. Acho que o que ele queria era for\u00e7ar aquela obra a correr atr\u00e1s de regularizar a conta corrente&#8221;, afirmou.<\/p>\n<\/div>\n<div class=\"mc-column content-text active-extra-styles \" style=\"text-align: justify;\" data-block-type=\"unstyled\" data-block-weight=\"26\">\n<p class=\"content-text__container \" data-track-category=\"Link no Texto\" data-track-links=\"\">O executivo ainda conta que depois tentou convencer o presidente do grupo a autorizar repasses de propina antes do pagamento pela obra, de forma a viabiliz\u00e1-lo.<\/p>\n<\/div>\n<div class=\"mc-column content-text active-extra-styles \" data-block-type=\"unstyled\" data-block-weight=\"73\">\n<p class=\"content-text__container \" style=\"text-align: justify;\" data-track-category=\"Link no Texto\" data-track-links=\"\">&#8220;Se voc\u00ea pro\u00edbe que ele receba esse dinheiro, ele n\u00e3o vai receber a fatura, ele vai continuar sempre negativo&#8230; &#8216;N\u00e3o, mas eu quero que ele corra atr\u00e1s&#8217;, ele dizia, &#8216;sem precisar dar nada&#8217;&#8230; Isso \u00e9 um sonho na noite de ver\u00e3o n\u00e9, porque n\u00e3o era assim que funcionava. Esperamos que no futuro mude, mas as tesourarias dos \u00f3rg\u00e3os n\u00e3o funcionavam assim&#8230; Se n\u00e3o me der o meu, n\u00e3o sai aqui o pagamento&#8221;, contou.<\/p>\n<p class=\"content-text__container \" style=\"text-align: justify;\" data-track-category=\"Link no Texto\" data-track-links=\"\"><img loading=\"lazy\" decoding=\"async\" class=\"aligncenter size-full wp-image-102041\" src=\"http:\/\/senoticias.com.br\/se\/wp-content\/uploads\/2017\/03\/Logo-fone-1-2-1-2-4-6.jpg\" alt=\"Logo-fone-1-2-1-2-4\" width=\"599\" height=\"78\" srcset=\"https:\/\/senoticias.com.br\/se\/wp-content\/uploads\/2017\/03\/Logo-fone-1-2-1-2-4-6.jpg 599w, https:\/\/senoticias.com.br\/se\/wp-content\/uploads\/2017\/03\/Logo-fone-1-2-1-2-4-6-300x39.jpg 300w\" sizes=\"(max-width: 599px) 100vw, 599px\" \/><\/p>\n<p class=\"content-text__container \" style=\"text-align: justify;\" data-track-category=\"Link no Texto\" data-track-links=\"\"><strong>Acompanhe tamb\u00e9m o SE Not\u00edcias no<\/strong><span class=\"apple-converted-space\"><b>\u00a0<\/b><\/span><a href=\"https:\/\/twitter.com\/Senoticias\" target=\"_blank\"><b>Twitter<\/b><\/a><strong>,<\/strong><span class=\"apple-converted-space\"><b>\u00a0<\/b><\/span><a href=\"https:\/\/www.facebook.com\/senoticias1\" target=\"_blank\"><b>Facebook<\/b><span class=\"apple-converted-space\"><b>\u00a0<\/b><\/span><\/a><strong>e no<\/strong><span class=\"apple-converted-space\"><b>\u00a0<\/b><\/span><a href=\"https:\/\/www.instagram.com\/senoticias\/\" target=\"_blank\"><b>Instagram<\/b><\/a><\/p>\n<p class=\"content-text__container \" style=\"text-align: justify;\" data-track-category=\"Link no Texto\" data-track-links=\"\"><em>Por <a href=\"http:\/\/g1.globo.com\/politica\/operacao-lava-jato\/noticia\/setor-de-propinas-da-odebrecht-movimentou-us-33-bilhoes-de-2006-a-2014-diz-delator.ghtml\"><strong>G1<\/strong><\/a>, Bras\u00edlia<\/em><\/p>\n<\/div>\n<\/div>\n","protected":false},"excerpt":{"rendered":"<p>O setor destinado ao pagamento de propinas da Odebrecht movimentou cerca de US$ 3,370 bilh\u00f5es (R$ 10,6 bilh\u00f5es) entre 2006 e 2014. O n\u00famero consta de uma tabela entregue \u00e0 Procuradoria Geral da Rep\u00fablica (PGR) pelo ex-executivo do grupo Hilberto Mascarenhas, respons\u00e1vel pela chamada \u00c1rea de Opera\u00e7\u00f5es Estruturada, que realizava o controle de vantagens indevidas [&hellip;]<\/p>\n","protected":false},"author":2,"featured_media":102341,"comment_status":"closed","ping_status":"closed","sticky":false,"template":"","format":"standard","meta":{"footnotes":""},"categories":[6],"tags":[1193,2841,389,2859],"class_list":{"0":"post-102340","1":"post","2":"type-post","3":"status-publish","4":"format-standard","5":"has-post-thumbnail","7":"category-politica","8":"tag-3-bilhoes-em-2015","9":"tag-delator","10":"tag-odebrecht","11":"tag-propina"},"_links":{"self":[{"href":"https:\/\/senoticias.com.br\/se\/wp-json\/wp\/v2\/posts\/102340"}],"collection":[{"href":"https:\/\/senoticias.com.br\/se\/wp-json\/wp\/v2\/posts"}],"about":[{"href":"https:\/\/senoticias.com.br\/se\/wp-json\/wp\/v2\/types\/post"}],"author":[{"embeddable":true,"href":"https:\/\/senoticias.com.br\/se\/wp-json\/wp\/v2\/users\/2"}],"replies":[{"embeddable":true,"href":"https:\/\/senoticias.com.br\/se\/wp-json\/wp\/v2\/comments?post=102340"}],"version-history":[{"count":0,"href":"https:\/\/senoticias.com.br\/se\/wp-json\/wp\/v2\/posts\/102340\/revisions"}],"wp:featuredmedia":[{"embeddable":true,"href":"https:\/\/senoticias.com.br\/se\/wp-json\/wp\/v2\/media\/102341"}],"wp:attachment":[{"href":"https:\/\/senoticias.com.br\/se\/wp-json\/wp\/v2\/media?parent=102340"}],"wp:term":[{"taxonomy":"category","embeddable":true,"href":"https:\/\/senoticias.com.br\/se\/wp-json\/wp\/v2\/categories?post=102340"},{"taxonomy":"post_tag","embeddable":true,"href":"https:\/\/senoticias.com.br\/se\/wp-json\/wp\/v2\/tags?post=102340"}],"curies":[{"name":"wp","href":"https:\/\/api.w.org\/{rel}","templated":true}]}}