{"id":102329,"date":"2017-04-13T21:07:40","date_gmt":"2017-04-14T00:07:40","guid":{"rendered":"http:\/\/senoticias.com.br\/se\/?p=102329"},"modified":"2017-04-14T17:27:52","modified_gmt":"2017-04-14T20:27:52","slug":"jackson-barreto-acompanha-missa-dos-santos-oleos-nesta-quinta-13","status":"publish","type":"post","link":"https:\/\/senoticias.com.br\/se\/jackson-barreto-acompanha-missa-dos-santos-oleos-nesta-quinta-13\/","title":{"rendered":"Jackson Barreto acompanha Missa dos Santos \u00d3leos nesta quinta, 13"},"content":{"rendered":"<div class=\"m_6124420900569066792abstract\">\n<p style=\"text-align: justify;\">Na manh\u00e3 desta quinta-feira, 13, o governador Jackson Barreto acompanhou, na Catedral Metropolitana, a Missa dos Santos \u00d3leos, presidida pelo Arcebispo Dom Jo\u00e3o Costa. Na ocasi\u00e3o, dezenas de sacerdotes estavam reunidos para renovar suas promessas sacerdotais.<\/p>\n<div id=\"attachment_102330\" style=\"width: 609px\" class=\"wp-caption aligncenter\"><img loading=\"lazy\" decoding=\"async\" aria-describedby=\"caption-attachment-102330\" class=\"size-full wp-image-102330\" src=\"http:\/\/senoticias.com.br\/se\/wp-content\/uploads\/2017\/04\/Jackson-acompanha-missa-senoticias-e1492128296581.jpg\" alt=\"Na ocasi\u00e3o, dezenas de sacerdotes estavam reunidos para renovar suas promessas sacerdotais\" width=\"599\" height=\"399\" \/><p id=\"caption-attachment-102330\" class=\"wp-caption-text\">Na ocasi\u00e3o, dezenas de sacerdotes estavam reunidos para renovar suas promessas sacerdotais (foto: Andr\u00e9 Moreira\/ASN)<\/p><\/div>\n<p style=\"text-align: justify;\">\u201cVoc\u00ea buscar sempre o conforto da palavra de Deus \u00e9 fortalece-se e criar for\u00e7as para fazer a travessia nos momentos de dificuldade. Vim aqui nessa missa dos santos \u00f3leos, essa manifesta\u00e7\u00e3o bonita e tradicional da igreja Cat\u00f3lica, da renova\u00e7\u00e3o dos votos de todo clero da Arquidiocese de Aracaju. Como cat\u00f3lico e, acima de tudo, crist\u00e3o, estou muito feliz. Nessa Semana Santa pe\u00e7o a Deus, em sua infinita bondade, que nos aben\u00e7oe, aben\u00e7oe nosso estado e nosso povo. E voc\u00ea vir \u00e0 igreja, aos p\u00e9s do senhor, \u00e9 fazer uma reflex\u00e3o sobre a vida, as dificuldades e os problemas, sempre pedindo a prote\u00e7\u00e3o de Jesus. Aproveito para desejar uma Feliz P\u00e1scoa para todo povo sergipano\u201d, declarou o governador.<\/p>\n<p style=\"text-align: justify;\">O arcebispo Dom Jo\u00e3o Costa explicou que na missa de hoje acontece a reuni\u00e3o de todos os sacerdotes e a ben\u00e7\u00e3o dos \u00f3leos dos enfermos e dos catec\u00famenos. \u201c\u00c9 uma celebra\u00e7\u00e3o muito importante. \u00c9 a consagra\u00e7\u00e3o do \u00f3leo do Crisma. E assim, nesta celebra\u00e7\u00e3o eucar\u00edstica e em comunh\u00e3o, os bispos, diocesanos e sacerdotes renovam suas promessas sacerdotais. De modo que \u00e9 um momento muito significativo, no qual \u00e9 expressada a comunh\u00e3o da igreja entre o pastor e seu rebanho\/presbit\u00e9rio. Dessa forma se celebra esse primeiro momento\u201d, relatou.<\/p>\n<p style=\"text-align: justify;\">Ao fim da celebra\u00e7\u00e3o, houve an\u00fancio sobre a retomada da reforma da Catedral e Jackson Barreto se manifestou sobre o assunto. \u201cFiquei feliz com o an\u00fancio do rein\u00edcio das obras, que est\u00e3o sendo orientadas atrav\u00e9s da Secretaria do Estado de Infraestrutura (Seinfra)\u201d. Em setembro do ano passado, o\u00a0governador esteve em Bras\u00edlia\u00a0e conversou com a secret\u00e1ria executiva do Minist\u00e9rio da Cultura, Mariana Ribas, para solicitar ajuda com rela\u00e7\u00e3o \u00e0 interven\u00e7\u00e3o na Catedral.<\/p>\n<p style=\"text-align: justify;\"><strong>Catedral<\/strong><\/p>\n<p style=\"text-align: justify;\">Em 2011, atendendo \u00e0 solicita\u00e7\u00e3o da Arquidiocese de Aracaju, o Governo do Estado realizou vistoria na Catedral, quando se constatou a necessidade da realiza\u00e7\u00e3o da restaura\u00e7\u00e3o, pois o im\u00f3vel apresentava s\u00e9rios problemas em sua estrutura f\u00edsica. No ano seguinte, a gest\u00e3o estadual decidiu apoiar a recupera\u00e7\u00e3o do patrim\u00f4nio hist\u00f3rico, viabilizando o repasse, por meio do Banese, de R$ 1.000.000\u00a0para a realiza\u00e7\u00e3o das primeiras interven\u00e7\u00f5es. Adicionalmente, as obras de reforma da Catedral receberam da Assembleia Legislativa de Sergipe subven\u00e7\u00e3o no valor de R$ 1.075.000.<\/p>\n<p style=\"text-align: justify;\"><img loading=\"lazy\" decoding=\"async\" class=\"aligncenter size-full wp-image-102041\" src=\"http:\/\/senoticias.com.br\/se\/wp-content\/uploads\/2017\/03\/Logo-fone-1-2-1-2-4-6.jpg\" alt=\"Logo-fone-1-2-1-2-4\" width=\"599\" height=\"78\" srcset=\"https:\/\/senoticias.com.br\/se\/wp-content\/uploads\/2017\/03\/Logo-fone-1-2-1-2-4-6.jpg 599w, https:\/\/senoticias.com.br\/se\/wp-content\/uploads\/2017\/03\/Logo-fone-1-2-1-2-4-6-300x39.jpg 300w\" sizes=\"(max-width: 599px) 100vw, 599px\" \/><\/p>\n<p style=\"text-align: justify;\"><strong>Acompanhe tamb\u00e9m o SE Not\u00edcias no<\/strong><span class=\"apple-converted-space\"><b>\u00a0<\/b><\/span><a href=\"https:\/\/twitter.com\/Senoticias\" target=\"_blank\"><b>Twitter<\/b><\/a><strong>,<\/strong><span class=\"apple-converted-space\"><b>\u00a0<\/b><\/span><a href=\"https:\/\/www.facebook.com\/senoticias1\" target=\"_blank\"><b>Facebook<\/b><span class=\"apple-converted-space\"><b>\u00a0<\/b><\/span><\/a><strong>e no<\/strong><span class=\"apple-converted-space\"><b>\u00a0<\/b><\/span><a href=\"https:\/\/www.instagram.com\/senoticias\/\" target=\"_blank\"><b>Instagram<\/b><\/a><\/p>\n<p style=\"text-align: justify;\"><em>Ag\u00eancia Sergipe de Not\u00edcias<\/em><\/p>\n<\/div>\n<div class=\"m_6124420900569066792abstract\"><\/div>\n","protected":false},"excerpt":{"rendered":"<p>Na manh\u00e3 desta quinta-feira, 13, o governador Jackson Barreto acompanhou, na Catedral Metropolitana, a Missa dos Santos \u00d3leos, presidida pelo Arcebispo Dom Jo\u00e3o Costa. Na ocasi\u00e3o, dezenas de sacerdotes estavam reunidos para renovar suas promessas sacerdotais. \u201cVoc\u00ea buscar sempre o conforto da palavra de Deus \u00e9 fortalece-se e criar for\u00e7as para fazer a travessia nos [&hellip;]<\/p>\n","protected":false},"author":2,"featured_media":102330,"comment_status":"closed","ping_status":"closed","sticky":false,"template":"","format":"standard","meta":{"footnotes":""},"categories":[6],"tags":[1235,2842,2748,114,2843],"class_list":{"0":"post-102329","1":"post","2":"type-post","3":"status-publish","4":"format-standard","5":"has-post-thumbnail","7":"category-politica","8":"tag-19a-missa-do-cangaco-sera-celebrada-na-grota-do-angico","9":"tag-dos-santos-oleos","10":"tag-governador","11":"tag-jackson-barreto","12":"tag-missa-dos-santos-oleos"},"_links":{"self":[{"href":"https:\/\/senoticias.com.br\/se\/wp-json\/wp\/v2\/posts\/102329"}],"collection":[{"href":"https:\/\/senoticias.com.br\/se\/wp-json\/wp\/v2\/posts"}],"about":[{"href":"https:\/\/senoticias.com.br\/se\/wp-json\/wp\/v2\/types\/post"}],"author":[{"embeddable":true,"href":"https:\/\/senoticias.com.br\/se\/wp-json\/wp\/v2\/users\/2"}],"replies":[{"embeddable":true,"href":"https:\/\/senoticias.com.br\/se\/wp-json\/wp\/v2\/comments?post=102329"}],"version-history":[{"count":0,"href":"https:\/\/senoticias.com.br\/se\/wp-json\/wp\/v2\/posts\/102329\/revisions"}],"wp:featuredmedia":[{"embeddable":true,"href":"https:\/\/senoticias.com.br\/se\/wp-json\/wp\/v2\/media\/102330"}],"wp:attachment":[{"href":"https:\/\/senoticias.com.br\/se\/wp-json\/wp\/v2\/media?parent=102329"}],"wp:term":[{"taxonomy":"category","embeddable":true,"href":"https:\/\/senoticias.com.br\/se\/wp-json\/wp\/v2\/categories?post=102329"},{"taxonomy":"post_tag","embeddable":true,"href":"https:\/\/senoticias.com.br\/se\/wp-json\/wp\/v2\/tags?post=102329"}],"curies":[{"name":"wp","href":"https:\/\/api.w.org\/{rel}","templated":true}]}}