{"id":102325,"date":"2017-04-13T12:02:47","date_gmt":"2017-04-13T15:02:47","guid":{"rendered":"http:\/\/senoticias.com.br\/se\/?p=102325"},"modified":"2017-04-16T16:57:59","modified_gmt":"2017-04-16T19:57:59","slug":"aecio-neves-recebeu-r-30-milhoes-em-propina-no-exterior-diz-delator","status":"publish","type":"post","link":"https:\/\/senoticias.com.br\/se\/aecio-neves-recebeu-r-30-milhoes-em-propina-no-exterior-diz-delator\/","title":{"rendered":"A\u00e9cio Neves recebeu R$ 30 milh\u00f5es em propina no exterior, diz delator; assista"},"content":{"rendered":"<p style=\"text-align: justify;\">O senador mineiro A\u00e9cio Neves, presidente do PSDB, recebeu 30 milh\u00f5es de reais em propina em contas de amigos e empresas no exterior em contrapartida pela atua\u00e7\u00e3o dele em favor da Odebrecht na obra da Usina de Santo Ant\u00f4nio, em Rond\u00f4nia.<\/p>\n<div id=\"attachment_102326\" style=\"width: 609px\" class=\"wp-caption aligncenter\"><img loading=\"lazy\" decoding=\"async\" aria-describedby=\"caption-attachment-102326\" class=\"size-full wp-image-102326\" src=\"http:\/\/senoticias.com.br\/se\/wp-content\/uploads\/2017\/04\/Aecio-Neves-senoticias-e1492095600164.jpg\" alt=\"A\u00e9cio Neves: um dos mais afetados na nova safra de revela\u00e7\u00f5es da Odebrecht (Cristiano Mariz\/VEJA)\" width=\"599\" height=\"399\" \/><p id=\"caption-attachment-102326\" class=\"wp-caption-text\">A\u00e9cio Neves: um dos mais afetados na nova safra de revela\u00e7\u00f5es da Odebrecht (foto: Cristiano Mariz\/VEJA)<\/p><\/div>\n<p style=\"text-align: justify;\">De acordo com o delator Henrique Valadares, o tucano usou as contas de amigos, pessoas indicadas por ele e trusts para receber os cerca de 30 milh\u00f5es de reais. No inicio de abril, VEJA revelou que uma das contas que teria recebido vantagens indevidas era situada em Nova York e controlada pela irm\u00e3 do senador Andrea Neves.<\/p>\n<p style=\"text-align: justify;\">Os pagamentos de propina no exterior foram acertados numa reuni\u00e3o entre Marcelo Odebrecht, A\u00e9cio e Valadares o in\u00edcio de 2008, no Pal\u00e1cio das Mangabeiras, sede do governo mineiro. De acordo com a dela\u00e7\u00e3o de Valadares, A\u00e9cio e Marcelo combinaram os valores, e, afinal do encontro, o tucano informou ao delator que o ex-diretor de Furnas Dimas Toledo iria procura-lo. \u201cAp\u00f3s o encontro, Marcelo me disse no carro que tinha acertado um pagamento com A\u00e9cio em troca de apoio a obras de Jirau\u201d, afirmou.<\/p>\n<p style=\"text-align: justify;\">Alguns dias depois da reuni\u00e3o no Pal\u00e1cio das Mangabeiras, Dimas Toledo encontrou-se com Valadares na sede da Odebrecht no Rio com a demanda do tucano: o pagamento de 30 milh\u00f5es de reais. \u201cOs pagamentos neste caso, ao contr\u00e1rio do que ocorreria, foram todos feitos no exterior. Em contas de amigos ou de empresas ou de trusts ou algo do g\u00eanero\u201d, explicou Valadares em depoimento.<\/p>\n<p><iframe loading=\"lazy\" src=\"https:\/\/www.youtube.com\/embed\/7wyp5JOIRYY\" width=\"560\" height=\"315\" frameborder=\"0\" allowfullscreen=\"allowfullscreen\"><\/iframe><\/p>\n<p style=\"text-align: justify;\"><img loading=\"lazy\" decoding=\"async\" class=\"aligncenter size-full wp-image-102041\" src=\"http:\/\/senoticias.com.br\/se\/wp-content\/uploads\/2017\/03\/Logo-fone-1-2-1-2-4-6.jpg\" alt=\"Logo-fone-1-2-1-2-4\" width=\"599\" height=\"78\" srcset=\"https:\/\/senoticias.com.br\/se\/wp-content\/uploads\/2017\/03\/Logo-fone-1-2-1-2-4-6.jpg 599w, https:\/\/senoticias.com.br\/se\/wp-content\/uploads\/2017\/03\/Logo-fone-1-2-1-2-4-6-300x39.jpg 300w\" sizes=\"(max-width: 599px) 100vw, 599px\" \/><\/p>\n<p style=\"text-align: justify;\"><strong>Acompanhe tamb\u00e9m o SE Not\u00edcias no<\/strong><span class=\"apple-converted-space\"><b>\u00a0<\/b><\/span><a href=\"https:\/\/twitter.com\/Senoticias\" target=\"_blank\"><b>Twitter<\/b><\/a><strong>,<\/strong><span class=\"apple-converted-space\"><b>\u00a0<\/b><\/span><a href=\"https:\/\/www.facebook.com\/senoticias1\" target=\"_blank\"><b>Facebook<\/b><span class=\"apple-converted-space\"><b>\u00a0<\/b><\/span><\/a><strong>e no<\/strong><span class=\"apple-converted-space\"><b>\u00a0<\/b><\/span><a href=\"https:\/\/www.instagram.com\/senoticias\/\" target=\"_blank\"><b>Instagram<\/b><\/a><\/p>\n<p style=\"text-align: justify;\"><em>Por Daniel Pereira, Felipe Fraz\u00e3o, Hugo Marques, Marcela Mattos, Renato Onofre, Robson Bonin, Rodrigo Rangel e Thiago Bronzatto\/<a href=\"http:\/\/veja.abril.com.br\/brasil\/aecio-recebeu-r-30-milhoes-em-propina-em-contas-no-exterior\/\">veja<\/a><\/em><\/p>\n","protected":false},"excerpt":{"rendered":"<p>O senador mineiro A\u00e9cio Neves, presidente do PSDB, recebeu 30 milh\u00f5es de reais em propina em contas de amigos e empresas no exterior em contrapartida pela atua\u00e7\u00e3o dele em favor da Odebrecht na obra da Usina de Santo Ant\u00f4nio, em Rond\u00f4nia. De acordo com o delator Henrique Valadares, o tucano usou as contas de amigos, [&hellip;]<\/p>\n","protected":false},"author":2,"featured_media":102326,"comment_status":"closed","ping_status":"closed","sticky":false,"template":"","format":"standard","meta":{"footnotes":""},"categories":[6],"tags":[2839,2838,2841,385,389,2840],"class_list":{"0":"post-102325","1":"post","2":"type-post","3":"status-publish","4":"format-standard","5":"has-post-thumbnail","7":"category-politica","8":"tag-30-milhoes","9":"tag-aecio-neves","10":"tag-delator","11":"tag-lava-jato","12":"tag-odebrecht","13":"tag-propina-no-exterior"},"_links":{"self":[{"href":"https:\/\/senoticias.com.br\/se\/wp-json\/wp\/v2\/posts\/102325"}],"collection":[{"href":"https:\/\/senoticias.com.br\/se\/wp-json\/wp\/v2\/posts"}],"about":[{"href":"https:\/\/senoticias.com.br\/se\/wp-json\/wp\/v2\/types\/post"}],"author":[{"embeddable":true,"href":"https:\/\/senoticias.com.br\/se\/wp-json\/wp\/v2\/users\/2"}],"replies":[{"embeddable":true,"href":"https:\/\/senoticias.com.br\/se\/wp-json\/wp\/v2\/comments?post=102325"}],"version-history":[{"count":0,"href":"https:\/\/senoticias.com.br\/se\/wp-json\/wp\/v2\/posts\/102325\/revisions"}],"wp:featuredmedia":[{"embeddable":true,"href":"https:\/\/senoticias.com.br\/se\/wp-json\/wp\/v2\/media\/102326"}],"wp:attachment":[{"href":"https:\/\/senoticias.com.br\/se\/wp-json\/wp\/v2\/media?parent=102325"}],"wp:term":[{"taxonomy":"category","embeddable":true,"href":"https:\/\/senoticias.com.br\/se\/wp-json\/wp\/v2\/categories?post=102325"},{"taxonomy":"post_tag","embeddable":true,"href":"https:\/\/senoticias.com.br\/se\/wp-json\/wp\/v2\/tags?post=102325"}],"curies":[{"name":"wp","href":"https:\/\/api.w.org\/{rel}","templated":true}]}}