{"id":102306,"date":"2017-04-12T09:55:13","date_gmt":"2017-04-12T12:55:13","guid":{"rendered":"http:\/\/senoticias.com.br\/se\/?p=102306"},"modified":"2017-04-12T09:55:13","modified_gmt":"2017-04-12T12:55:13","slug":"espetaculos-com-tematica-feminina-se-apresentam-nesta-semana","status":"publish","type":"post","link":"https:\/\/senoticias.com.br\/se\/espetaculos-com-tematica-feminina-se-apresentam-nesta-semana\/","title":{"rendered":"Espet\u00e1culos com tem\u00e1tica feminina se apresentam nesta semana"},"content":{"rendered":"<div style=\"text-align: justify;\">O III Festival Sergipano de Artes C\u00eanicas recebe dois espet\u00e1culos dram\u00e1ticos marcados pela tem\u00e1tica feminina neste final de semana. No s\u00e1bado, 15 de abril, \u00e0s 20 horas, o grupo teatral sergipano Caixa C\u00eanica sobe ao palco do Teatro Tobias Barreto com o a pe\u00e7a \u201cBicho M\u201d. J\u00e1 no domingo, 16, \u00e0s 20 horas, o espet\u00e1culo \u201cDandara Eu\u201d se apresenta no Tetro Atheneu.<\/p>\n<div id=\"attachment_102307\" style=\"width: 609px\" class=\"wp-caption aligncenter\"><img loading=\"lazy\" decoding=\"async\" aria-describedby=\"caption-attachment-102307\" class=\"size-full wp-image-102307\" src=\"http:\/\/senoticias.com.br\/se\/wp-content\/uploads\/2017\/04\/espetaculo-infantil-senoticias-e1492001614207.jpg\" alt=\" Esta \u00e9 a primeira vez que o grupo se apresenta no Festival Sergipano de Artes C\u00eanicas\" width=\"599\" height=\"399\" \/><p id=\"caption-attachment-102307\" class=\"wp-caption-text\">Esta \u00e9 a primeira vez que o grupo se apresenta no Festival Sergipano de Artes C\u00eanicas (foto: ascom\/Secult)<\/p><\/div>\n<\/div>\n<div><\/div>\n<div style=\"text-align: justify;\">Promovido pelo Governo de Sergipe, atrav\u00e9s da Secretaria de Estado da Cultura (Secult), o Festival re\u00fane uma programa\u00e7\u00e3o diversificada com mais de 20 espet\u00e1culos de dan\u00e7a, teatro e circo, al\u00e9m de palestras e oficinas que seguem at\u00e9 o dia 30 de abril. Todas as atra\u00e7\u00f5es s\u00e3o gratuitas e est\u00e3o espalhadas pelos teatros, pra\u00e7as, espa\u00e7os p\u00fablicos de Aracaju e outras cidades sergipanas.<\/div>\n<div style=\"text-align: justify;\"><\/div>\n<div style=\"text-align: justify;\">\u00a0A pe\u00e7a teatral \u201cBicho M\u201d foi criada h\u00e1 um ano pela diretora Maicyra Le\u00e3o, com a participa\u00e7\u00e3o de discentes do curso de teatro da UFS. A trama aborda o lado dram\u00e1tico que pode envolver a maternidade, trazendo depoimentos emocionantes de m\u00e3es, misturados \u00e0s cenas. No ano passado, o espet\u00e1culo realizou temporada no Centro Cultural de Aracaju e na sede do Grupo Imbua\u00e7a, agradando p\u00fablico e cr\u00edticos.<\/div>\n<div style=\"text-align: justify;\"><\/div>\n<div style=\"text-align: justify;\">O Grupo Caixa C\u00eanica surgiu em 2002 realizando a \u201cPrimeira Confer\u00eancia de Teatro de Sergipe\u201d e a montagem do seu primeiro espet\u00e1culo: \u201cRespire&#8230; e conte at\u00e9 dez!\u201d. Criaram a oficina teatral I Ato como projeto de extens\u00e3o com a UFS e foram vencedores do Pr\u00eamio Myriam Muniz com a pe\u00e7a \u201cSaluba.Medeia\u201d com a dire\u00e7\u00e3o de Celso Jr. A classifica\u00e7\u00e3o indicativa do espet\u00e1culo est\u00e1 dispon\u00edvel para maiores de 14 anos de idade.<\/div>\n<div style=\"text-align: justify;\"><\/div>\n<div style=\"text-align: justify;\">J\u00e1 a pe\u00e7a \u201cDandara Eu\u201d, idealizado pelo Grupo Ubuntu, foi inspirada na personagem Dandara, mulher de Zumbi dos Palmares. A trama traz uma narrativa que entrela\u00e7a a hist\u00f3ria da guerreira Dandara \u00e0 de mulheres contempor\u00e2neas, trazendo uma rela\u00e7\u00e3o \u00edntima entre caracter\u00edsticas que elas partilham.<\/div>\n<div style=\"text-align: justify;\"><\/div>\n<div style=\"text-align: justify;\">Dirigida por Jonathan Rodrigues e protagonizado pela atriz Rita Maia, a pe\u00e7a teatral possui um roteiro original e contempor\u00e2neo.\u00a0 Esta \u00e9 a primeira vez que o grupo se apresenta no Festival Sergipano de Artes C\u00eanicas. A Classifica\u00e7\u00e3o do espet\u00e1culo \u00e9 livre.<\/div>\n<div style=\"text-align: justify;\"><\/div>\n<div style=\"text-align: justify;\"><img loading=\"lazy\" decoding=\"async\" class=\"aligncenter size-full wp-image-102041\" src=\"http:\/\/senoticias.com.br\/se\/wp-content\/uploads\/2017\/03\/Logo-fone-1-2-1-2-4-6.jpg\" alt=\"Logo-fone-1-2-1-2-4\" width=\"599\" height=\"78\" srcset=\"https:\/\/senoticias.com.br\/se\/wp-content\/uploads\/2017\/03\/Logo-fone-1-2-1-2-4-6.jpg 599w, https:\/\/senoticias.com.br\/se\/wp-content\/uploads\/2017\/03\/Logo-fone-1-2-1-2-4-6-300x39.jpg 300w\" sizes=\"(max-width: 599px) 100vw, 599px\" \/><\/div>\n<div style=\"text-align: justify;\"><\/div>\n<div style=\"text-align: justify;\"><strong>Acompanhe tamb\u00e9m o SE Not\u00edcias no<\/strong><span class=\"apple-converted-space\"><b>\u00a0<\/b><\/span><a href=\"https:\/\/twitter.com\/Senoticias\" target=\"_blank\"><b>Twitter<\/b><\/a><strong>,<\/strong><span class=\"apple-converted-space\"><b>\u00a0<\/b><\/span><a href=\"https:\/\/www.facebook.com\/senoticias1\" target=\"_blank\"><b>Facebook<\/b><span class=\"apple-converted-space\"><b>\u00a0<\/b><\/span><\/a><strong>e no<\/strong><span class=\"apple-converted-space\"><b>\u00a0<\/b><\/span><a href=\"https:\/\/www.instagram.com\/senoticias\/\" target=\"_blank\"><b>Instagram<\/b><\/a><\/div>\n<div style=\"text-align: justify;\"><\/div>\n<div style=\"text-align: justify;\">Ascom \/Secult<\/div>\n","protected":false},"excerpt":{"rendered":"<p>O III Festival Sergipano de Artes C\u00eanicas recebe dois espet\u00e1culos dram\u00e1ticos marcados pela tem\u00e1tica feminina neste final de semana. No s\u00e1bado, 15 de abril, \u00e0s 20 horas, o grupo teatral sergipano Caixa C\u00eanica sobe ao palco do Teatro Tobias Barreto com o a pe\u00e7a \u201cBicho M\u201d. J\u00e1 no domingo, 16, \u00e0s 20 horas, o espet\u00e1culo [&hellip;]<\/p>\n","protected":false},"author":2,"featured_media":102307,"comment_status":"closed","ping_status":"closed","sticky":false,"template":"","format":"standard","meta":{"footnotes":""},"categories":[21],"tags":[],"class_list":{"0":"post-102306","1":"post","2":"type-post","3":"status-publish","4":"format-standard","5":"has-post-thumbnail","7":"category-entretenimento"},"_links":{"self":[{"href":"https:\/\/senoticias.com.br\/se\/wp-json\/wp\/v2\/posts\/102306"}],"collection":[{"href":"https:\/\/senoticias.com.br\/se\/wp-json\/wp\/v2\/posts"}],"about":[{"href":"https:\/\/senoticias.com.br\/se\/wp-json\/wp\/v2\/types\/post"}],"author":[{"embeddable":true,"href":"https:\/\/senoticias.com.br\/se\/wp-json\/wp\/v2\/users\/2"}],"replies":[{"embeddable":true,"href":"https:\/\/senoticias.com.br\/se\/wp-json\/wp\/v2\/comments?post=102306"}],"version-history":[{"count":0,"href":"https:\/\/senoticias.com.br\/se\/wp-json\/wp\/v2\/posts\/102306\/revisions"}],"wp:featuredmedia":[{"embeddable":true,"href":"https:\/\/senoticias.com.br\/se\/wp-json\/wp\/v2\/media\/102307"}],"wp:attachment":[{"href":"https:\/\/senoticias.com.br\/se\/wp-json\/wp\/v2\/media?parent=102306"}],"wp:term":[{"taxonomy":"category","embeddable":true,"href":"https:\/\/senoticias.com.br\/se\/wp-json\/wp\/v2\/categories?post=102306"},{"taxonomy":"post_tag","embeddable":true,"href":"https:\/\/senoticias.com.br\/se\/wp-json\/wp\/v2\/tags?post=102306"}],"curies":[{"name":"wp","href":"https:\/\/api.w.org\/{rel}","templated":true}]}}