{"id":102304,"date":"2017-04-12T09:36:53","date_gmt":"2017-04-12T12:36:53","guid":{"rendered":"http:\/\/senoticias.com.br\/se\/?p=102304"},"modified":"2017-04-12T09:36:53","modified_gmt":"2017-04-12T12:36:53","slug":"quinta-feira-dia-13-sera-ponto-facultativo-na-prefeitura-de-sao-cristovao","status":"publish","type":"post","link":"https:\/\/senoticias.com.br\/se\/quinta-feira-dia-13-sera-ponto-facultativo-na-prefeitura-de-sao-cristovao\/","title":{"rendered":"Quinta-feira, dia 13, ser\u00e1 ponto facultativo na Prefeitura de S\u00e3o Crist\u00f3v\u00e3o"},"content":{"rendered":"<p style=\"text-align: justify;\">\nA Prefeitura de S\u00e3o Crist\u00f3v\u00e3o e o <a href=\"http:\/\/senoticias.com.br\/se\/governo-do-estado-decreta-ponto-facultativo-nesta-quinta-feira-13\/\"><strong>Governo do Estado de Sergipe<\/strong><\/a> decretaram ponto facultativo nesta quinta-feira (13), dia que antecede a sexta-feira Santa ou da Paix\u00e3o, feriado cat\u00f3lico.<\/p>\n<p style=\"text-align: justify;\">O prefeito Marcos Santana, atrav\u00e9s do decreto n\u00ba 338, decretou ponto facultativo nas reparti\u00e7\u00f5es p\u00fablicas do munic\u00edpio nesta quinta-feira Santa, dia 13, v\u00e9spera da Sexta-feira da Paix\u00e3o, que \u00e9 feriado nacional. \u00a0A data faz parte de um per\u00edodo especial para a religi\u00e3o cat\u00f3lica, a Semana Santa, que simboliza a morte e a ressurrei\u00e7\u00e3o de Cristo.<\/p>\n<div id=\"attachment_102305\" style=\"width: 609px\" class=\"wp-caption aligncenter\"><img loading=\"lazy\" decoding=\"async\" aria-describedby=\"caption-attachment-102305\" class=\"size-full wp-image-102305\" src=\"http:\/\/senoticias.com.br\/se\/wp-content\/uploads\/2017\/04\/20170407_080345-e1492000165632.jpg\" alt=\"Em virtude da celebra\u00e7\u00e3o da P\u00e1scoa, o Prefeito de Capela, Marcos Santana, decretou ponto facultativo nas reparti\u00e7\u00f5es e \u00f3rg\u00e3os da administra\u00e7\u00e3o municipal, nesta quinta-feira, 13\/04 (foto: Or\u00e1cio Oliveira)\" width=\"599\" height=\"599\" \/><p id=\"caption-attachment-102305\" class=\"wp-caption-text\">Em virtude da celebra\u00e7\u00e3o da P\u00e1scoa, o Prefeito de S\u00e3o Crist\u00f3v\u00e3o, Marcos Santana, decretou ponto facultativo nas reparti\u00e7\u00f5es municipais (foto: Or\u00e1cio Oliveira)<\/p><\/div>\n<p style=\"text-align: justify;\">O decreto foi publicado na edi\u00e7\u00e3o de segunda-feira (10) no Di\u00e1rio Oficial do Munic\u00edpio.<\/p>\n<p style=\"text-align: justify;\">\n<p style=\"text-align: justify;\"><strong>Acompanhe tamb\u00e9m o SE Not\u00edcias no<\/strong><span class=\"apple-converted-space\"><b>\u00a0<\/b><\/span><a href=\"https:\/\/twitter.com\/Senoticias\" target=\"_blank\"><b>Twitter<\/b><\/a><strong>,<\/strong><span class=\"apple-converted-space\"><b>\u00a0<\/b><\/span><a href=\"https:\/\/www.facebook.com\/senoticias1\" target=\"_blank\"><b>Facebook<\/b><span class=\"apple-converted-space\"><b>\u00a0<\/b><\/span><\/a><strong>e no<\/strong><span class=\"apple-converted-space\"><b>\u00a0<\/b><\/span><a href=\"https:\/\/www.instagram.com\/senoticias\/\" target=\"_blank\"><b>Instagram<\/b><\/a><\/p>\n<p style=\"text-align: justify;\">\n<p style=\"text-align: justify;\"><img loading=\"lazy\" decoding=\"async\" class=\"aligncenter size-full wp-image-102041\" src=\"http:\/\/senoticias.com.br\/se\/wp-content\/uploads\/2017\/03\/Logo-fone-1-2-1-2-4-6.jpg\" alt=\"Logo-fone-1-2-1-2-4\" width=\"599\" height=\"78\" srcset=\"https:\/\/senoticias.com.br\/se\/wp-content\/uploads\/2017\/03\/Logo-fone-1-2-1-2-4-6.jpg 599w, https:\/\/senoticias.com.br\/se\/wp-content\/uploads\/2017\/03\/Logo-fone-1-2-1-2-4-6-300x39.jpg 300w\" sizes=\"(max-width: 599px) 100vw, 599px\" \/><\/p>\n<p style=\"text-align: justify;\"><em>Reda\u00e7\u00e3o SE Not\u00edcias<\/em><\/p>\n","protected":false},"excerpt":{"rendered":"<p>A Prefeitura de S\u00e3o Crist\u00f3v\u00e3o e o Governo do Estado de Sergipe decretaram ponto facultativo nesta quinta-feira (13), dia que antecede a sexta-feira Santa ou da Paix\u00e3o, feriado cat\u00f3lico. O prefeito Marcos Santana, atrav\u00e9s do decreto n\u00ba 338, decretou ponto facultativo nas reparti\u00e7\u00f5es p\u00fablicas do munic\u00edpio nesta quinta-feira Santa, dia 13, v\u00e9spera da Sexta-feira da [&hellip;]<\/p>\n","protected":false},"author":2,"featured_media":102305,"comment_status":"closed","ping_status":"closed","sticky":false,"template":"","format":"standard","meta":{"footnotes":""},"categories":[38],"tags":[1498,2816,2817,335,2818],"class_list":{"0":"post-102304","1":"post","2":"type-post","3":"status-publish","4":"format-standard","5":"has-post-thumbnail","7":"category-municipios","8":"tag-marcos-santana","9":"tag-ponto-facultativo","10":"tag-quinta-feira-maior","11":"tag-sao-cristovao","12":"tag-sexta-feira-da-paixao"},"_links":{"self":[{"href":"https:\/\/senoticias.com.br\/se\/wp-json\/wp\/v2\/posts\/102304"}],"collection":[{"href":"https:\/\/senoticias.com.br\/se\/wp-json\/wp\/v2\/posts"}],"about":[{"href":"https:\/\/senoticias.com.br\/se\/wp-json\/wp\/v2\/types\/post"}],"author":[{"embeddable":true,"href":"https:\/\/senoticias.com.br\/se\/wp-json\/wp\/v2\/users\/2"}],"replies":[{"embeddable":true,"href":"https:\/\/senoticias.com.br\/se\/wp-json\/wp\/v2\/comments?post=102304"}],"version-history":[{"count":0,"href":"https:\/\/senoticias.com.br\/se\/wp-json\/wp\/v2\/posts\/102304\/revisions"}],"wp:featuredmedia":[{"embeddable":true,"href":"https:\/\/senoticias.com.br\/se\/wp-json\/wp\/v2\/media\/102305"}],"wp:attachment":[{"href":"https:\/\/senoticias.com.br\/se\/wp-json\/wp\/v2\/media?parent=102304"}],"wp:term":[{"taxonomy":"category","embeddable":true,"href":"https:\/\/senoticias.com.br\/se\/wp-json\/wp\/v2\/categories?post=102304"},{"taxonomy":"post_tag","embeddable":true,"href":"https:\/\/senoticias.com.br\/se\/wp-json\/wp\/v2\/tags?post=102304"}],"curies":[{"name":"wp","href":"https:\/\/api.w.org\/{rel}","templated":true}]}}