{"id":102302,"date":"2017-04-12T08:25:07","date_gmt":"2017-04-12T11:25:07","guid":{"rendered":"http:\/\/senoticias.com.br\/se\/?p=102302"},"modified":"2017-04-12T08:25:37","modified_gmt":"2017-04-12T11:25:37","slug":"policia-civil-apreende-tres-pistolas-na-residencia-de-empresario-que-tentou-contra-a-vida-de-um-oficial-de-justica","status":"publish","type":"post","link":"https:\/\/senoticias.com.br\/se\/policia-civil-apreende-tres-pistolas-na-residencia-de-empresario-que-tentou-contra-a-vida-de-um-oficial-de-justica\/","title":{"rendered":"Pol\u00edcia Civil apreende tr\u00eas pistolas na resid\u00eancia de empres\u00e1rio  que tentou contra a vida de um oficial de justi\u00e7a"},"content":{"rendered":"<p style=\"text-align: justify;\">No in\u00edcio da manh\u00e3 desta quarta-feira, 12, uma opera\u00e7\u00e3o deflagrada pelos policiais civis da Delegacia de Turismo (Detur), em apoio de agentes do Grupo Especial de Repress\u00e3o e Busca (GERB), resultou na pris\u00e3o do empres\u00e1rio A. S., suspeito de tentar contra a vida de um oficial de justi\u00e7a. Com ele, foram apreendidas tr\u00eas pistolas calibre 380 e mais de 35 muni\u00e7\u00f5es.<\/p>\n<div id=\"attachment_102303\" style=\"width: 609px\" class=\"wp-caption aligncenter\"><img loading=\"lazy\" decoding=\"async\" aria-describedby=\"caption-attachment-102303\" class=\"size-full wp-image-102303\" src=\"http:\/\/senoticias.com.br\/se\/wp-content\/uploads\/2017\/04\/SSP-SE-e1491995774695.jpg\" alt=\"Pol\u00edcia apreendeu tr\u00eas pistolas na resid\u00eancia de empres\u00e1rio no Mosqueiro*\" width=\"599\" height=\"337\" \/><p id=\"caption-attachment-102303\" class=\"wp-caption-text\">Pol\u00edcia apreendeu tr\u00eas pistolas na resid\u00eancia do empres\u00e1rio no Mosqueiro (foto: SSP\/SE)<\/p><\/div>\n<p style=\"text-align: justify;\">Segundo o delegado Abelardo In\u00e1cio, o fato ocorreu ap\u00f3s as equipes da Detur receberem informa\u00e7\u00f5es, no dia de ontem, de um oficial de justi\u00e7a, que o suspeito teria tentado contra a vida dele ao tentar cumprir uma intima\u00e7\u00e3o na resid\u00eancia do empres\u00e1rio, localizada em um condom\u00ednio fechado no Mosqueiro, na zona sul de Aracaju.<\/p>\n<p style=\"text-align: justify;\">&#8220;Ap\u00f3s o oficial de justi\u00e7a tentar intimar judicialmente o suspeito, este o teria amea\u00e7ado com uma arma de fogo. Diante da situa\u00e7\u00e3o, o oficial de justi\u00e7a acabou fugindo, mas foi perseguido pelo empres\u00e1rio at\u00e9 as proximidades da Praia de Atalaia. O suspeito ainda conseguiu alcan\u00e7ar o oficial e chegou a disparar contra ele, mas a muni\u00e7\u00e3o acabou falhando, e felizmente n\u00e3o feriu o oficial de justi\u00e7a&#8221;, explicou o delegado.<\/p>\n<p style=\"text-align: justify;\">Ap\u00f3s a notifica\u00e7\u00e3o do crime, e de posse de um mandado de busca e apreens\u00e3o expedido pela justi\u00e7a, as equipes da Detur e GERB seguiram em dilig\u00eancias at\u00e9 a resid\u00eancia do empres\u00e1rio no in\u00edcio da manh\u00e3 de hoje, flagrando com ele tr\u00eas pistolas calibre 380 e 40 muni\u00e7\u00f5es.<\/p>\n<p style=\"text-align: justify;\">Ante o exposto e diante do flagrante, o suspeito foi levado \u00e0 delegacia e l\u00e1 autuado por tentativa de homic\u00eddio e porte ilegal de arma de fogo.<\/p>\n<p style=\"text-align: justify;\"><img loading=\"lazy\" decoding=\"async\" class=\"aligncenter size-full wp-image-102041\" src=\"http:\/\/senoticias.com.br\/se\/wp-content\/uploads\/2017\/03\/Logo-fone-1-2-1-2-4-6.jpg\" alt=\"Logo-fone-1-2-1-2-4\" width=\"599\" height=\"78\" srcset=\"https:\/\/senoticias.com.br\/se\/wp-content\/uploads\/2017\/03\/Logo-fone-1-2-1-2-4-6.jpg 599w, https:\/\/senoticias.com.br\/se\/wp-content\/uploads\/2017\/03\/Logo-fone-1-2-1-2-4-6-300x39.jpg 300w\" sizes=\"(max-width: 599px) 100vw, 599px\" \/><\/p>\n<p style=\"text-align: justify;\"><strong>Acompanhe tamb\u00e9m o SE Not\u00edcias no<\/strong><span class=\"apple-converted-space\"><b>\u00a0<\/b><\/span><a href=\"https:\/\/twitter.com\/Senoticias\" target=\"_blank\"><b>Twitter<\/b><\/a><strong>,<\/strong><span class=\"apple-converted-space\"><b>\u00a0<\/b><\/span><a href=\"https:\/\/www.facebook.com\/senoticias1\" target=\"_blank\"><b>Facebook<\/b><span class=\"apple-converted-space\"><b>\u00a0<\/b><\/span><\/a><strong>e no<\/strong><span class=\"apple-converted-space\"><b>\u00a0<\/b><\/span><a href=\"https:\/\/www.instagram.com\/senoticias\/\" target=\"_blank\"><b>Instagram<\/b><\/a><\/p>\n<p style=\"text-align: justify;\"><em>Com informa\u00e7\u00f5es da SSP\/SE<\/em><\/p>\n","protected":false},"excerpt":{"rendered":"<p>No in\u00edcio da manh\u00e3 desta quarta-feira, 12, uma opera\u00e7\u00e3o deflagrada pelos policiais civis da Delegacia de Turismo (Detur), em apoio de agentes do Grupo Especial de Repress\u00e3o e Busca (GERB), resultou na pris\u00e3o do empres\u00e1rio A. S., suspeito de tentar contra a vida de um oficial de justi\u00e7a. Com ele, foram apreendidas tr\u00eas pistolas calibre [&hellip;]<\/p>\n","protected":false},"author":2,"featured_media":102303,"comment_status":"closed","ping_status":"closed","sticky":false,"template":"","format":"standard","meta":{"footnotes":""},"categories":[15,7],"tags":[2814,2809,2815,2813,2810,2808,2811,2812],"class_list":{"0":"post-102302","1":"post","2":"type-post","3":"status-publish","4":"format-standard","5":"has-post-thumbnail","7":"category-destaques","8":"category-policia","9":"tag-abelardo-inacio","10":"tag-contra-a-vida","11":"tag-delegado","12":"tag-gerb","13":"tag-mosquiero","14":"tag-oficial-de-justica","15":"tag-pistolas","16":"tag-tres-pistolas"},"_links":{"self":[{"href":"https:\/\/senoticias.com.br\/se\/wp-json\/wp\/v2\/posts\/102302"}],"collection":[{"href":"https:\/\/senoticias.com.br\/se\/wp-json\/wp\/v2\/posts"}],"about":[{"href":"https:\/\/senoticias.com.br\/se\/wp-json\/wp\/v2\/types\/post"}],"author":[{"embeddable":true,"href":"https:\/\/senoticias.com.br\/se\/wp-json\/wp\/v2\/users\/2"}],"replies":[{"embeddable":true,"href":"https:\/\/senoticias.com.br\/se\/wp-json\/wp\/v2\/comments?post=102302"}],"version-history":[{"count":0,"href":"https:\/\/senoticias.com.br\/se\/wp-json\/wp\/v2\/posts\/102302\/revisions"}],"wp:featuredmedia":[{"embeddable":true,"href":"https:\/\/senoticias.com.br\/se\/wp-json\/wp\/v2\/media\/102303"}],"wp:attachment":[{"href":"https:\/\/senoticias.com.br\/se\/wp-json\/wp\/v2\/media?parent=102302"}],"wp:term":[{"taxonomy":"category","embeddable":true,"href":"https:\/\/senoticias.com.br\/se\/wp-json\/wp\/v2\/categories?post=102302"},{"taxonomy":"post_tag","embeddable":true,"href":"https:\/\/senoticias.com.br\/se\/wp-json\/wp\/v2\/tags?post=102302"}],"curies":[{"name":"wp","href":"https:\/\/api.w.org\/{rel}","templated":true}]}}