{"id":102256,"date":"2017-04-10T18:34:22","date_gmt":"2017-04-10T21:34:22","guid":{"rendered":"http:\/\/senoticias.com.br\/se\/?p=102256"},"modified":"2017-04-11T15:24:05","modified_gmt":"2017-04-11T18:24:05","slug":"tribunal-solicita-do-ipesaude-relacoes-de-convenios-e-creditos-a-receber","status":"publish","type":"post","link":"https:\/\/senoticias.com.br\/se\/tribunal-solicita-do-ipesaude-relacoes-de-convenios-e-creditos-a-receber\/","title":{"rendered":"Tribunal solicita do Ipesa\u00fade rela\u00e7\u00f5es de conv\u00eanios e cr\u00e9ditos a receber"},"content":{"rendered":"<p style=\"text-align: justify;\">Por meio da 1\u00aa Coordenadoria de Controle e Inspe\u00e7\u00e3o (CCI), atualmente sob responsabilidade da conselheira Susana Azevedo, o Tribunal de Contas do Estado (TCE) solicitou ao Ipesa\u00fade a rela\u00e7\u00e3o de cr\u00e9ditos a receber de curto e longo prazo e a rela\u00e7\u00e3o dos conv\u00eanios firmados com outras entidades p\u00fablicas e privadas.<\/p>\n<div id=\"attachment_102257\" style=\"width: 510px\" class=\"wp-caption aligncenter\"><img loading=\"lazy\" decoding=\"async\" aria-describedby=\"caption-attachment-102257\" class=\"size-full wp-image-102257\" src=\"http:\/\/senoticias.com.br\/se\/wp-content\/uploads\/2017\/04\/TCE-SENOTICIAS.jpg\" alt=\"Tribunal solicita do Ipesa\u00fade rela\u00e7\u00f5es de conv\u00eanios e cr\u00e9ditos a receber\" width=\"500\" height=\"333\" srcset=\"https:\/\/senoticias.com.br\/se\/wp-content\/uploads\/2017\/04\/TCE-SENOTICIAS.jpg 500w, https:\/\/senoticias.com.br\/se\/wp-content\/uploads\/2017\/04\/TCE-SENOTICIAS-300x200.jpg 300w, https:\/\/senoticias.com.br\/se\/wp-content\/uploads\/2017\/04\/TCE-SENOTICIAS-90x60.jpg 90w, https:\/\/senoticias.com.br\/se\/wp-content\/uploads\/2017\/04\/TCE-SENOTICIAS-180x120.jpg 180w, https:\/\/senoticias.com.br\/se\/wp-content\/uploads\/2017\/04\/TCE-SENOTICIAS-95x64.jpg 95w\" sizes=\"(max-width: 500px) 100vw, 500px\" \/><p id=\"caption-attachment-102257\" class=\"wp-caption-text\">Tribunal solicita do Ipesa\u00fade rela\u00e7\u00f5es de conv\u00eanios e cr\u00e9ditos a receber (foto:<\/p><\/div>\n<p style=\"text-align: justify;\">De acordo com a conselheira, que informou a a\u00e7\u00e3o ao colegiado no \u00faltimo Pleno, no dia 6 deste m\u00eas, tal medida foi adotada diante das not\u00edcias acerca de atrasos de repasses e transfer\u00eancias de obriga\u00e7\u00f5es financeiras ao Ipesa\u00fade, \u00f3rg\u00e3o de assist\u00eancia suplementar de sa\u00fade.<\/p>\n<p style=\"text-align: justify;\">\u201cA solicita\u00e7\u00e3o foi respondida no dia 29 de mar\u00e7o atrav\u00e9s de protocolo no qual o \u00f3rg\u00e3o apresentou a exist\u00eancia de cr\u00e9ditos a receber junto \u00e0 Prefeitura Municipal de Aracaju, \u00e0 Funda\u00e7\u00e3o Hospitalar de Sa\u00fade e \u00e0 Funda\u00e7\u00e3o de Sa\u00fade Parreiras Horta\u201d, comentou. Somente com a FHS o Ipesa\u00fade tem um cr\u00e9dito a receber de R$ 21 milh\u00f5es, segundo a conselheira.<\/p>\n<p style=\"text-align: justify;\">Diante dessa an\u00e1lise pr\u00e9via, o protocolo foi encaminhado ao conselheiro-presidente Cl\u00f3vis Barbosa para que sejam fornecidas c\u00f3pias aos conselheiros respons\u00e1veis pelas \u00e1reas citadas e que, ap\u00f3s an\u00e1lise, retorne ao gabinete da conselheira para que seja determinado \u00e0 1\u00aa CCI o prosseguimento da an\u00e1lise estritamente vinculada \u00e0 gest\u00e3o do Ipesa\u00fade.<\/p>\n<p style=\"text-align: justify;\"><img loading=\"lazy\" decoding=\"async\" class=\"aligncenter size-full wp-image-102041\" src=\"http:\/\/senoticias.com.br\/se\/wp-content\/uploads\/2017\/03\/Logo-fone-1-2-1-2-4-6.jpg\" alt=\"Logo-fone-1-2-1-2-4\" width=\"599\" height=\"78\" srcset=\"https:\/\/senoticias.com.br\/se\/wp-content\/uploads\/2017\/03\/Logo-fone-1-2-1-2-4-6.jpg 599w, https:\/\/senoticias.com.br\/se\/wp-content\/uploads\/2017\/03\/Logo-fone-1-2-1-2-4-6-300x39.jpg 300w\" sizes=\"(max-width: 599px) 100vw, 599px\" \/><\/p>\n<p style=\"text-align: justify;\"><strong>Acompanhe tamb\u00e9m o SE Not\u00edcias no<\/strong><span class=\"apple-converted-space\"><b>\u00a0<\/b><\/span><a href=\"https:\/\/twitter.com\/Senoticias\" target=\"_blank\"><b>Twitter<\/b><\/a><strong>,<\/strong><span class=\"apple-converted-space\"><b>\u00a0<\/b><\/span><a href=\"https:\/\/www.facebook.com\/senoticias1\" target=\"_blank\"><b>Facebook<\/b><span class=\"apple-converted-space\"><b>\u00a0<\/b><\/span><\/a><strong>e no<\/strong><span class=\"apple-converted-space\"><b>\u00a0<\/b><\/span><a href=\"https:\/\/www.instagram.com\/senoticias\/\" target=\"_blank\"><b>Instagram<\/b><\/a><\/p>\n<p style=\"text-align: justify;\"><em>Da Assessoria de Comunica\u00e7\u00e3o \/ TCE<\/em><\/p>\n","protected":false},"excerpt":{"rendered":"<p>Por meio da 1\u00aa Coordenadoria de Controle e Inspe\u00e7\u00e3o (CCI), atualmente sob responsabilidade da conselheira Susana Azevedo, o Tribunal de Contas do Estado (TCE) solicitou ao Ipesa\u00fade a rela\u00e7\u00e3o de cr\u00e9ditos a receber de curto e longo prazo e a rela\u00e7\u00e3o dos conv\u00eanios firmados com outras entidades p\u00fablicas e privadas. De acordo com a conselheira, [&hellip;]<\/p>\n","protected":false},"author":2,"featured_media":102257,"comment_status":"closed","ping_status":"closed","sticky":false,"template":"","format":"standard","meta":{"footnotes":""},"categories":[6],"tags":[],"class_list":{"0":"post-102256","1":"post","2":"type-post","3":"status-publish","4":"format-standard","5":"has-post-thumbnail","7":"category-politica"},"_links":{"self":[{"href":"https:\/\/senoticias.com.br\/se\/wp-json\/wp\/v2\/posts\/102256"}],"collection":[{"href":"https:\/\/senoticias.com.br\/se\/wp-json\/wp\/v2\/posts"}],"about":[{"href":"https:\/\/senoticias.com.br\/se\/wp-json\/wp\/v2\/types\/post"}],"author":[{"embeddable":true,"href":"https:\/\/senoticias.com.br\/se\/wp-json\/wp\/v2\/users\/2"}],"replies":[{"embeddable":true,"href":"https:\/\/senoticias.com.br\/se\/wp-json\/wp\/v2\/comments?post=102256"}],"version-history":[{"count":0,"href":"https:\/\/senoticias.com.br\/se\/wp-json\/wp\/v2\/posts\/102256\/revisions"}],"wp:featuredmedia":[{"embeddable":true,"href":"https:\/\/senoticias.com.br\/se\/wp-json\/wp\/v2\/media\/102257"}],"wp:attachment":[{"href":"https:\/\/senoticias.com.br\/se\/wp-json\/wp\/v2\/media?parent=102256"}],"wp:term":[{"taxonomy":"category","embeddable":true,"href":"https:\/\/senoticias.com.br\/se\/wp-json\/wp\/v2\/categories?post=102256"},{"taxonomy":"post_tag","embeddable":true,"href":"https:\/\/senoticias.com.br\/se\/wp-json\/wp\/v2\/tags?post=102256"}],"curies":[{"name":"wp","href":"https:\/\/api.w.org\/{rel}","templated":true}]}}