{"id":102252,"date":"2017-04-10T14:12:24","date_gmt":"2017-04-10T17:12:24","guid":{"rendered":"http:\/\/senoticias.com.br\/se\/?p=102252"},"modified":"2017-04-11T15:24:49","modified_gmt":"2017-04-11T18:24:49","slug":"justica-acata-acao-da-oposicao-e-determina-que-cma-instale-a-cpi-do-lixo","status":"publish","type":"post","link":"https:\/\/senoticias.com.br\/se\/justica-acata-acao-da-oposicao-e-determina-que-cma-instale-a-cpi-do-lixo\/","title":{"rendered":"Justi\u00e7a acata a\u00e7\u00e3o da oposi\u00e7\u00e3o e determina que C\u00e2mara de vereadores de Aracaju instale a CPI do lixo"},"content":{"rendered":"<p style=\"text-align: justify;\">O l\u00edder da oposi\u00e7\u00e3o na C\u00e2mara Municipal de Aracaju, vereador Elber Batalha Filho (PSB), deu entrada na \u00faltima sexta-feira (07), com um Mandado de Seguran\u00e7a contra decis\u00e3o da CMA que por maioria dos vereadores rejeitou em plen\u00e1rio, a proposta da cria\u00e7\u00e3o da CPI do Lixo.<\/p>\n<p style=\"text-align: justify;\">O Mandado de Seguran\u00e7a foi subscrito pelos vereadores Lucas Arib\u00e9 (PSB), cabo Amintas (PTB) e Emilia Correia (PEN).<\/p>\n<p style=\"text-align: justify;\">O mandado ser\u00e1 julgado pela\u00a0 Ju\u00edza Simone de Oliveira Fraga, da 18\u00aa Vara C\u00edvel de Aracaju que determinou que o presidente da C\u00e2mara, vereador Joselito Vitale, Nitinho, proceda a instala\u00e7\u00e3o da Comiss\u00e3o Parlamentar de Inqu\u00e9rito (CPI), que ir\u00e1 analisar os contratos feitos entre a prefeitura de Aracaju e as empresas que prestam servi\u00e7o de coleta de lixo na capital.<\/p>\n<p>Veja abaixo decis\u00e3o da ju\u00edza:<\/p>\n<div class=\"ead-preview\"><div class=\"ead-document\" style=\"position: relative;padding-top: 90%;\"><div class=\"ead-iframe-wrapper\"><iframe src=\"\/\/docs.google.com\/viewer?url=http%3A%2F%2Fsenoticias.com.br%2Fse%2Fwp-content%2Fuploads%2F2017%2F04%2FLiminar-do-lixo-senoticias.pdf&amp;embedded=true&amp;hl=en\" title=\"Embedded Document\" class=\"ead-iframe\" style=\"width: 100%;height: 100%;border: none;position: absolute;left: 0;top: 0;visibility: hidden;\"><\/iframe><\/div>\t\t\t<div class=\"ead-document-loading\" style=\"width:100%;height:100%;position:absolute;left:0;top:0;z-index:10;\">\n\t\t\t\t<div class=\"ead-loading-wrap\">\n\t\t\t\t\t<div class=\"ead-loading-main\">\n\t\t\t\t\t\t<div class=\"ead-loading\">\n\t\t\t\t\t\t\t<img loading=\"lazy\" decoding=\"async\" src=\"https:\/\/senoticias.com.br\/se\/wp-content\/plugins\/embed-any-document\/images\/loading.svg\" width=\"55\" height=\"55\" alt=\"Loader\">\n\t\t\t\t\t\t\t<span>Loading...<\/span>\n\t\t\t\t\t\t<\/div>\n\t\t\t\t\t<\/div>\n\t\t\t\t\t<div class=\"ead-loading-foot\">\n\t\t\t\t\t\t<div class=\"ead-loading-foot-title\">\n\t\t\t\t\t\t\t<img loading=\"lazy\" decoding=\"async\" src=\"https:\/\/senoticias.com.br\/se\/wp-content\/plugins\/embed-any-document\/images\/EAD-logo.svg\" alt=\"EAD Logo\" width=\"36\" height=\"23\"\/>\n\t\t\t\t\t\t\t<span>Taking too long?<\/span>\n\t\t\t\t\t\t<\/div>\n\t\t\t\t\t\t<div class=\"ead-document-btn ead-reload-btn\" role=\"button\">\n\t\t\t\t\t\t\t\t<img loading=\"lazy\" decoding=\"async\" src=\"https:\/\/senoticias.com.br\/se\/wp-content\/plugins\/embed-any-document\/images\/reload.svg\" alt=\"Reload\" width=\"12\" height=\"12\"\/> Reload document\t\t\t\t\t\t\t<\/div>\n\t\t\t\t\t\t\t<span>|<\/span>\n\t\t\t\t\t\t\t<a href=\"http:\/\/senoticias.com.br\/se\/wp-content\/uploads\/2017\/04\/Liminar-do-lixo-senoticias.pdf\" class=\"ead-document-btn\" target=\"_blank\">\n\t\t\t\t\t\t\t\t<img loading=\"lazy\" decoding=\"async\" src=\"https:\/\/senoticias.com.br\/se\/wp-content\/plugins\/embed-any-document\/images\/open.svg\" alt=\"Open\" width=\"12\" height=\"12\"\/> Open in new tab\t\t\t\t\t\t\t<\/a>\n\t\t\t\t\t<\/div>\n\t\t\t\t<\/div>\n\t\t\t<\/div>\n\t\t<\/div><p class=\"embed_download\"><a href=\"http:\/\/senoticias.com.br\/se\/wp-content\/uploads\/2017\/04\/Liminar-do-lixo-senoticias.pdf\" download>Download [162.00 B] <\/a><\/p><\/div>\n<p><em>Com informa\u00e7\u00f5es do FaxAju<\/em><\/p>\n","protected":false},"excerpt":{"rendered":"<p>O l\u00edder da oposi\u00e7\u00e3o na C\u00e2mara Municipal de Aracaju, vereador Elber Batalha Filho (PSB), deu entrada na \u00faltima sexta-feira (07), com um Mandado de Seguran\u00e7a contra decis\u00e3o da CMA que por maioria dos vereadores rejeitou em plen\u00e1rio, a proposta da cria\u00e7\u00e3o da CPI do Lixo. O Mandado de Seguran\u00e7a foi subscrito pelos vereadores Lucas Arib\u00e9 [&hellip;]<\/p>\n","protected":false},"author":2,"featured_media":102254,"comment_status":"closed","ping_status":"closed","sticky":false,"template":"","format":"standard","meta":{"footnotes":""},"categories":[6],"tags":[],"class_list":{"0":"post-102252","1":"post","2":"type-post","3":"status-publish","4":"format-standard","5":"has-post-thumbnail","7":"category-politica"},"_links":{"self":[{"href":"https:\/\/senoticias.com.br\/se\/wp-json\/wp\/v2\/posts\/102252"}],"collection":[{"href":"https:\/\/senoticias.com.br\/se\/wp-json\/wp\/v2\/posts"}],"about":[{"href":"https:\/\/senoticias.com.br\/se\/wp-json\/wp\/v2\/types\/post"}],"author":[{"embeddable":true,"href":"https:\/\/senoticias.com.br\/se\/wp-json\/wp\/v2\/users\/2"}],"replies":[{"embeddable":true,"href":"https:\/\/senoticias.com.br\/se\/wp-json\/wp\/v2\/comments?post=102252"}],"version-history":[{"count":0,"href":"https:\/\/senoticias.com.br\/se\/wp-json\/wp\/v2\/posts\/102252\/revisions"}],"wp:featuredmedia":[{"embeddable":true,"href":"https:\/\/senoticias.com.br\/se\/wp-json\/wp\/v2\/media\/102254"}],"wp:attachment":[{"href":"https:\/\/senoticias.com.br\/se\/wp-json\/wp\/v2\/media?parent=102252"}],"wp:term":[{"taxonomy":"category","embeddable":true,"href":"https:\/\/senoticias.com.br\/se\/wp-json\/wp\/v2\/categories?post=102252"},{"taxonomy":"post_tag","embeddable":true,"href":"https:\/\/senoticias.com.br\/se\/wp-json\/wp\/v2\/tags?post=102252"}],"curies":[{"name":"wp","href":"https:\/\/api.w.org\/{rel}","templated":true}]}}