{"id":102250,"date":"2017-04-10T13:58:11","date_gmt":"2017-04-10T16:58:11","guid":{"rendered":"http:\/\/senoticias.com.br\/se\/?p=102250"},"modified":"2017-04-11T15:25:37","modified_gmt":"2017-04-11T18:25:37","slug":"empresa-torre-se-manifesta-sobre-prisao-do-empresario-jose-antonio","status":"publish","type":"post","link":"https:\/\/senoticias.com.br\/se\/empresa-torre-se-manifesta-sobre-prisao-do-empresario-jose-antonio\/","title":{"rendered":"Empresa Torre se manifesta sobre pris\u00e3o do empres\u00e1rio Jos\u00e9 Ant\u00f4nio"},"content":{"rendered":"<p style=\"text-align: justify;\">No final da manh\u00e3 desta segunda-feira (10), o advogado Ev\u00e2nio Moura, que faz a defesa do empres\u00e1rio Jos\u00e9 Ant\u00f4nio Torres Neto, propriet\u00e1rio da Torre Empreendimentos, que no domingo (9) teve a pris\u00e3o preventiva expedida pela 3\u00aa Vara Criminal e executada pelo Departamento de Crimes contra a Ordem Tribut\u00e1ria e Administra\u00e7\u00e3o P\u00fablica (Deotap), enviou nota sobre a situa\u00e7\u00e3o.<\/p>\n<div id=\"attachment_102251\" style=\"width: 609px\" class=\"wp-caption aligncenter\"><img loading=\"lazy\" decoding=\"async\" aria-describedby=\"caption-attachment-102251\" class=\"size-full wp-image-102251\" src=\"http:\/\/senoticias.com.br\/se\/wp-content\/uploads\/2017\/04\/Antonio-Torres-SENOTICIAS-e1491843353274.jpg\" alt=\"empres\u00e1rio Jos\u00e9 Ant\u00f4nio Torres Neto, propriet\u00e1rio da Torre Empreendimentos\" width=\"599\" height=\"377\" \/><p id=\"caption-attachment-102251\" class=\"wp-caption-text\">Empres\u00e1rio Jos\u00e9 Ant\u00f4nio Torres Neto, propriet\u00e1rio da Torre Empreendimentos (foto: arquivo\/divulga\u00e7\u00e3o)<\/p><\/div>\n<p><strong>Confira abaixo a nota na \u00edntegra:<\/strong><\/p>\n<div class=\"mc-column content-text active-extra-styles \" data-block-type=\"unstyled\" data-block-weight=\"37\">\n<p class=\"content-text__container \" style=\"text-align: justify;\" data-track-category=\"Link no Texto\" data-track-links=\"\">Tendo em vista os recentes fatos p\u00fablicos envolvendo a empresa Torre Empreendimentos e um dos seus propriet\u00e1rios, o empres\u00e1rio Jos\u00e9 Ant\u00f4nio Torres Neto, a dire\u00e7\u00e3o da Torre Empreendimentos vem a p\u00fablico refor\u00e7ar seu posicionamento sobre alguns fatos<\/p>\n<\/div>\n<div class=\"mc-column content-text active-extra-styles \" style=\"text-align: justify;\" data-block-type=\"unstyled\" data-block-weight=\"59\">\n<p class=\"content-text__container \" data-track-category=\"Link no Texto\" data-track-links=\"\">1) Apoiamos as institui\u00e7\u00f5es que est\u00e3o cumprindo o seu papel realizando investiga\u00e7\u00f5es e sempre nos colocamos \u00e0 disposi\u00e7\u00e3o das autoridades para colaborar no que for necess\u00e1rio. A Torre Empreendimentos \u00e9 uma empresa id\u00f4nea, que possui uma longa hist\u00f3ria de bons servi\u00e7os prestados e respeito ao poder p\u00fablico, portanto, temos o maior interesse em que tudo seja investigado e esclarecido;<\/p>\n<\/div>\n<div class=\"mc-column content-text active-extra-styles \" data-block-type=\"unstyled\" data-block-weight=\"84\">\n<p class=\"content-text__container \" style=\"text-align: justify;\" data-track-category=\"Link no Texto\" data-track-links=\"\">2) Acreditamos que ao final das investiga\u00e7\u00f5es todas as querelas envolvendo a empresa ser\u00e3o devidamente esclarecidas. A Torre Empreendimentos presta servi\u00e7os ao poder p\u00fablico em todas as esferas h\u00e1 v\u00e1rios anos, em diversas prefeituras e aos estados de Sergipe e Bahia. Nossos contratos sempre estiveram dentro da legalidade. Prova disso \u00e9 que nunca houve um questionamento em nenhum \u00f3rg\u00e3o fiscalizador. Todos os nossos contratos passaram pelo crivo de institui\u00e7\u00f5es como o Tribunal de Contas e, alguns, do Minist\u00e9rio P\u00fablico, e nunca foram detectadas irregularidades;<\/p>\n<\/div>\n<div class=\"mc-column content-text active-extra-styles \" data-block-type=\"unstyled\" data-block-weight=\"68\">\n<p class=\"content-text__container \" style=\"text-align: justify;\" data-track-category=\"Link no Texto\" data-track-links=\"\">3) Para al\u00e9m de todas essas quest\u00f5es judiciais, a Torre Empreendimentos deixa claro que sempre trabalhou cumprindo com efici\u00eancia, transpar\u00eancia e de acordo sim as cl\u00e1usulas contratuais, todos os contratos com a Prefeitura de Aracaju. A execu\u00e7\u00e3o correta dos servi\u00e7os de limpeza, coleta, varri\u00e7\u00e3o e outros, foi sempre realizada de forma exemplar, sendo que nosso trabalho ajudou Aracaju a ser escolhida como a capital da qualidade de vida.<\/p>\n<\/div>\n<div class=\"content-ads content-ads--reveal\" style=\"text-align: justify;\"><\/div>\n<div class=\"mc-column content-text active-extra-styles \" style=\"text-align: justify;\" data-block-type=\"unstyled\" data-block-weight=\"52\">\n<p class=\"content-text__container \" data-track-category=\"Link no Texto\" data-track-links=\"\">Durante o per\u00edodo em que prestamos o nosso servi\u00e7o, a limpeza da cidade de Aracaju era considerada refer\u00eancia no Brasil, sendo amplamente reconhecida pelos moradores da cidade e pelos turistas. Neste momento permeado por questionamentos, n\u00e3o se pode esquecer que constru\u00edmos um nome na capital sergipana, realizando um excelente e impec\u00e1vel trabalho;<\/p>\n<\/div>\n<div class=\"mc-column content-text active-extra-styles \" style=\"text-align: justify;\" data-block-type=\"unstyled\" data-block-weight=\"94\">\n<p class=\"content-text__container \" data-track-category=\"Link no Texto\" data-track-links=\"\">4) Sendo assim, nos colocamos mais uma vez \u00e0 disposi\u00e7\u00e3o da da Pol\u00edcia deste estado e da Justi\u00e7a para esclarecer o que for necess\u00e1rio. E assim que tudo for esclarecido, estamos preparados para retomar os trabalhos que hav\u00edamos iniciado em Aracaju, ap\u00f3s assinarmos com a EMSURB um contrato emergencial com prazo de 180 dias de acordo com os ser. 24 e 26 da Lei de Licita\u00e7\u00f5es, estando em vigor a partir de 06\/03\/2017, trazendo de volta a auto-estima do aracajuano em voltar a residir numa cidade limpa, bem cuidada e com qualidade de vida.<\/p>\n<\/div>\n<div class=\"mc-column content-text active-extra-styles \" data-block-type=\"unstyled\" data-block-weight=\"8\">\n<p class=\"content-text__container \" style=\"text-align: justify;\" data-track-category=\"Link no Texto\" data-track-links=\"\">Aracaju, 10 de abril de 2017<br \/>\nTorre Empreendimentos<\/p>\n<p class=\"content-text__container \" style=\"text-align: justify;\" data-track-category=\"Link no Texto\" data-track-links=\"\"><img loading=\"lazy\" decoding=\"async\" class=\"aligncenter size-full wp-image-102041\" src=\"http:\/\/senoticias.com.br\/se\/wp-content\/uploads\/2017\/03\/Logo-fone-1-2-1-2-4-6.jpg\" alt=\"Logo-fone-1-2-1-2-4\" width=\"599\" height=\"78\" srcset=\"https:\/\/senoticias.com.br\/se\/wp-content\/uploads\/2017\/03\/Logo-fone-1-2-1-2-4-6.jpg 599w, https:\/\/senoticias.com.br\/se\/wp-content\/uploads\/2017\/03\/Logo-fone-1-2-1-2-4-6-300x39.jpg 300w\" sizes=\"(max-width: 599px) 100vw, 599px\" \/><\/p>\n<p class=\"content-text__container \" style=\"text-align: justify;\" data-track-category=\"Link no Texto\" data-track-links=\"\"><strong>Acompanhe tamb\u00e9m o SE Not\u00edcias no<\/strong><span class=\"apple-converted-space\"><b>\u00a0<\/b><\/span><a href=\"https:\/\/twitter.com\/Senoticias\" target=\"_blank\"><b>Twitter<\/b><\/a><strong>,<\/strong><span class=\"apple-converted-space\"><b>\u00a0<\/b><\/span><a href=\"https:\/\/www.facebook.com\/senoticias1\" target=\"_blank\"><b>Facebook<\/b><span class=\"apple-converted-space\"><b>\u00a0<\/b><\/span><\/a><strong>e no<\/strong><span class=\"apple-converted-space\"><b>\u00a0<\/b><\/span><a href=\"https:\/\/www.instagram.com\/senoticias\/\" target=\"_blank\"><b>Instagram<\/b><\/a><\/p>\n<p class=\"content-text__container \" style=\"text-align: justify;\" data-track-category=\"Link no Texto\" data-track-links=\"\">\n<\/div>\n<p>&nbsp;<\/p>\n","protected":false},"excerpt":{"rendered":"<p>No final da manh\u00e3 desta segunda-feira (10), o advogado Ev\u00e2nio Moura, que faz a defesa do empres\u00e1rio Jos\u00e9 Ant\u00f4nio Torres Neto, propriet\u00e1rio da Torre Empreendimentos, que no domingo (9) teve a pris\u00e3o preventiva expedida pela 3\u00aa Vara Criminal e executada pelo Departamento de Crimes contra a Ordem Tribut\u00e1ria e Administra\u00e7\u00e3o P\u00fablica (Deotap), enviou nota sobre [&hellip;]<\/p>\n","protected":false},"author":2,"featured_media":102251,"comment_status":"closed","ping_status":"closed","sticky":false,"template":"","format":"standard","meta":{"footnotes":""},"categories":[15,7,6],"tags":[],"class_list":{"0":"post-102250","1":"post","2":"type-post","3":"status-publish","4":"format-standard","5":"has-post-thumbnail","7":"category-destaques","8":"category-policia","9":"category-politica"},"_links":{"self":[{"href":"https:\/\/senoticias.com.br\/se\/wp-json\/wp\/v2\/posts\/102250"}],"collection":[{"href":"https:\/\/senoticias.com.br\/se\/wp-json\/wp\/v2\/posts"}],"about":[{"href":"https:\/\/senoticias.com.br\/se\/wp-json\/wp\/v2\/types\/post"}],"author":[{"embeddable":true,"href":"https:\/\/senoticias.com.br\/se\/wp-json\/wp\/v2\/users\/2"}],"replies":[{"embeddable":true,"href":"https:\/\/senoticias.com.br\/se\/wp-json\/wp\/v2\/comments?post=102250"}],"version-history":[{"count":0,"href":"https:\/\/senoticias.com.br\/se\/wp-json\/wp\/v2\/posts\/102250\/revisions"}],"wp:featuredmedia":[{"embeddable":true,"href":"https:\/\/senoticias.com.br\/se\/wp-json\/wp\/v2\/media\/102251"}],"wp:attachment":[{"href":"https:\/\/senoticias.com.br\/se\/wp-json\/wp\/v2\/media?parent=102250"}],"wp:term":[{"taxonomy":"category","embeddable":true,"href":"https:\/\/senoticias.com.br\/se\/wp-json\/wp\/v2\/categories?post=102250"},{"taxonomy":"post_tag","embeddable":true,"href":"https:\/\/senoticias.com.br\/se\/wp-json\/wp\/v2\/tags?post=102250"}],"curies":[{"name":"wp","href":"https:\/\/api.w.org\/{rel}","templated":true}]}}