{"id":102249,"date":"2017-04-10T07:19:33","date_gmt":"2017-04-10T10:19:33","guid":{"rendered":"http:\/\/senoticias.com.br\/se\/?p=102249"},"modified":"2017-04-10T07:19:33","modified_gmt":"2017-04-10T10:19:33","slug":"justica-determina-afastamento-de-mendonca-prado-da-emsurb","status":"publish","type":"post","link":"https:\/\/senoticias.com.br\/se\/justica-determina-afastamento-de-mendonca-prado-da-emsurb\/","title":{"rendered":"Justi\u00e7a determina afastamento de Mendon\u00e7a Prado da Emsurb"},"content":{"rendered":"<p style=\"text-align: justify;\">\nNa noite deste domingo (9) a Pol\u00edcia Civil confirmou que a Justi\u00e7a de Sergipe determinou que Mendon\u00e7a Prado se afastamento imediatamente do cargo de diretor-presidente da Empresa Municipal de Servi\u00e7os Urbanas (Emsurb). A medida tamb\u00e9m se estende aos demais dirigentes, informa o G1 SE.<\/p>\n<div id=\"attachment_76584\" style=\"width: 567px\" class=\"wp-caption aligncenter\"><img loading=\"lazy\" decoding=\"async\" aria-describedby=\"caption-attachment-76584\" class=\"size-full wp-image-76584\" src=\"http:\/\/senoticias.com.br\/se\/wp-content\/uploads\/2015\/02\/b3bb2c3a-7a51-a7bb.jpeg\" alt=\"Mendon\u00e7a Prado, diretor-presidente da Emsurb (Foto: Reprodu\u00e7\u00e3o\/TV Sergipe). (Foto: Isaac Amorim)\" width=\"557\" height=\"380\" srcset=\"https:\/\/senoticias.com.br\/se\/wp-content\/uploads\/2015\/02\/b3bb2c3a-7a51-a7bb.jpeg 557w, https:\/\/senoticias.com.br\/se\/wp-content\/uploads\/2015\/02\/b3bb2c3a-7a51-a7bb-300x204.jpeg 300w, https:\/\/senoticias.com.br\/se\/wp-content\/uploads\/2015\/02\/b3bb2c3a-7a51-a7bb-342x233.jpeg 342w\" sizes=\"(max-width: 557px) 100vw, 557px\" \/><p id=\"caption-attachment-76584\" class=\"wp-caption-text\">Mendon\u00e7a Prado, diretor-presidente da Emsurb \u00a0(foto: Isaac Amorim)<\/p><\/div>\n<p style=\"text-align: justify;\">Segundo a pol\u00edcia, nesta segunda-feira (10) o oficial de justi\u00e7a dever\u00e1 notificar o prefeito Edvaldo Nogueira para cumprir a decis\u00e3o. A decis\u00e3o tamb\u00e9m j\u00e1 foi entregue a defesa da Torre, e nela est\u00e3o descritos os afastamentos.<\/p>\n<p style=\"text-align: justify;\">A a\u00e7\u00e3o faz parte do trabalho da segunda fase da Opera\u00e7\u00e3o Babel, que foi desencadeada pela Pol\u00edcia Civil neste domingo (9), em Salvador e em Aracaju. Ela investiga poss\u00edveis irregularidades nos contratos referentes \u00e0 coleta de lixo em Aracaju (SE).<\/p>\n<p style=\"text-align: justify;\">Agentes do Departamento de Crimes contra a Ordem Tribut\u00e1ria e Administra\u00e7\u00e3o P\u00fablica (Deotap) cumpriram a pris\u00e3o preventiva, expedido pela 3\u00aa Vara Criminal, do propriet\u00e1rio da empresa TORRE Empreendimentos, Jos\u00e9 Ant\u00f4nio Torres Neto, que se encontra preso na 1\u00aa Delegacia Metropolitana em Aracaju.<\/p>\n<p style=\"text-align: justify;\"><img loading=\"lazy\" decoding=\"async\" class=\"aligncenter size-full wp-image-102041\" src=\"http:\/\/senoticias.com.br\/se\/wp-content\/uploads\/2017\/03\/Logo-fone-1-2-1-2-4-6.jpg\" alt=\"Logo-fone-1-2-1-2-4\" width=\"599\" height=\"78\" srcset=\"https:\/\/senoticias.com.br\/se\/wp-content\/uploads\/2017\/03\/Logo-fone-1-2-1-2-4-6.jpg 599w, https:\/\/senoticias.com.br\/se\/wp-content\/uploads\/2017\/03\/Logo-fone-1-2-1-2-4-6-300x39.jpg 300w\" sizes=\"(max-width: 599px) 100vw, 599px\" \/><\/p>\n<p style=\"text-align: justify;\">\n<p style=\"text-align: justify;\"><strong>Acompanhe tamb\u00e9m o SE Not\u00edcias no<\/strong><span class=\"apple-converted-space\"><b>\u00a0<\/b><\/span><a href=\"https:\/\/twitter.com\/Senoticias\" target=\"_blank\"><b>Twitter<\/b><\/a><strong>,<\/strong><span class=\"apple-converted-space\"><b>\u00a0<\/b><\/span><a href=\"https:\/\/www.facebook.com\/senoticias1\" target=\"_blank\"><b>Facebook<\/b><span class=\"apple-converted-space\"><b>\u00a0<\/b><\/span><\/a><strong>e no<\/strong><span class=\"apple-converted-space\"><b>\u00a0<\/b><\/span><a href=\"https:\/\/www.instagram.com\/senoticias\/\" target=\"_blank\"><b>Instagram<\/b><\/a><strong>.<\/strong><\/p>\n<p style=\"text-align: justify;\">\n<p style=\"text-align: justify;\"><em>Informa\u00e7\u00f5es do<a href=\"http:\/\/g1.globo.com\/se\/sergipe\/noticia\/justica-determina-afastamento-de-mendonca-prado-da-emsurb.ghtml\"><strong> G1 SE<\/strong><\/a><\/em><\/p>\n<p style=\"text-align: justify;\">\n","protected":false},"excerpt":{"rendered":"<p>Na noite deste domingo (9) a Pol\u00edcia Civil confirmou que a Justi\u00e7a de Sergipe determinou que Mendon\u00e7a Prado se afastamento imediatamente do cargo de diretor-presidente da Empresa Municipal de Servi\u00e7os Urbanas (Emsurb). A medida tamb\u00e9m se estende aos demais dirigentes, informa o G1 SE. Segundo a pol\u00edcia, nesta segunda-feira (10) o oficial de justi\u00e7a dever\u00e1 [&hellip;]<\/p>\n","protected":false},"author":2,"featured_media":76584,"comment_status":"closed","ping_status":"closed","sticky":false,"template":"","format":"standard","meta":{"footnotes":""},"categories":[6],"tags":[],"class_list":{"0":"post-102249","1":"post","2":"type-post","3":"status-publish","4":"format-standard","5":"has-post-thumbnail","7":"category-politica"},"_links":{"self":[{"href":"https:\/\/senoticias.com.br\/se\/wp-json\/wp\/v2\/posts\/102249"}],"collection":[{"href":"https:\/\/senoticias.com.br\/se\/wp-json\/wp\/v2\/posts"}],"about":[{"href":"https:\/\/senoticias.com.br\/se\/wp-json\/wp\/v2\/types\/post"}],"author":[{"embeddable":true,"href":"https:\/\/senoticias.com.br\/se\/wp-json\/wp\/v2\/users\/2"}],"replies":[{"embeddable":true,"href":"https:\/\/senoticias.com.br\/se\/wp-json\/wp\/v2\/comments?post=102249"}],"version-history":[{"count":0,"href":"https:\/\/senoticias.com.br\/se\/wp-json\/wp\/v2\/posts\/102249\/revisions"}],"wp:featuredmedia":[{"embeddable":true,"href":"https:\/\/senoticias.com.br\/se\/wp-json\/wp\/v2\/media\/76584"}],"wp:attachment":[{"href":"https:\/\/senoticias.com.br\/se\/wp-json\/wp\/v2\/media?parent=102249"}],"wp:term":[{"taxonomy":"category","embeddable":true,"href":"https:\/\/senoticias.com.br\/se\/wp-json\/wp\/v2\/categories?post=102249"},{"taxonomy":"post_tag","embeddable":true,"href":"https:\/\/senoticias.com.br\/se\/wp-json\/wp\/v2\/tags?post=102249"}],"curies":[{"name":"wp","href":"https:\/\/api.w.org\/{rel}","templated":true}]}}