{"id":102247,"date":"2017-04-10T06:57:03","date_gmt":"2017-04-10T09:57:03","guid":{"rendered":"http:\/\/senoticias.com.br\/se\/?p=102247"},"modified":"2017-04-11T15:26:11","modified_gmt":"2017-04-11T18:26:11","slug":"uma-pessoa-morre-e-duas-ficam-feridas-em-capotamento-na-br-235-em-itabaiana","status":"publish","type":"post","link":"https:\/\/senoticias.com.br\/se\/uma-pessoa-morre-e-duas-ficam-feridas-em-capotamento-na-br-235-em-itabaiana\/","title":{"rendered":"Uma pessoa morre e duas ficam feridas em capotamento na BR-235 em Itabaiana"},"content":{"rendered":"<p style=\"text-align: justify;\">Por volta das 19:30 hs do \u00faltimo s\u00e1bado, 08, um acidente ocorreu na BR-235, em Itabaiana, pr\u00f3ximo \u00e0 entrada que d\u00e1 acesso ao povoado Matapo\u00e3, e deixou uma pessoa morta e duas feridas.<\/p>\n<div id=\"attachment_102248\" style=\"width: 609px\" class=\"wp-caption aligncenter\"><img loading=\"lazy\" decoding=\"async\" aria-describedby=\"caption-attachment-102248\" class=\"size-full wp-image-102248\" src=\"http:\/\/senoticias.com.br\/se\/wp-content\/uploads\/2017\/04\/Acidente-em-Itabaiana-senoticias-e1491818123428.jpg\" alt=\"O acidente ocorreu pr\u00f3ximo a entrada que d\u00e1 acesso ao povoado Matapo\u00e3\" width=\"599\" height=\"368\" \/><p id=\"caption-attachment-102248\" class=\"wp-caption-text\">O acidente ocorreu pr\u00f3ximo a entrada que d\u00e1 acesso ao povoado Matapo\u00e3 (foto: Itnet).<\/p><\/div>\n<p style=\"text-align: justify;\">Adriano de Andrade Rezende, de 33 anos, conhecido como &#8220;Choca Boiadeiro&#8221;, dirigia um ve\u00edculo Toyota Hilux quando perdeu o controle da dire\u00e7\u00e3o e capotou. Ele morreu antes mesmo de ser socorrido. De acordo com populares, o acidente ocorreu quando Choca tentou desviar de um ciclomotor que estava no acostamento com os far\u00f3is apagados.<\/p>\n<p style=\"text-align: justify;\">Outras duas pessoas que estavam no ve\u00edculo sofreram ferimentos e foram socorridas pelo Servi\u00e7o de Atendimento M\u00f3vel de Urg\u00eancia (SAMU). O acidente foi registrado pela Pol\u00edcia Rodovi\u00e1ria Federal (PRF). Todos os envolvidos no acidente s\u00e3o de Itabaiana.<\/p>\n<p style=\"text-align: justify;\"><img loading=\"lazy\" decoding=\"async\" class=\"aligncenter size-full wp-image-102041\" src=\"http:\/\/senoticias.com.br\/se\/wp-content\/uploads\/2017\/03\/Logo-fone-1-2-1-2-4-6.jpg\" alt=\"Logo-fone-1-2-1-2-4\" width=\"599\" height=\"78\" srcset=\"https:\/\/senoticias.com.br\/se\/wp-content\/uploads\/2017\/03\/Logo-fone-1-2-1-2-4-6.jpg 599w, https:\/\/senoticias.com.br\/se\/wp-content\/uploads\/2017\/03\/Logo-fone-1-2-1-2-4-6-300x39.jpg 300w\" sizes=\"(max-width: 599px) 100vw, 599px\" \/><\/p>\n<p style=\"text-align: justify;\"><strong>Acompanhe tamb\u00e9m o SE Not\u00edcias no<\/strong><span class=\"apple-converted-space\"><b>\u00a0<\/b><\/span><a href=\"https:\/\/twitter.com\/Senoticias\" target=\"_blank\"><b>Twitter<\/b><\/a><strong>,<\/strong><span class=\"apple-converted-space\"><b>\u00a0<\/b><\/span><a href=\"https:\/\/www.facebook.com\/senoticias1\" target=\"_blank\"><b>Facebook<\/b><span class=\"apple-converted-space\"><b>\u00a0<\/b><\/span><\/a><strong>e no<\/strong><span class=\"apple-converted-space\"><b>\u00a0<\/b><\/span><a href=\"https:\/\/www.instagram.com\/senoticias\/\" target=\"_blank\"><b>Instagram<\/b><\/a><\/p>\n<p style=\"text-align: justify;\"><em>Informa\u00e7\u00f5es do <a href=\"http:\/\/itnet.com.br\/noticia\/32694\/uma-pessoa-morre-e-duas-ficam-feridas-em-capotamento-na-br-235-em-itabaiana\">Itnet<\/a><\/em><\/p>\n","protected":false},"excerpt":{"rendered":"<p>Por volta das 19:30 hs do \u00faltimo s\u00e1bado, 08, um acidente ocorreu na BR-235, em Itabaiana, pr\u00f3ximo \u00e0 entrada que d\u00e1 acesso ao povoado Matapo\u00e3, e deixou uma pessoa morta e duas feridas. Adriano de Andrade Rezende, de 33 anos, conhecido como &#8220;Choca Boiadeiro&#8221;, dirigia um ve\u00edculo Toyota Hilux quando perdeu o controle da dire\u00e7\u00e3o [&hellip;]<\/p>\n","protected":false},"author":2,"featured_media":102248,"comment_status":"closed","ping_status":"closed","sticky":false,"template":"","format":"standard","meta":{"footnotes":""},"categories":[15,7],"tags":[],"class_list":{"0":"post-102247","1":"post","2":"type-post","3":"status-publish","4":"format-standard","5":"has-post-thumbnail","7":"category-destaques","8":"category-policia"},"_links":{"self":[{"href":"https:\/\/senoticias.com.br\/se\/wp-json\/wp\/v2\/posts\/102247"}],"collection":[{"href":"https:\/\/senoticias.com.br\/se\/wp-json\/wp\/v2\/posts"}],"about":[{"href":"https:\/\/senoticias.com.br\/se\/wp-json\/wp\/v2\/types\/post"}],"author":[{"embeddable":true,"href":"https:\/\/senoticias.com.br\/se\/wp-json\/wp\/v2\/users\/2"}],"replies":[{"embeddable":true,"href":"https:\/\/senoticias.com.br\/se\/wp-json\/wp\/v2\/comments?post=102247"}],"version-history":[{"count":0,"href":"https:\/\/senoticias.com.br\/se\/wp-json\/wp\/v2\/posts\/102247\/revisions"}],"wp:featuredmedia":[{"embeddable":true,"href":"https:\/\/senoticias.com.br\/se\/wp-json\/wp\/v2\/media\/102248"}],"wp:attachment":[{"href":"https:\/\/senoticias.com.br\/se\/wp-json\/wp\/v2\/media?parent=102247"}],"wp:term":[{"taxonomy":"category","embeddable":true,"href":"https:\/\/senoticias.com.br\/se\/wp-json\/wp\/v2\/categories?post=102247"},{"taxonomy":"post_tag","embeddable":true,"href":"https:\/\/senoticias.com.br\/se\/wp-json\/wp\/v2\/tags?post=102247"}],"curies":[{"name":"wp","href":"https:\/\/api.w.org\/{rel}","templated":true}]}}