{"id":102234,"date":"2017-04-09T16:30:08","date_gmt":"2017-04-09T19:30:08","guid":{"rendered":"http:\/\/senoticias.com.br\/se\/?p=102234"},"modified":"2017-04-09T16:31:34","modified_gmt":"2017-04-09T19:31:34","slug":"funcaju-abre-inscricoes-para-a-26a-edicao-do-salao-novos","status":"publish","type":"post","link":"https:\/\/senoticias.com.br\/se\/funcaju-abre-inscricoes-para-a-26a-edicao-do-salao-novos\/","title":{"rendered":"Funcaju abre inscri\u00e7\u00f5es para a 26\u00aa edi\u00e7\u00e3o do Sal\u00e3o Novos"},"content":{"rendered":"<p style=\"text-align: justify;\">A Funda\u00e7\u00e3o Cultural Cidade de Aracaju (Funcaju), atrav\u00e9s da Galeria de Arte \u00c1lvaro Santos, abre inscri\u00e7\u00f5es para a 26\u00aa edi\u00e7\u00e3o do Sal\u00e3o dos Novos, que ser\u00e1 realizada de 23 de maio a 30 de junho. O per\u00edodo de inscri\u00e7\u00f5es dos trabalhos \u00e9 de 10 de abril a 5 de maio. Ser\u00e3o selecionadas tr\u00eas obras e os autores premiados cada um com a quantia de R$ 1.500.<\/p>\n<div id=\"attachment_102235\" style=\"width: 550px\" class=\"wp-caption aligncenter\"><img loading=\"lazy\" decoding=\"async\" aria-describedby=\"caption-attachment-102235\" class=\"size-full wp-image-102235\" src=\"http:\/\/senoticias.com.br\/se\/wp-content\/uploads\/2017\/04\/SILVIO-SANTOS-SENOTICIAS-FUNCAJU.png\" alt=\"Inscri\u00e7\u00f5es dos trabalhos v\u00e3o de 10 de abril a 5 de maio\" width=\"540\" height=\"553\" srcset=\"https:\/\/senoticias.com.br\/se\/wp-content\/uploads\/2017\/04\/SILVIO-SANTOS-SENOTICIAS-FUNCAJU.png 540w, https:\/\/senoticias.com.br\/se\/wp-content\/uploads\/2017\/04\/SILVIO-SANTOS-SENOTICIAS-FUNCAJU-293x300.png 293w\" sizes=\"(max-width: 540px) 100vw, 540px\" \/><p id=\"caption-attachment-102235\" class=\"wp-caption-text\">Inscri\u00e7\u00f5es dos trabalhos v\u00e3o de 10 de abril a 5 de maio, informa Silvio Santos, presidente da Funcaju. (foto: arquivo\/pessoal)<\/p><\/div>\n<p style=\"text-align: justify;\">O edital de sele\u00e7\u00e3o e premia\u00e7\u00e3o do Sal\u00e3o de Novos destaca que a comiss\u00e3o julgadora vai observar a criatividade, a composi\u00e7\u00e3o e a t\u00e9cnica aplicada nas obras. As telas vencedoras ser\u00e3o automaticamente incorporadas ao acervo da galeria de arte. O resultado da sele\u00e7\u00e3o ser\u00e1 divulgado no dia da abertura do sal\u00e3o, 23 de maio.<\/p>\n<p style=\"text-align: justify;\">Criado com o objetivo de identificar e revelar novos talentos das artes pl\u00e1sticas em Sergipe, o 26\u00ba Sal\u00e3o de Novos, segundo presidente da Funcaju, S\u00edlvio Santos, chega num momento oportuno. \u201cEstamos buscando dar visibilidade aos novos artistas e o sal\u00e3o vem cumprir esse papel. Muitos artistas que est\u00e3o fora das galerias ter\u00e3o a oportunidade de mostrar seus trabalhos. O sal\u00e3o funciona como uma vitrine, e a Prefeitura sabe a import\u00e2ncia que \u00e9 estimular os emergentes\u201d, observou.<\/p>\n<p style=\"text-align: justify;\">\u201cO Sal\u00e3o de Novos tem como principal objetivo revelar novos talentos das artes visuais. \u00c9 um concurso tradicional, que j\u00e1 est\u00e1 na sua 26\u00aa edi\u00e7\u00e3o. Grandes nomes das artes visuais em Sergipe e artistas consagrados j\u00e1 passaram por este sal\u00e3o. Artistas como F\u00e1bio Sampaio e o nosso professor de desenho art\u00edstico, Pedro Poeira, da Escola de Artes Valdice Teles, passaram por este concurso\u201d, lembrou Nino Karvan, diretor de Arte e Cultura da Funcaju.<\/p>\n<p style=\"text-align: justify;\">Os artistas interessados podem inscrever no m\u00e1ximo duas obras. N\u00e3o podem ter participado de outras exposi\u00e7\u00f5es individuais ou ter sido premiado em outras edi\u00e7\u00f5es do Sal\u00e3o de Novos. A inscri\u00e7\u00e3o \u00e9 gratuita e individual e os menores de 18 anos tamb\u00e9m poder\u00e3o participar, desde que autorizados pelos pais ou respons\u00e1vel. As obras podem ser apresentadas em forma de desenho, pintura, gravura, instala\u00e7\u00e3o, tape\u00e7aria ou qualquer outro suporte.<\/p>\n<p style=\"text-align: justify;\">Para se inscrever basta ir at\u00e9 a Galeria de Arte \u00c1lvaro Santos, que fica na Pra\u00e7a Ol\u00edmpio Campos, s\/n, no Centro de Aracaju e preencher o formul\u00e1rio. O hor\u00e1rio de funcionamento \u00e9 das 9h \u00e0s 17h.<\/p>\n<p style=\"text-align: justify;\"><img loading=\"lazy\" decoding=\"async\" class=\"aligncenter size-full wp-image-102041\" src=\"http:\/\/senoticias.com.br\/se\/wp-content\/uploads\/2017\/03\/Logo-fone-1-2-1-2-4-6.jpg\" alt=\"Logo-fone-1-2-1-2-4\" width=\"599\" height=\"78\" srcset=\"https:\/\/senoticias.com.br\/se\/wp-content\/uploads\/2017\/03\/Logo-fone-1-2-1-2-4-6.jpg 599w, https:\/\/senoticias.com.br\/se\/wp-content\/uploads\/2017\/03\/Logo-fone-1-2-1-2-4-6-300x39.jpg 300w\" sizes=\"(max-width: 599px) 100vw, 599px\" \/><\/p>\n<p style=\"text-align: justify;\"><strong>Acompanhe tamb\u00e9m o SE Not\u00edcias no<\/strong><span class=\"apple-converted-space\"><b>\u00a0<\/b><\/span><a href=\"https:\/\/twitter.com\/Senoticias\" target=\"_blank\"><b>Twitter<\/b><\/a><strong>,<\/strong><span class=\"apple-converted-space\"><b>\u00a0<\/b><\/span><a href=\"https:\/\/www.facebook.com\/senoticias1\" target=\"_blank\"><b>Facebook<\/b><span class=\"apple-converted-space\"><b>\u00a0<\/b><\/span><\/a><strong>e no<\/strong><span class=\"apple-converted-space\"><b>\u00a0<\/b><\/span><a href=\"https:\/\/www.instagram.com\/senoticias\/\" target=\"_blank\"><b>Instagram<\/b><\/a><strong>.<\/strong><\/p>\n<p><em>Fonte:Ascom\/ PMA<\/em><\/p>\n","protected":false},"excerpt":{"rendered":"<p>A Funda\u00e7\u00e3o Cultural Cidade de Aracaju (Funcaju), atrav\u00e9s da Galeria de Arte \u00c1lvaro Santos, abre inscri\u00e7\u00f5es para a 26\u00aa edi\u00e7\u00e3o do Sal\u00e3o dos Novos, que ser\u00e1 realizada de 23 de maio a 30 de junho. O per\u00edodo de inscri\u00e7\u00f5es dos trabalhos \u00e9 de 10 de abril a 5 de maio. Ser\u00e3o selecionadas tr\u00eas obras e [&hellip;]<\/p>\n","protected":false},"author":2,"featured_media":102235,"comment_status":"closed","ping_status":"closed","sticky":false,"template":"","format":"standard","meta":{"footnotes":""},"categories":[21],"tags":[2776,2775,2772,884,2774,2773],"class_list":{"0":"post-102234","1":"post","2":"type-post","3":"status-publish","4":"format-standard","5":"has-post-thumbnail","7":"category-entretenimento","8":"tag-26a-edicao","9":"tag-26a-edicao-do-salao-novos","10":"tag-funcaju","11":"tag-inscricoes","12":"tag-presidente-da-funcaju","13":"tag-silvio-santos"},"_links":{"self":[{"href":"https:\/\/senoticias.com.br\/se\/wp-json\/wp\/v2\/posts\/102234"}],"collection":[{"href":"https:\/\/senoticias.com.br\/se\/wp-json\/wp\/v2\/posts"}],"about":[{"href":"https:\/\/senoticias.com.br\/se\/wp-json\/wp\/v2\/types\/post"}],"author":[{"embeddable":true,"href":"https:\/\/senoticias.com.br\/se\/wp-json\/wp\/v2\/users\/2"}],"replies":[{"embeddable":true,"href":"https:\/\/senoticias.com.br\/se\/wp-json\/wp\/v2\/comments?post=102234"}],"version-history":[{"count":0,"href":"https:\/\/senoticias.com.br\/se\/wp-json\/wp\/v2\/posts\/102234\/revisions"}],"wp:featuredmedia":[{"embeddable":true,"href":"https:\/\/senoticias.com.br\/se\/wp-json\/wp\/v2\/media\/102235"}],"wp:attachment":[{"href":"https:\/\/senoticias.com.br\/se\/wp-json\/wp\/v2\/media?parent=102234"}],"wp:term":[{"taxonomy":"category","embeddable":true,"href":"https:\/\/senoticias.com.br\/se\/wp-json\/wp\/v2\/categories?post=102234"},{"taxonomy":"post_tag","embeddable":true,"href":"https:\/\/senoticias.com.br\/se\/wp-json\/wp\/v2\/tags?post=102234"}],"curies":[{"name":"wp","href":"https:\/\/api.w.org\/{rel}","templated":true}]}}