{"id":102231,"date":"2017-04-09T15:24:03","date_gmt":"2017-04-09T18:24:03","guid":{"rendered":"http:\/\/senoticias.com.br\/se\/?p=102231"},"modified":"2017-04-09T15:24:03","modified_gmt":"2017-04-09T18:24:03","slug":"policia-militar-prende-dono-de-espetinho-armado-na-zona-norte-de-aracaju","status":"publish","type":"post","link":"https:\/\/senoticias.com.br\/se\/policia-militar-prende-dono-de-espetinho-armado-na-zona-norte-de-aracaju\/","title":{"rendered":"Pol\u00edcia Militar prende dono de espetinho armado na zona norte de Aracaju"},"content":{"rendered":"<p style=\"text-align: justify;\">O Grupamento Especial T\u00e1tico de Motos da Pol\u00edcia Militar do Estado de Sergipe prendeu na tarde do s\u00e1bado, 8, na Avenida Santa Gleide, bairro Jos\u00e9 Conrado de Ara\u00fajo, Lamarks Maciel dos Santos, de 27 anos, por porte ilegal de arma de fogo.<\/p>\n<div id=\"attachment_102232\" style=\"width: 609px\" class=\"wp-caption aligncenter\"><img loading=\"lazy\" decoding=\"async\" aria-describedby=\"caption-attachment-102232\" class=\"size-full wp-image-102232\" src=\"http:\/\/senoticias.com.br\/se\/wp-content\/uploads\/2017\/04\/Preso-dono-de-espetinho-SENOTICIAS-e1491762073830.jpg\" alt=\"O suspeito \u00e9 dono de espetinho na zona norte de Aracaju\" width=\"599\" height=\"400\" \/><p id=\"caption-attachment-102232\" class=\"wp-caption-text\">O suspeito foi preso com um revolver calibre 38 om seis muni\u00e7\u00f5es (foto: PM\/SE)<\/p><\/div>\n<p style=\"text-align: justify;\">A Equipe Escorpi\u00e3o Supervisor fazia rondas pela capital, quando foi abordada por populares, que informavam sobre um homem que vendia espetinho na zona norte e que portava uma arma de fogo na cintura.<\/p>\n<p style=\"text-align: justify;\">Os policiais foram ao local indicado, constatando a den\u00fancia e apreendendo um rev\u00f3lver calibre 38 e seis muni\u00e7\u00f5es, em poder de Lamarks. O suspeito informou que estava armado para defesa pr\u00f3pria, pois o irm\u00e3o tinha sido morto recentemente e, por isso, ele temia pela pr\u00f3pria vida.<\/p>\n<p style=\"text-align: justify;\">Al\u00e9m do armamento, tamb\u00e9m foram apreendidos um celular, um rel\u00f3gio de marca Bvlgari e a quantia de R$ 151,80. Diante dos fatos, o caso foi levado \u00e0 3\u00aa Delegacia Metropolitana.<\/p>\n<p style=\"text-align: justify;\"><img loading=\"lazy\" decoding=\"async\" class=\"aligncenter size-full wp-image-102041\" src=\"http:\/\/senoticias.com.br\/se\/wp-content\/uploads\/2017\/03\/Logo-fone-1-2-1-2-4-6.jpg\" alt=\"Logo-fone-1-2-1-2-4\" width=\"599\" height=\"78\" srcset=\"https:\/\/senoticias.com.br\/se\/wp-content\/uploads\/2017\/03\/Logo-fone-1-2-1-2-4-6.jpg 599w, https:\/\/senoticias.com.br\/se\/wp-content\/uploads\/2017\/03\/Logo-fone-1-2-1-2-4-6-300x39.jpg 300w\" sizes=\"(max-width: 599px) 100vw, 599px\" \/><\/p>\n<p style=\"text-align: justify;\"><strong>Acompanhe tamb\u00e9m o SE Not\u00edcias no<\/strong><span class=\"apple-converted-space\"><b>\u00a0<\/b><\/span><a href=\"https:\/\/twitter.com\/Senoticias\" target=\"_blank\"><b>Twitter<\/b><\/a><strong>,<\/strong><span class=\"apple-converted-space\"><b>\u00a0<\/b><\/span><a href=\"https:\/\/www.facebook.com\/senoticias1\" target=\"_blank\"><b>Facebook<\/b><span class=\"apple-converted-space\"><b>\u00a0<\/b><\/span><\/a><strong>e no<\/strong><span class=\"apple-converted-space\"><b>\u00a0<\/b><\/span><a href=\"https:\/\/www.instagram.com\/senoticias\/\" target=\"_blank\"><b>Instagram<\/b><\/a><\/p>\n<p style=\"text-align: justify;\"><em>por Ascom\/PM\/SE<\/em><\/p>\n","protected":false},"excerpt":{"rendered":"<p>O Grupamento Especial T\u00e1tico de Motos da Pol\u00edcia Militar do Estado de Sergipe prendeu na tarde do s\u00e1bado, 8, na Avenida Santa Gleide, bairro Jos\u00e9 Conrado de Ara\u00fajo, Lamarks Maciel dos Santos, de 27 anos, por porte ilegal de arma de fogo. A Equipe Escorpi\u00e3o Supervisor fazia rondas pela capital, quando foi abordada por populares, [&hellip;]<\/p>\n","protected":false},"author":2,"featured_media":102232,"comment_status":"closed","ping_status":"closed","sticky":false,"template":"","format":"standard","meta":{"footnotes":""},"categories":[7],"tags":[],"class_list":{"0":"post-102231","1":"post","2":"type-post","3":"status-publish","4":"format-standard","5":"has-post-thumbnail","7":"category-policia"},"_links":{"self":[{"href":"https:\/\/senoticias.com.br\/se\/wp-json\/wp\/v2\/posts\/102231"}],"collection":[{"href":"https:\/\/senoticias.com.br\/se\/wp-json\/wp\/v2\/posts"}],"about":[{"href":"https:\/\/senoticias.com.br\/se\/wp-json\/wp\/v2\/types\/post"}],"author":[{"embeddable":true,"href":"https:\/\/senoticias.com.br\/se\/wp-json\/wp\/v2\/users\/2"}],"replies":[{"embeddable":true,"href":"https:\/\/senoticias.com.br\/se\/wp-json\/wp\/v2\/comments?post=102231"}],"version-history":[{"count":0,"href":"https:\/\/senoticias.com.br\/se\/wp-json\/wp\/v2\/posts\/102231\/revisions"}],"wp:featuredmedia":[{"embeddable":true,"href":"https:\/\/senoticias.com.br\/se\/wp-json\/wp\/v2\/media\/102232"}],"wp:attachment":[{"href":"https:\/\/senoticias.com.br\/se\/wp-json\/wp\/v2\/media?parent=102231"}],"wp:term":[{"taxonomy":"category","embeddable":true,"href":"https:\/\/senoticias.com.br\/se\/wp-json\/wp\/v2\/categories?post=102231"},{"taxonomy":"post_tag","embeddable":true,"href":"https:\/\/senoticias.com.br\/se\/wp-json\/wp\/v2\/tags?post=102231"}],"curies":[{"name":"wp","href":"https:\/\/api.w.org\/{rel}","templated":true}]}}