{"id":102229,"date":"2017-04-09T14:24:04","date_gmt":"2017-04-09T17:24:04","guid":{"rendered":"http:\/\/senoticias.com.br\/se\/?p=102229"},"modified":"2017-04-09T15:57:32","modified_gmt":"2017-04-09T18:57:32","slug":"dono-da-empresa-torres-e-preso-pela-policia-civil-em-aracaju","status":"publish","type":"post","link":"https:\/\/senoticias.com.br\/se\/dono-da-empresa-torres-e-preso-pela-policia-civil-em-aracaju\/","title":{"rendered":"Dono da Empresa Torre \u00e9 preso durante segunda fase da Opera\u00e7\u00e3o Babel"},"content":{"rendered":"<p style=\"text-align: justify;\">A Pol\u00edcia Civil de Sergipe, por meio do Departamento de Crimes contra a Ordem Tribut\u00e1ria e Administra\u00e7\u00e3o P\u00fablica (Deotap), deflagrou na manh\u00e3 deste domingo, 09, a segunda fase da Opera\u00e7\u00e3o Babel (<a href=\"http:\/\/senoticias.com.br\/se\/policia-civil-deflagra-operacao-para-apurar-crimes-envolvendo-a-coleta-de-lixo-em-aracaju\/\"><strong>relembre detalhes da primeira fase da Opera\u00e7\u00e3o Babel<\/strong><\/a>).<\/p>\n<div id=\"attachment_99724\" style=\"width: 609px\" class=\"wp-caption aligncenter\"><img loading=\"lazy\" decoding=\"async\" aria-describedby=\"caption-attachment-99724\" class=\"size-full wp-image-99724\" src=\"http:\/\/senoticias.com.br\/se\/wp-content\/uploads\/2017\/01\/Policia-Civil-SE-noticias-1-e1484953193314.jpg\" alt=\"Os mandados foram expedidos em raz\u00e3o do assalto que ocorreu em Outubro do ano passado na usina Campo Lindo. (Foto: ascom\/SSP\/SE)\" width=\"599\" height=\"399\" \/><p id=\"caption-attachment-99724\" class=\"wp-caption-text\">Os mandados foram expedidos pela 3\u00aa Vara Criminal. (Foto: arquivo\/ascom\/SSP\/SE)<\/p><\/div>\n<p style=\"text-align: justify;\">Foi cumprido mandado de pris\u00e3o preventiva, expedido pela 3a Vara Criminal, em face de Jos\u00e9 Ant\u00f4nio Torres Neto, propriet\u00e1rio da empresa TORRE.<\/p>\n<p style=\"text-align: justify;\">Neste momento, outros mandados est\u00e3o sendo cumpridos pela equipe do Deotap. Mais detalhes sobre a opera\u00e7\u00e3o ser\u00e3o repassados posteriormente \u00e0 imprensa.<\/p>\n<p style=\"text-align: justify;\"><em>Informa\u00e7\u00f5es da Pol\u00edcia Civil<\/em><\/p>\n<p style=\"text-align: justify;\"><img loading=\"lazy\" decoding=\"async\" class=\"aligncenter size-full wp-image-102041\" src=\"http:\/\/senoticias.com.br\/se\/wp-content\/uploads\/2017\/03\/Logo-fone-1-2-1-2-4-6.jpg\" alt=\"Logo-fone-1-2-1-2-4\" width=\"599\" height=\"78\" srcset=\"https:\/\/senoticias.com.br\/se\/wp-content\/uploads\/2017\/03\/Logo-fone-1-2-1-2-4-6.jpg 599w, https:\/\/senoticias.com.br\/se\/wp-content\/uploads\/2017\/03\/Logo-fone-1-2-1-2-4-6-300x39.jpg 300w\" sizes=\"(max-width: 599px) 100vw, 599px\" \/><\/p>\n<p style=\"text-align: justify;\"><strong>Acompanhe tamb\u00e9m o SE Not\u00edcias no<\/strong><span class=\"apple-converted-space\"><b>\u00a0<\/b><\/span><a href=\"https:\/\/twitter.com\/Senoticias\" target=\"_blank\"><b>Twitter<\/b><\/a><strong>,<\/strong><span class=\"apple-converted-space\"><b>\u00a0<\/b><\/span><a href=\"https:\/\/www.facebook.com\/senoticias1\" target=\"_blank\"><b>Facebook<\/b><span class=\"apple-converted-space\"><b>\u00a0<\/b><\/span><\/a><strong>e no<\/strong><span class=\"apple-converted-space\"><b>\u00a0<\/b><\/span><a href=\"https:\/\/www.instagram.com\/senoticias\/\" target=\"_blank\"><b>Instagram<\/b><\/a><strong>.<\/strong><\/p>\n","protected":false},"excerpt":{"rendered":"<p>A Pol\u00edcia Civil de Sergipe, por meio do Departamento de Crimes contra a Ordem Tribut\u00e1ria e Administra\u00e7\u00e3o P\u00fablica (Deotap), deflagrou na manh\u00e3 deste domingo, 09, a segunda fase da Opera\u00e7\u00e3o Babel (relembre detalhes da primeira fase da Opera\u00e7\u00e3o Babel). Foi cumprido mandado de pris\u00e3o preventiva, expedido pela 3a Vara Criminal, em face de Jos\u00e9 Ant\u00f4nio [&hellip;]<\/p>\n","protected":false},"author":2,"featured_media":99724,"comment_status":"closed","ping_status":"closed","sticky":false,"template":"","format":"standard","meta":{"footnotes":""},"categories":[15],"tags":[2770,2769,78,2771,2768],"class_list":{"0":"post-102229","1":"post","2":"type-post","3":"status-publish","4":"format-standard","5":"has-post-thumbnail","7":"category-destaques","8":"tag-dono-da-torre","9":"tag-operacao-babel","10":"tag-policia-civil","11":"tag-preso-em-aracaju","12":"tag-torre"},"_links":{"self":[{"href":"https:\/\/senoticias.com.br\/se\/wp-json\/wp\/v2\/posts\/102229"}],"collection":[{"href":"https:\/\/senoticias.com.br\/se\/wp-json\/wp\/v2\/posts"}],"about":[{"href":"https:\/\/senoticias.com.br\/se\/wp-json\/wp\/v2\/types\/post"}],"author":[{"embeddable":true,"href":"https:\/\/senoticias.com.br\/se\/wp-json\/wp\/v2\/users\/2"}],"replies":[{"embeddable":true,"href":"https:\/\/senoticias.com.br\/se\/wp-json\/wp\/v2\/comments?post=102229"}],"version-history":[{"count":0,"href":"https:\/\/senoticias.com.br\/se\/wp-json\/wp\/v2\/posts\/102229\/revisions"}],"wp:featuredmedia":[{"embeddable":true,"href":"https:\/\/senoticias.com.br\/se\/wp-json\/wp\/v2\/media\/99724"}],"wp:attachment":[{"href":"https:\/\/senoticias.com.br\/se\/wp-json\/wp\/v2\/media?parent=102229"}],"wp:term":[{"taxonomy":"category","embeddable":true,"href":"https:\/\/senoticias.com.br\/se\/wp-json\/wp\/v2\/categories?post=102229"},{"taxonomy":"post_tag","embeddable":true,"href":"https:\/\/senoticias.com.br\/se\/wp-json\/wp\/v2\/tags?post=102229"}],"curies":[{"name":"wp","href":"https:\/\/api.w.org\/{rel}","templated":true}]}}