{"id":102175,"date":"2017-04-05T22:11:26","date_gmt":"2017-04-06T01:11:26","guid":{"rendered":"http:\/\/senoticias.com.br\/se\/?p=102175"},"modified":"2017-04-05T22:11:26","modified_gmt":"2017-04-06T01:11:26","slug":"lider-do-governo-visita-primeiro-vice-presidente-do-senado","status":"publish","type":"post","link":"https:\/\/senoticias.com.br\/se\/lider-do-governo-visita-primeiro-vice-presidente-do-senado\/","title":{"rendered":"L\u00edder do Governo visita primeiro vice-presidente do Senado"},"content":{"rendered":"<div><\/div>\n<div style=\"text-align: justify;\"><\/div>\n<div style=\"text-align: justify;\">O deputado Andr\u00e9 Moura, l\u00edder do Governo no Congresso Nacional, realizou nesta quarta-feira (05), mais uma das visitas que tem feito aos gabinetes dos senadores. Desta vez, o encontro ocorreu com o senador C\u00e1ssio Cunha Lima (PSDB\/PB), vice-presidente da Casa.<\/p>\n<div id=\"attachment_102176\" style=\"width: 609px\" class=\"wp-caption aligncenter\"><img loading=\"lazy\" decoding=\"async\" aria-describedby=\"caption-attachment-102176\" class=\"size-full wp-image-102176\" src=\"http:\/\/senoticias.com.br\/se\/wp-content\/uploads\/2017\/04\/Andre-Moura-senoticias-e1491441040335.jpg\" alt=\"Andr\u00e9 Moura visita primeiro vice-presidente do Senado. (Foto: Nefy Dias)\" width=\"599\" height=\"397\" \/><p id=\"caption-attachment-102176\" class=\"wp-caption-text\">Andr\u00e9 Moura visita primeiro vice-presidente do Senado. (Foto: Nefy Dias)<\/p><\/div>\n<\/div>\n<div style=\"text-align: justify;\"><\/div>\n<div style=\"text-align: justify;\">A conversa durou cerca de 15 minutos e, no bate-papo, o l\u00edder tratou de temas importantes para o Governo Federal e se colocou \u00e0 disposi\u00e7\u00e3o do parlamentar para ajudar no que for necess\u00e1rio, em especial com as reformas que devem ser apreciadas pelo Congresso em breve.<\/div>\n<div><\/div>\n<div><img loading=\"lazy\" decoding=\"async\" class=\"aligncenter size-full wp-image-102041\" src=\"http:\/\/senoticias.com.br\/se\/wp-content\/uploads\/2017\/03\/Logo-fone-1-2-1-2-4-6.jpg\" alt=\"Logo-fone-1-2-1-2-4\" width=\"599\" height=\"78\" srcset=\"https:\/\/senoticias.com.br\/se\/wp-content\/uploads\/2017\/03\/Logo-fone-1-2-1-2-4-6.jpg 599w, https:\/\/senoticias.com.br\/se\/wp-content\/uploads\/2017\/03\/Logo-fone-1-2-1-2-4-6-300x39.jpg 300w\" sizes=\"(max-width: 599px) 100vw, 599px\" \/><\/div>\n<div><\/div>\n<div><strong>Acompanhe tamb\u00e9m o SE Not\u00edcias no<\/strong><span class=\"apple-converted-space\"><b>\u00a0<\/b><\/span><a href=\"https:\/\/twitter.com\/Senoticias\" target=\"_blank\"><b>Twitter<\/b><\/a><strong>,<\/strong><span class=\"apple-converted-space\"><b>\u00a0<\/b><\/span><a href=\"https:\/\/www.facebook.com\/senoticias1\" target=\"_blank\"><b>Facebook<\/b><span class=\"apple-converted-space\"><b>\u00a0<\/b><\/span><\/a><strong>e no<\/strong><span class=\"apple-converted-space\"><b>\u00a0<\/b><\/span><a href=\"https:\/\/www.instagram.com\/senoticias\/\" target=\"_blank\"><b>Instagram<\/b><\/a><\/div>\n<div>\n<div class=\"m_-594631195800014237gmail_signature\">\n<div dir=\"ltr\">\n<div>\n<div dir=\"ltr\">\n<div dir=\"ltr\">\n<div dir=\"ltr\">\n<div dir=\"ltr\">\n<div dir=\"ltr\">\n<div><\/div>\n<div>\n<div><em>Da Assessoria de Comunica\u00e7\u00e3o do dep. federal Andr\u00e9 Moura &#8211; AssCom\/AM<\/em><\/div>\n<\/div>\n<\/div>\n<\/div>\n<\/div>\n<\/div>\n<\/div>\n<\/div>\n<\/div>\n<\/div>\n<\/div>\n","protected":false},"excerpt":{"rendered":"<p>O deputado Andr\u00e9 Moura, l\u00edder do Governo no Congresso Nacional, realizou nesta quarta-feira (05), mais uma das visitas que tem feito aos gabinetes dos senadores. Desta vez, o encontro ocorreu com o senador C\u00e1ssio Cunha Lima (PSDB\/PB), vice-presidente da Casa. A conversa durou cerca de 15 minutos e, no bate-papo, o l\u00edder tratou de temas [&hellip;]<\/p>\n","protected":false},"author":2,"featured_media":102176,"comment_status":"closed","ping_status":"closed","sticky":false,"template":"","format":"standard","meta":{"footnotes":""},"categories":[6],"tags":[],"class_list":{"0":"post-102175","1":"post","2":"type-post","3":"status-publish","4":"format-standard","5":"has-post-thumbnail","7":"category-politica"},"_links":{"self":[{"href":"https:\/\/senoticias.com.br\/se\/wp-json\/wp\/v2\/posts\/102175"}],"collection":[{"href":"https:\/\/senoticias.com.br\/se\/wp-json\/wp\/v2\/posts"}],"about":[{"href":"https:\/\/senoticias.com.br\/se\/wp-json\/wp\/v2\/types\/post"}],"author":[{"embeddable":true,"href":"https:\/\/senoticias.com.br\/se\/wp-json\/wp\/v2\/users\/2"}],"replies":[{"embeddable":true,"href":"https:\/\/senoticias.com.br\/se\/wp-json\/wp\/v2\/comments?post=102175"}],"version-history":[{"count":0,"href":"https:\/\/senoticias.com.br\/se\/wp-json\/wp\/v2\/posts\/102175\/revisions"}],"wp:featuredmedia":[{"embeddable":true,"href":"https:\/\/senoticias.com.br\/se\/wp-json\/wp\/v2\/media\/102176"}],"wp:attachment":[{"href":"https:\/\/senoticias.com.br\/se\/wp-json\/wp\/v2\/media?parent=102175"}],"wp:term":[{"taxonomy":"category","embeddable":true,"href":"https:\/\/senoticias.com.br\/se\/wp-json\/wp\/v2\/categories?post=102175"},{"taxonomy":"post_tag","embeddable":true,"href":"https:\/\/senoticias.com.br\/se\/wp-json\/wp\/v2\/tags?post=102175"}],"curies":[{"name":"wp","href":"https:\/\/api.w.org\/{rel}","templated":true}]}}