{"id":102173,"date":"2017-04-05T22:02:03","date_gmt":"2017-04-06T01:02:03","guid":{"rendered":"http:\/\/senoticias.com.br\/se\/?p=102173"},"modified":"2017-04-05T22:02:03","modified_gmt":"2017-04-06T01:02:03","slug":"jackson-garante-apoio-ao-centenario-de-aparicao-de-nossa-senhora-de-fatima","status":"publish","type":"post","link":"https:\/\/senoticias.com.br\/se\/jackson-garante-apoio-ao-centenario-de-aparicao-de-nossa-senhora-de-fatima\/","title":{"rendered":"Jackson garante apoio ao centen\u00e1rio de apari\u00e7\u00e3o de Nossa Senhora de F\u00e1tima"},"content":{"rendered":"<p style=\"text-align: justify;\">O governador Jackson Barreto se reuniu nesta quarta-feira, 05, com o arcebispo da Arquidiocese de Aracaju, Dom Jo\u00e3o Jos\u00e9 da Costa, com o bispo da Diocese de Propri\u00e1, Dom M\u00e1rio Rinno e o bispo da Diocese de Est\u00e2ncia, Dom Giovanni Crippa, no Pal\u00e1cio de Veraneio.<\/p>\n<div id=\"attachment_102174\" style=\"width: 609px\" class=\"wp-caption aligncenter\"><img loading=\"lazy\" decoding=\"async\" aria-describedby=\"caption-attachment-102174\" class=\"size-full wp-image-102174\" src=\"http:\/\/senoticias.com.br\/se\/wp-content\/uploads\/2017\/04\/Jackson-Barreto-SENOTICIAS-e1491440432531.jpg\" alt=\"Em maio deste ano comemora-se o centen\u00e1rio de Nossa Senhora de F\u00e1tima, ou Nossa Senhora do Ros\u00e1rio de F\u00e1tima, uma das santas mais populares da Igreja Cat\u00f3lica  \" width=\"599\" height=\"399\" \/><p id=\"caption-attachment-102174\" class=\"wp-caption-text\">Em maio deste ano comemora-se o centen\u00e1rio de Nossa Senhora de F\u00e1tima, ou Nossa Senhora do Ros\u00e1rio de F\u00e1tima, uma das santas mais populares da Igreja Cat\u00f3lica. (Foto: Victor Ribeiro\/ASN)<\/p><\/div>\n<p style=\"text-align: justify;\">O governador garantiu aos bispos o apoio do Governo do Estado ao ato religioso em homenagem ao centen\u00e1rio de apari\u00e7\u00e3o de Nossa Senhora de F\u00e1tima, que vai ocorrer no m\u00eas de maio, no Parque da Sementeira.<\/p>\n<p style=\"text-align: justify;\">Jackson Barreto tamb\u00e9m assumiu o compromisso do governo com rela\u00e7\u00e3o ao acesso dos membros da Pastoral Carcer\u00e1ria junto aos pres\u00eddios. A Pastoral Carcer\u00e1ria leva evangeliza\u00e7\u00e3o \u00e0s unidades prisionais.<\/p>\n<p style=\"text-align: justify;\">Os bispos conversaram ainda com o governador sobre a privatiza\u00e7\u00e3o da Deso e sobre uma Argui\u00e7\u00e3o de Descumprimento de Preceito Fundamental (ADPF) que foi dada entrada no Supremo Tribunal Federal (STF) em Bras\u00edlia.<\/p>\n<p style=\"text-align: justify;\"><strong>Apari\u00e7\u00f5es<\/strong><\/p>\n<p style=\"text-align: justify;\">Em maio deste ano comemora-se o centen\u00e1rio de Nossa Senhora de F\u00e1tima, ou Nossa Senhora do Ros\u00e1rio de F\u00e1tima, uma das santas mais populares da Igreja Cat\u00f3lica. As apari\u00e7\u00f5es de Nossa Senhora em F\u00e1tima come\u00e7aram no dia 13 de maio de 1917, e tiveram como protagonistas tr\u00eas crian\u00e7as que pastoreavam um pequeno rebanho, na Cova da Iria, freguesia de F\u00e1tima, concelho de Vila Nova de Our\u00e9m, hoje diocese de Leiria-F\u00e1tima, em Portugal.<\/p>\n<p style=\"text-align: justify;\">Desde que aconteceram as apari\u00e7\u00f5es, o n\u00famero de peregrinos em Cova da Iria s\u00f3 come\u00e7ou a aumentar. As peregrina\u00e7\u00f5es come\u00e7aram a acontecer nos dias 13 de cada m\u00eas e foram intensificando-se, hoje ultrapassando os cinco milh\u00f5es de visitas anuais.<\/p>\n<p style=\"text-align: justify;\"><img loading=\"lazy\" decoding=\"async\" class=\"aligncenter size-full wp-image-102041\" src=\"http:\/\/senoticias.com.br\/se\/wp-content\/uploads\/2017\/03\/Logo-fone-1-2-1-2-4-6.jpg\" alt=\"Logo-fone-1-2-1-2-4\" width=\"599\" height=\"78\" srcset=\"https:\/\/senoticias.com.br\/se\/wp-content\/uploads\/2017\/03\/Logo-fone-1-2-1-2-4-6.jpg 599w, https:\/\/senoticias.com.br\/se\/wp-content\/uploads\/2017\/03\/Logo-fone-1-2-1-2-4-6-300x39.jpg 300w\" sizes=\"(max-width: 599px) 100vw, 599px\" \/><\/p>\n<p style=\"text-align: justify;\"><strong>Acompanhe tamb\u00e9m o SE Not\u00edcias no<\/strong><span class=\"apple-converted-space\"><b>\u00a0<\/b><\/span><a href=\"https:\/\/twitter.com\/Senoticias\" target=\"_blank\"><b>Twitter<\/b><\/a><strong>,<\/strong><span class=\"apple-converted-space\"><b>\u00a0<\/b><\/span><a href=\"https:\/\/www.facebook.com\/senoticias1\" target=\"_blank\"><b>Facebook<\/b><span class=\"apple-converted-space\"><b>\u00a0<\/b><\/span><\/a><strong>e no<\/strong><span class=\"apple-converted-space\"><b>\u00a0<\/b><\/span><a href=\"https:\/\/www.instagram.com\/senoticias\/\" target=\"_blank\"><b>Instagram<\/b><\/a><\/p>\n<p style=\"text-align: justify;\"><em>Ag\u00eancia Sergipe de Not\u00edcias<\/em><\/p>\n","protected":false},"excerpt":{"rendered":"<p>O governador Jackson Barreto se reuniu nesta quarta-feira, 05, com o arcebispo da Arquidiocese de Aracaju, Dom Jo\u00e3o Jos\u00e9 da Costa, com o bispo da Diocese de Propri\u00e1, Dom M\u00e1rio Rinno e o bispo da Diocese de Est\u00e2ncia, Dom Giovanni Crippa, no Pal\u00e1cio de Veraneio. O governador garantiu aos bispos o apoio do Governo do [&hellip;]<\/p>\n","protected":false},"author":2,"featured_media":102174,"comment_status":"closed","ping_status":"closed","sticky":false,"template":"","format":"standard","meta":{"footnotes":""},"categories":[15],"tags":[],"class_list":{"0":"post-102173","1":"post","2":"type-post","3":"status-publish","4":"format-standard","5":"has-post-thumbnail","7":"category-destaques"},"_links":{"self":[{"href":"https:\/\/senoticias.com.br\/se\/wp-json\/wp\/v2\/posts\/102173"}],"collection":[{"href":"https:\/\/senoticias.com.br\/se\/wp-json\/wp\/v2\/posts"}],"about":[{"href":"https:\/\/senoticias.com.br\/se\/wp-json\/wp\/v2\/types\/post"}],"author":[{"embeddable":true,"href":"https:\/\/senoticias.com.br\/se\/wp-json\/wp\/v2\/users\/2"}],"replies":[{"embeddable":true,"href":"https:\/\/senoticias.com.br\/se\/wp-json\/wp\/v2\/comments?post=102173"}],"version-history":[{"count":0,"href":"https:\/\/senoticias.com.br\/se\/wp-json\/wp\/v2\/posts\/102173\/revisions"}],"wp:featuredmedia":[{"embeddable":true,"href":"https:\/\/senoticias.com.br\/se\/wp-json\/wp\/v2\/media\/102174"}],"wp:attachment":[{"href":"https:\/\/senoticias.com.br\/se\/wp-json\/wp\/v2\/media?parent=102173"}],"wp:term":[{"taxonomy":"category","embeddable":true,"href":"https:\/\/senoticias.com.br\/se\/wp-json\/wp\/v2\/categories?post=102173"},{"taxonomy":"post_tag","embeddable":true,"href":"https:\/\/senoticias.com.br\/se\/wp-json\/wp\/v2\/tags?post=102173"}],"curies":[{"name":"wp","href":"https:\/\/api.w.org\/{rel}","templated":true}]}}