{"id":102167,"date":"2017-04-05T19:57:08","date_gmt":"2017-04-05T22:57:08","guid":{"rendered":"http:\/\/senoticias.com.br\/se\/?p=102167"},"modified":"2017-04-05T20:20:05","modified_gmt":"2017-04-05T23:20:05","slug":"prefeito-participa-de-posse-dos-novos-secretarios-de-cultura-e-planejamento","status":"publish","type":"post","link":"https:\/\/senoticias.com.br\/se\/prefeito-participa-de-posse-dos-novos-secretarios-de-cultura-e-planejamento\/","title":{"rendered":"Prefeito participa de posse dos novos secret\u00e1rios de Cultura e Planejamento"},"content":{"rendered":"<p style=\"text-align: justify;\">O prefeito Marcos Santana participou nesta quarta-feira (05), no Pal\u00e1cio de Despachos, da posse dos novos secret\u00e1rios de Estado da Cultura e do Planejamento, Administra\u00e7\u00e3o e Gest\u00e3o. O secret\u00e1rio Jo\u00e3o Augusto Gama deixou o comando da Seplag e assumiu a titularidade da Cultura. Em seu lugar, assumiu Rosman Pereira dos Santos, que deixou a Companhia de Desenvolvimento de Sergipe (Codise).<\/p>\n<div id=\"attachment_102168\" style=\"width: 609px\" class=\"wp-caption aligncenter\"><img loading=\"lazy\" decoding=\"async\" aria-describedby=\"caption-attachment-102168\" class=\"size-full wp-image-102168\" src=\"http:\/\/senoticias.com.br\/se\/wp-content\/uploads\/2017\/04\/IMG_3520-e1491432915157.jpg\" alt=\"felicitou o novo secret\u00e1rio pela oportunidade, desejou boa sorte neste novo desafio\" width=\"599\" height=\"399\" \/><p id=\"caption-attachment-102168\" class=\"wp-caption-text\">felicitou o novo secret\u00e1rio pela oportunidade, desejou boa sorte neste novo desafio<\/p><\/div>\n<p style=\"text-align: justify;\"><strong>Hist\u00f3rico<\/strong><\/p>\n<p style=\"text-align: justify;\">Jo\u00e3o Augusto Gama da Silva \u00e9 formado em Direito pela Universidade Federal de Sergipe, em 1970, e iniciou a vida p\u00fablica em 1984, como presidente da Empresa Municipal de Urbaniza\u00e7\u00e3o de Aracaju (Emurb). Em 1993, assumiu o cargo de Superintendente da SMTT de Aracaju.<\/p>\n<p style=\"text-align: justify;\">Foi secret\u00e1rio Municipal de Administra\u00e7\u00e3o de Aracaju em 1994 e presidente da C\u00e2mara de Dirigentes Lojistas de Sergipe (CDL) de 1995 a 1996. Na \u00e1rea empresarial, fundou a Representa\u00e7\u00f5es Gama Ltda (1965) e Distribuidora Gama Ltda (1985).<\/p>\n<p style=\"text-align: justify;\">Entre 1996 a 2000 foi efeito prefeito de Aracaju, entre suas principais realiza\u00e7\u00f5es est\u00e1 a constru\u00e7\u00e3o do mercado municipal no centro da cidade. Entre 2007 a 2009 foi secret\u00e1rio de Estado do Turismo e em 2014 assumiu a pasta do Planejamento, Or\u00e7amento e Gest\u00e3o de Sergipe.<\/p>\n<p style=\"text-align: justify;\">Rosman Pereira dos Santos \u00e9 administrador de Empresa, com especializa\u00e7\u00e3o em Gest\u00e3o de Pessoas e Gest\u00e3o de RH. Foi diretor geral do Complexo Penitenci\u00e1rio Dr. Manoel de Carvalho Neto e diretor da Cadeia P\u00fablica Territorial de Nossa Senhora do Socorro. Atuou como coordenador Geral dos Centros de Atendimento ao Consumidor (Ceacs); diretor de Recursos Minerais e diretor Presidente da Companhia do Desenvolvimento Econ\u00f4mico de Sergipe.<\/p>\n<p style=\"text-align: justify;\"><strong>Presen\u00e7as<\/strong><\/p>\n<p style=\"text-align: justify;\">Compareceram \u00e0 solenidade de posse dos novos secret\u00e1rios, o vice-governador Belivaldo Chagas, os deputados estaduais Garibaldi Mendon\u00e7a, Robson Viana; o vereador Juv\u00eancio Oliveira; os prefeitos de Aracaju, Edvaldo Nogueira; de Tobias Barreto, Di\u00f3genes Almeida; de Telha Fl\u00e1vio Freire Dias e o de S\u00e3o Crist\u00f3v\u00e3o, Marcos Santana; o ex-deputado federal, Jer\u00f4nimo Reis, o ex-deputado estadual, Wandeerl\u00ea Correia, a vice-prefeita de Aracaju Eliane Aquino; Vanderlan Correia, presidente da C\u00e2mara de Vereadores de S\u00e3o Crist\u00f3v\u00e3o, Carlos Tadeu, secret\u00e1rio de Meio Ambiente de S\u00e3o Crist\u00f3v\u00e3o. Al\u00e9m de secret\u00e1rios de Estado e dirigentes de \u00f3rg\u00e3os.<\/p>\n<p style=\"text-align: justify;\"><img loading=\"lazy\" decoding=\"async\" class=\"aligncenter size-full wp-image-102041\" src=\"http:\/\/senoticias.com.br\/se\/wp-content\/uploads\/2017\/03\/Logo-fone-1-2-1-2-4-6.jpg\" alt=\"Logo-fone-1-2-1-2-4\" width=\"599\" height=\"78\" srcset=\"https:\/\/senoticias.com.br\/se\/wp-content\/uploads\/2017\/03\/Logo-fone-1-2-1-2-4-6.jpg 599w, https:\/\/senoticias.com.br\/se\/wp-content\/uploads\/2017\/03\/Logo-fone-1-2-1-2-4-6-300x39.jpg 300w\" sizes=\"(max-width: 599px) 100vw, 599px\" \/><\/p>\n<p style=\"text-align: justify;\"><strong>Acompanhe tamb\u00e9m o SE Not\u00edcias no<\/strong><span class=\"apple-converted-space\"><b>\u00a0<\/b><\/span><a href=\"https:\/\/twitter.com\/Senoticias\" target=\"_blank\"><b>Twitter<\/b><\/a><strong>,<\/strong><span class=\"apple-converted-space\"><b>\u00a0<\/b><\/span><a href=\"https:\/\/www.facebook.com\/senoticias1\" target=\"_blank\"><b>Facebook<\/b><span class=\"apple-converted-space\"><b>\u00a0<\/b><\/span><\/a><strong>e no<\/strong><span class=\"apple-converted-space\"><b>\u00a0<\/b><\/span><a href=\"https:\/\/www.instagram.com\/senoticias\/\" target=\"_blank\"><b>Instagram<\/b><\/a><\/p>\n<p>Com informa\u00e7\u00f5es da Ag\u00eancia Sergipe de Not\u00edcias<\/p>\n","protected":false},"excerpt":{"rendered":"<p>O prefeito Marcos Santana participou nesta quarta-feira (05), no Pal\u00e1cio de Despachos, da posse dos novos secret\u00e1rios de Estado da Cultura e do Planejamento, Administra\u00e7\u00e3o e Gest\u00e3o. O secret\u00e1rio Jo\u00e3o Augusto Gama deixou o comando da Seplag e assumiu a titularidade da Cultura. Em seu lugar, assumiu Rosman Pereira dos Santos, que deixou a Companhia [&hellip;]<\/p>\n","protected":false},"author":2,"featured_media":102168,"comment_status":"closed","ping_status":"closed","sticky":false,"template":"","format":"standard","meta":{"footnotes":""},"categories":[38,1],"tags":[],"class_list":{"0":"post-102167","1":"post","2":"type-post","3":"status-publish","4":"format-standard","5":"has-post-thumbnail","7":"category-municipios","8":"category-sem-categoria"},"_links":{"self":[{"href":"https:\/\/senoticias.com.br\/se\/wp-json\/wp\/v2\/posts\/102167"}],"collection":[{"href":"https:\/\/senoticias.com.br\/se\/wp-json\/wp\/v2\/posts"}],"about":[{"href":"https:\/\/senoticias.com.br\/se\/wp-json\/wp\/v2\/types\/post"}],"author":[{"embeddable":true,"href":"https:\/\/senoticias.com.br\/se\/wp-json\/wp\/v2\/users\/2"}],"replies":[{"embeddable":true,"href":"https:\/\/senoticias.com.br\/se\/wp-json\/wp\/v2\/comments?post=102167"}],"version-history":[{"count":0,"href":"https:\/\/senoticias.com.br\/se\/wp-json\/wp\/v2\/posts\/102167\/revisions"}],"wp:featuredmedia":[{"embeddable":true,"href":"https:\/\/senoticias.com.br\/se\/wp-json\/wp\/v2\/media\/102168"}],"wp:attachment":[{"href":"https:\/\/senoticias.com.br\/se\/wp-json\/wp\/v2\/media?parent=102167"}],"wp:term":[{"taxonomy":"category","embeddable":true,"href":"https:\/\/senoticias.com.br\/se\/wp-json\/wp\/v2\/categories?post=102167"},{"taxonomy":"post_tag","embeddable":true,"href":"https:\/\/senoticias.com.br\/se\/wp-json\/wp\/v2\/tags?post=102167"}],"curies":[{"name":"wp","href":"https:\/\/api.w.org\/{rel}","templated":true}]}}