{"id":102164,"date":"2017-04-05T15:01:36","date_gmt":"2017-04-05T18:01:36","guid":{"rendered":"http:\/\/senoticias.com.br\/se\/?p=102164"},"modified":"2017-04-05T15:05:24","modified_gmt":"2017-04-05T18:05:24","slug":"cdl-promove-o-i-mutirao-de-recuperacao-de-credito-limpa-nome","status":"publish","type":"post","link":"https:\/\/senoticias.com.br\/se\/cdl-promove-o-i-mutirao-de-recuperacao-de-credito-limpa-nome\/","title":{"rendered":"CDL promove o I Mutir\u00e3o de Recupera\u00e7\u00e3o de Cr\u00e9dito (Limpa Nome)"},"content":{"rendered":"<p>A C\u00e2mara de Dirigentes Lojistas (CDL) est\u00e1 realizando uma parceria com a C\u00e2mara Privada de Concilia\u00e7\u00e3o, Media\u00e7\u00e3o e Arbitragem, com o objetivo de promover a renegocia\u00e7\u00e3o e pagamento de d\u00edvidas de pessoas com empresas conveniadas.<\/p>\n<div id=\"attachment_74683\" style=\"width: 528px\" class=\"wp-caption aligncenter\"><img loading=\"lazy\" decoding=\"async\" aria-describedby=\"caption-attachment-74683\" class=\"size-full wp-image-74683\" src=\"http:\/\/senoticias.com.br\/se\/wp-content\/uploads\/2015\/01\/IMG_20150106_154202893_HDR.jpg\" alt=\"Presidente da CDL\/Aracaju. (Foto: Brenno Barreto)\" width=\"518\" height=\"291\" srcset=\"https:\/\/senoticias.com.br\/se\/wp-content\/uploads\/2015\/01\/IMG_20150106_154202893_HDR.jpg 518w, https:\/\/senoticias.com.br\/se\/wp-content\/uploads\/2015\/01\/IMG_20150106_154202893_HDR-300x168.jpg 300w, https:\/\/senoticias.com.br\/se\/wp-content\/uploads\/2015\/01\/IMG_20150106_154202893_HDR-342x192.jpg 342w\" sizes=\"(max-width: 518px) 100vw, 518px\" \/><p id=\"caption-attachment-74683\" class=\"wp-caption-text\">Presidente da CDL\/Aracaju. (Foto: asco \/CDL)<\/p><\/div>\n<p>Fruto dessa uni\u00e3o \u00e9 o I Mutir\u00e3o de Recupera\u00e7\u00e3o de Cr\u00e9dito, que ser\u00e1 realizado pela C\u00e2mara de Media\u00e7\u00e3o no pr\u00f3ximo\u00a0<strong><em>s\u00e1bado, 8, das 8h \u00e0s 17h<\/em><\/strong>, na sede da institui\u00e7\u00e3o, localizada na travessa Gen\u00e9sio Fontes, n\u00ba 42, bairro Su\u00edssa.<\/p>\n<p>&nbsp;<\/p>\n<p style=\"text-align: justify;\">De acordo com a advogada Ana Sarmento, que coordena a C\u00e2mara Privada de Concilia\u00e7\u00e3o, Media\u00e7\u00e3o e Arbitragem, esse primeiro mutir\u00e3o ter\u00e1 como p\u00fablico cerca de 300 clientes que possuem d\u00e9bitos com as empresas CECAPI e APROVA.\u00a0Futuramente outros mutir\u00f5es ser\u00e3o realizados com clientes de outras empresas.<\/p>\n<p style=\"text-align: justify;\">Ela explicou que as empresas interessadas podem entrar em contato com a CDL e assinar um acordo de ades\u00e3o com a C\u00e2mara de Media\u00e7\u00e3o, que far\u00e1 todo o trabalho de renegocia\u00e7\u00e3o das d\u00edvidas, atrav\u00e9s de uma conversa entre os dois lados envolvidos.<\/p>\n<p style=\"text-align: justify;\">\u201cQuando se realiza a media\u00e7\u00e3o, conseguimos dar ao cliente a satisfa\u00e7\u00e3o de solucionar a d\u00edvida. Estatisticamente, 80% dos casos s\u00e3o resolvidos, pois a solu\u00e7\u00e3o foi encontrada entre as duas partes. Na media\u00e7\u00e3o, conseguimos desarmar o credor e o devedor, e assim favorecemos a retomada do empoderamento do consumidor\u201d, afirmou.<\/p>\n<p style=\"text-align: justify;\">Segundo o presidente da CDL, Brenno Barreto, essa a\u00e7\u00e3o \u00e9 fundamental para que as pessoas que possuem d\u00e9bitos com empresas possam ter mais credibilidade e voltar a comprar.<\/p>\n<p>&nbsp;<\/p>\n<p>\u201cA C\u00e2mara de Media\u00e7\u00e3o, junto com a CDL, promove esse mutir\u00e3o que ir\u00e1 facilitar a renegocia\u00e7\u00e3o das d\u00edvidas de clientes com as empresas. Isso far\u00e1 com que os consumidores voltem a ter os seus nomes limpos e retomem o seu poder de compra\u201d, declarou.<\/p>\n<p>&nbsp;<\/p>\n<p>Ascom\/CDL<\/p>\n<p>&nbsp;<\/p>\n<p><img loading=\"lazy\" decoding=\"async\" class=\"aligncenter size-full wp-image-102041\" src=\"http:\/\/senoticias.com.br\/se\/wp-content\/uploads\/2017\/03\/Logo-fone-1-2-1-2-4-6.jpg\" alt=\"Logo-fone-1-2-1-2-4\" width=\"599\" height=\"78\" srcset=\"https:\/\/senoticias.com.br\/se\/wp-content\/uploads\/2017\/03\/Logo-fone-1-2-1-2-4-6.jpg 599w, https:\/\/senoticias.com.br\/se\/wp-content\/uploads\/2017\/03\/Logo-fone-1-2-1-2-4-6-300x39.jpg 300w\" sizes=\"(max-width: 599px) 100vw, 599px\" \/><\/p>\n<p>&nbsp;<\/p>\n<p>&nbsp;<\/p>\n<p><strong>Acompanhe tamb\u00e9m o SE Not\u00edcias no<\/strong><span class=\"apple-converted-space\"><b>\u00a0<\/b><\/span><a href=\"https:\/\/twitter.com\/Senoticias\" target=\"_blank\"><b>Twitter<\/b><\/a><strong>,<\/strong><span class=\"apple-converted-space\"><b>\u00a0<\/b><\/span><a href=\"https:\/\/www.facebook.com\/senoticias1\" target=\"_blank\"><b>Facebook<\/b><span class=\"apple-converted-space\"><b>\u00a0<\/b><\/span><\/a><strong>e no<\/strong><span class=\"apple-converted-space\"><b>\u00a0<\/b><\/span><a href=\"https:\/\/www.instagram.com\/senoticias\/\" target=\"_blank\"><b>Instagram<\/b><\/a><\/p>\n","protected":false},"excerpt":{"rendered":"<p>A C\u00e2mara de Dirigentes Lojistas (CDL) est\u00e1 realizando uma parceria com a C\u00e2mara Privada de Concilia\u00e7\u00e3o, Media\u00e7\u00e3o e Arbitragem, com o objetivo de promover a renegocia\u00e7\u00e3o e pagamento de d\u00edvidas de pessoas com empresas conveniadas. Fruto dessa uni\u00e3o \u00e9 o I Mutir\u00e3o de Recupera\u00e7\u00e3o de Cr\u00e9dito, que ser\u00e1 realizado pela C\u00e2mara de Media\u00e7\u00e3o no pr\u00f3ximo\u00a0s\u00e1bado, [&hellip;]<\/p>\n","protected":false},"author":2,"featured_media":74683,"comment_status":"closed","ping_status":"closed","sticky":false,"template":"","format":"standard","meta":{"footnotes":""},"categories":[8],"tags":[],"class_list":{"0":"post-102164","1":"post","2":"type-post","3":"status-publish","4":"format-standard","5":"has-post-thumbnail","7":"category-esporte-e-cultura"},"_links":{"self":[{"href":"https:\/\/senoticias.com.br\/se\/wp-json\/wp\/v2\/posts\/102164"}],"collection":[{"href":"https:\/\/senoticias.com.br\/se\/wp-json\/wp\/v2\/posts"}],"about":[{"href":"https:\/\/senoticias.com.br\/se\/wp-json\/wp\/v2\/types\/post"}],"author":[{"embeddable":true,"href":"https:\/\/senoticias.com.br\/se\/wp-json\/wp\/v2\/users\/2"}],"replies":[{"embeddable":true,"href":"https:\/\/senoticias.com.br\/se\/wp-json\/wp\/v2\/comments?post=102164"}],"version-history":[{"count":0,"href":"https:\/\/senoticias.com.br\/se\/wp-json\/wp\/v2\/posts\/102164\/revisions"}],"wp:featuredmedia":[{"embeddable":true,"href":"https:\/\/senoticias.com.br\/se\/wp-json\/wp\/v2\/media\/74683"}],"wp:attachment":[{"href":"https:\/\/senoticias.com.br\/se\/wp-json\/wp\/v2\/media?parent=102164"}],"wp:term":[{"taxonomy":"category","embeddable":true,"href":"https:\/\/senoticias.com.br\/se\/wp-json\/wp\/v2\/categories?post=102164"},{"taxonomy":"post_tag","embeddable":true,"href":"https:\/\/senoticias.com.br\/se\/wp-json\/wp\/v2\/tags?post=102164"}],"curies":[{"name":"wp","href":"https:\/\/api.w.org\/{rel}","templated":true}]}}