{"id":102162,"date":"2017-04-05T14:39:30","date_gmt":"2017-04-05T17:39:30","guid":{"rendered":"http:\/\/senoticias.com.br\/se\/?p=102162"},"modified":"2017-04-05T14:39:30","modified_gmt":"2017-04-05T17:39:30","slug":"ipesaude-ultrapassa-os-107-mil-atendimentos-nos-tres-primeiros-meses-do-ano","status":"publish","type":"post","link":"https:\/\/senoticias.com.br\/se\/ipesaude-ultrapassa-os-107-mil-atendimentos-nos-tres-primeiros-meses-do-ano\/","title":{"rendered":"Ipesa\u00fade ultrapassa os 107 mil atendimentos nos tr\u00eas primeiros meses do ano"},"content":{"rendered":"<p style=\"text-align: justify;\">O Ipesa\u00fade atingiu a marca de 107.309 atendimentos em todo o Estado nos meses de Janeiro, Fevereiro e Mar\u00e7o deste ano. O n\u00famero corresponde desde marca\u00e7\u00e3o de exames e consultas nas redes pr\u00f3prias e credenciadas e nas unidades especializadas como o Centro de Promo\u00e7\u00e3o a Sa\u00fade Luciano Barreto J\u00fanior e o Centro de Reabilita\u00e7\u00e3o Maria Virg\u00ednia Leite Franco.S\u00f3 neste m\u00eas foram quase 15 mil consultas e exames marcados na central de atendimento. \u201c A maior parte do atendimento acontece nessa central, totalizando em torno de 60% dessa estatistica que estamos divulgando. Antes da implanta\u00e7\u00e3o de nossa pol\u00edtica de descentraliza\u00e7\u00e3o, esse n\u00famero chegava a quase 100%. Estamos nos esfor\u00e7ando para descentralizar cada vez mais o servi\u00e7o, atrav\u00e9s dos servi\u00e7os pr\u00f3prios e dos recadastramentos das cl\u00ednicas, pois metade de nossos benefici\u00e1rios s\u00e3o do interior do Estado\u201d, explica o diretor presidente Christian Oliveira.<\/p>\n<div id=\"attachment_102163\" style=\"width: 609px\" class=\"wp-caption aligncenter\"><img loading=\"lazy\" decoding=\"async\" aria-describedby=\"caption-attachment-102163\" class=\"size-full wp-image-102163\" src=\"http:\/\/senoticias.com.br\/se\/wp-content\/uploads\/2017\/04\/IPESSAUDESENOTICIAS-e1491412945422.jpg\" alt=\"Ipesa\u00fade ultrapassa os 107 mil atendimentos s\u00f3 nos primeiros dias de 2017\" width=\"599\" height=\"377\" \/><p id=\"caption-attachment-102163\" class=\"wp-caption-text\">Ipesa\u00fade ultrapassa os 107 mil atendimentos s\u00f3 nos primeiros dias de 2017. (Foto: \u00a0Google Maps)<\/p><\/div>\n<p style=\"text-align: justify;\">\nCircuito de Palestras em Lagarto \u2013 Dentro dessas a\u00e7\u00f5es, o Ipesa\u00fade est\u00e1 realizando desde o \u00faltimo dia 31, o Circuito de Palestras sobre a Sa\u00fade da Mulher nas unidades regionais do Instituto. \u201c Fizemos o encontro de Itabaiana, onde, al\u00e9m da palestra, apresentamos todos os exames e consultas dispon\u00edveis atrav\u00e9s da rede credenciada. Em Lagarto, faremos o mesmo, no final do m\u00eas\u201d, explicou Christian. Como unidade p\u00f3lo, Lagarto atende aos munic\u00edpios de Sim\u00e3o Dias, Po\u00e7o Verde, Riach\u00e3o do Dantas, Salgado, Tobias Barreto e Boquim, oferecendo as especialidades m\u00e9dicas, Enfermagem e Fisioterapia, al\u00e9m dos procedimentos de marca\u00e7\u00e3o de exames eletivos, emiss\u00e3o de guias para procedimentos diversos, atualiza\u00e7\u00e3o cadastral, renova\u00e7\u00e3o de carteirinhas e demais servi\u00e7os em sincronia com a rede Ipesa\u00fade .\u201cIsso acontece tamb\u00e9m atrav\u00e9s do conv\u00eanio firmado com a Universidade Federal de Sergipe (UFS), no qual os melhores m\u00e9dicos do Estado, que s\u00e3o professores do Campus da Sa\u00fade da regi\u00e3o est\u00e3o dispon\u00edveis nas especialidades de Cardiologia, Endocrinologia, Cl\u00ednica M\u00e9dica, Ginecologia, Pediatria\u201d, detalha o diretor presidente. A unidade de Lagarto, situada na avenida Contorno, 946.<\/p>\n<p style=\"text-align: justify;\">\nNova Central &#8211; A partir do m\u00eas de junho deste ano, com previs\u00e3o de seis meses, ser\u00e1 constru\u00edda no Ipesa\u00fade a nova central de atendimento, com entrada independente pela Rua Campos. Atualmente o acesso se d\u00e1 por dentro da sede com sa\u00edda pela Rua Duque de Caxias.\u201c O objetivo \u00e9 ampliar o atendimento e humanizar o setor, a atual central tem 300 metros quadrados e a nova ter\u00e1 400 metros quadrados, vinte guich\u00eas e cento e quarenta e cinco lugares para espera com uma estrutura bastante moderna, nos padr\u00f5es das grandes cl\u00ednicas do pa\u00eds\u201d, informa a arquiteta respons\u00e1vel pela obra, Fabr\u00edcia Maia. O investimento na obra ultrapassa os R$ 500.000,00 em recursos pr\u00f3prios do Ipesa\u00fade.<\/p>\n<p style=\"text-align: justify;\"><img loading=\"lazy\" decoding=\"async\" class=\"aligncenter size-full wp-image-102041\" src=\"http:\/\/senoticias.com.br\/se\/wp-content\/uploads\/2017\/03\/Logo-fone-1-2-1-2-4-6.jpg\" alt=\"Logo-fone-1-2-1-2-4\" width=\"599\" height=\"78\" srcset=\"https:\/\/senoticias.com.br\/se\/wp-content\/uploads\/2017\/03\/Logo-fone-1-2-1-2-4-6.jpg 599w, https:\/\/senoticias.com.br\/se\/wp-content\/uploads\/2017\/03\/Logo-fone-1-2-1-2-4-6-300x39.jpg 300w\" sizes=\"(max-width: 599px) 100vw, 599px\" \/><\/p>\n<p style=\"text-align: justify;\"><strong>Acompanhe tamb\u00e9m o SE Not\u00edcias no<\/strong><span class=\"apple-converted-space\"><b>\u00a0<\/b><\/span><a href=\"https:\/\/twitter.com\/Senoticias\" target=\"_blank\"><b>Twitter<\/b><\/a><strong>,<\/strong><span class=\"apple-converted-space\"><b>\u00a0<\/b><\/span><a href=\"https:\/\/www.facebook.com\/senoticias1\" target=\"_blank\"><b>Facebook<\/b><span class=\"apple-converted-space\"><b>\u00a0<\/b><\/span><\/a><strong>e no<\/strong><span class=\"apple-converted-space\"><b>\u00a0<\/b><\/span><a href=\"https:\/\/www.instagram.com\/senoticias\/\" target=\"_blank\"><b>Instagram<\/b><\/a><\/p>\n<p style=\"text-align: justify;\"><em>Da Assessoria de Imprensa<\/em><\/p>\n","protected":false},"excerpt":{"rendered":"<p>O Ipesa\u00fade atingiu a marca de 107.309 atendimentos em todo o Estado nos meses de Janeiro, Fevereiro e Mar\u00e7o deste ano. O n\u00famero corresponde desde marca\u00e7\u00e3o de exames e consultas nas redes pr\u00f3prias e credenciadas e nas unidades especializadas como o Centro de Promo\u00e7\u00e3o a Sa\u00fade Luciano Barreto J\u00fanior e o Centro de Reabilita\u00e7\u00e3o Maria [&hellip;]<\/p>\n","protected":false},"author":2,"featured_media":102163,"comment_status":"closed","ping_status":"closed","sticky":false,"template":"","format":"standard","meta":{"footnotes":""},"categories":[6],"tags":[],"class_list":{"0":"post-102162","1":"post","2":"type-post","3":"status-publish","4":"format-standard","5":"has-post-thumbnail","7":"category-politica"},"_links":{"self":[{"href":"https:\/\/senoticias.com.br\/se\/wp-json\/wp\/v2\/posts\/102162"}],"collection":[{"href":"https:\/\/senoticias.com.br\/se\/wp-json\/wp\/v2\/posts"}],"about":[{"href":"https:\/\/senoticias.com.br\/se\/wp-json\/wp\/v2\/types\/post"}],"author":[{"embeddable":true,"href":"https:\/\/senoticias.com.br\/se\/wp-json\/wp\/v2\/users\/2"}],"replies":[{"embeddable":true,"href":"https:\/\/senoticias.com.br\/se\/wp-json\/wp\/v2\/comments?post=102162"}],"version-history":[{"count":0,"href":"https:\/\/senoticias.com.br\/se\/wp-json\/wp\/v2\/posts\/102162\/revisions"}],"wp:featuredmedia":[{"embeddable":true,"href":"https:\/\/senoticias.com.br\/se\/wp-json\/wp\/v2\/media\/102163"}],"wp:attachment":[{"href":"https:\/\/senoticias.com.br\/se\/wp-json\/wp\/v2\/media?parent=102162"}],"wp:term":[{"taxonomy":"category","embeddable":true,"href":"https:\/\/senoticias.com.br\/se\/wp-json\/wp\/v2\/categories?post=102162"},{"taxonomy":"post_tag","embeddable":true,"href":"https:\/\/senoticias.com.br\/se\/wp-json\/wp\/v2\/tags?post=102162"}],"curies":[{"name":"wp","href":"https:\/\/api.w.org\/{rel}","templated":true}]}}