{"id":102051,"date":"2017-03-31T21:49:19","date_gmt":"2017-04-01T00:49:19","guid":{"rendered":"http:\/\/senoticias.com.br\/se\/?p=102051"},"modified":"2017-03-31T21:55:59","modified_gmt":"2017-04-01T00:55:59","slug":"para-andre-moura-sergipe-pode-se-tornar-estado-piloto-na-erradicacao-de-lixoes","status":"publish","type":"post","link":"https:\/\/senoticias.com.br\/se\/para-andre-moura-sergipe-pode-se-tornar-estado-piloto-na-erradicacao-de-lixoes\/","title":{"rendered":"Para Andr\u00e9 Moura, Sergipe pode se tornar estado-piloto na erradica\u00e7\u00e3o de lix\u00f5es"},"content":{"rendered":"<div style=\"text-align: justify;\">Na manh\u00e3 desta sexta-feira (31), o l\u00edder do governo no Congresso Nacional, Andr\u00e9 Moura (PSC-SE), participou, convidado pela procuradora L\u00edvia Tin\u00f4co e o prefeito de Est\u00e2ncia, Gilson Andrade, de reuni\u00e3o na sede do Minist\u00e9rio P\u00fablico Federal em Sergipe (MPF\/SE), para tratar da constru\u00e7\u00e3o de aterros sanit\u00e1rios, que diminuem o impacto ambiental causado pelos lix\u00f5es. O evento foi organizado em parceria com os prefeitos.<\/p>\n<div id=\"attachment_102052\" style=\"width: 609px\" class=\"wp-caption aligncenter\"><img loading=\"lazy\" decoding=\"async\" aria-describedby=\"caption-attachment-102052\" class=\"size-full wp-image-102052\" src=\"http:\/\/senoticias.com.br\/se\/wp-content\/uploads\/2017\/03\/Andre-Moura-SENOTICIAS-1-e1491008049243.jpg\" alt=\" Andr\u00e9 Moura: Sergipe pode se tornar estado-piloto na erradica\u00e7\u00e3o de lix\u00f5es\" width=\"599\" height=\"252\" \/><p id=\"caption-attachment-102052\" class=\"wp-caption-text\">Andr\u00e9 Moura: Sergipe pode se tornar estado-piloto na erradica\u00e7\u00e3o de lix\u00f5es. (Foto: Elder Santos)<\/p><\/div>\n<\/div>\n<div><\/div>\n<div style=\"text-align: justify;\">Tamb\u00e9m participaram das discuss\u00f5es, o promotor de Justi\u00e7a, Carlos Henrique Ribeiro; o procurador do Minist\u00e9rio P\u00fablico de Contas, Eduardo Cortes; e o secret\u00e1rio de Meio Ambiente e Recursos H\u00eddricos, Olivier Chagas, prefeitos e representantes das administra\u00e7\u00f5es municipais.<\/div>\n<div style=\"text-align: justify;\"><\/div>\n<div style=\"text-align: justify;\">De acordo com as informa\u00e7\u00f5es da Secretaria de Meio Ambiente, no estado s\u00e3o descartados 2.300 toneladas de lixo por dia, deste total, apenas 250 toneladas s\u00e3o recicladas mensalmente. No Plano de Regionaliza\u00e7\u00e3o da Gest\u00e3o de Res\u00edduos S\u00f3lidos de Sergipe est\u00e1 prevista a cria\u00e7\u00e3o de quatro Cons\u00f3rcios de Saneamento [Grande Aracaju; Agreste, Centro-sul e Baixo S\u00e3o Francisco] com sedes nos aterros, em 28 munic\u00edpios.\u00a0 Um investimento de aproximadamente R$ 60 milh\u00f5es.<\/div>\n<div style=\"text-align: justify;\"><\/div>\n<div style=\"text-align: justify;\">Ouvindo a explana\u00e7\u00e3o de todos, o l\u00edder Andr\u00e9 se comprometeu no agendamento de audi\u00eancias com os ministros do Meio Ambiente e do Planejamento, na pr\u00f3xima semana, para pleitear os R$ 12 milh\u00f5es para a realiza\u00e7\u00e3o de Estudos de Impactos Ambientais (EIA\/RIMA), que viabilizar\u00e1, posteriormente, a constru\u00e7\u00e3o dos aterros sanit\u00e1rios. &#8220;Os demais R$ 48 milh\u00f5es para a implementa\u00e7\u00e3o dos aterros podem ser solicitados por meio de emenda individual aos parlamentares, uma vez que os recursos somente s\u00e3o liberados no ano subsequente. Mesmo que o valor total n\u00e3o seja alcan\u00e7ado inicialmente, as obras j\u00e1 estariam iniciadas. Como Sergipe \u00e9 pequeno, podemos conseguir erradicar os lix\u00f5es e ser um estado-piloto para todo o Brasil&#8221;, prop\u00f4s.<\/div>\n<div><\/div>\n<div style=\"text-align: justify;\">A sugest\u00e3o de Andr\u00e9 foi bem vista pelo MPF e o secret\u00e1rio Olivier Chagas disse que providenciar\u00e1 a documenta\u00e7\u00e3o necess\u00e1ria entregando-a para Andr\u00e9, at\u00e9 a pr\u00f3xima quarta-feira (05). &#8220;A atitude do l\u00edder Andr\u00e9 de buscar a solu\u00e7\u00e3o para esse problema \u00e9 bastante louv\u00e1vel e entregarei todos os documentos que comprovam a necessidade dos R$ 12 milh\u00f5es at\u00e9 quarta-feira. Fiquei feliz de participar dessa reuni\u00e3o, porque a gente fica com mais esperan\u00e7a&#8221;, disse.<\/div>\n<div style=\"text-align: justify;\"><\/div>\n<div style=\"text-align: justify;\">A procuradora L\u00edvia Tin\u00f4co destacou que, em Bras\u00edlia, existem diversas fontes como o Minist\u00e9rio das Cidades, a Funasa, e o Minist\u00e9rio do Meio Ambiente, dentre outros, para capta\u00e7\u00e3o de recursos federais a serem utilizados na erradica\u00e7\u00e3o dos lix\u00f5es e que o MPF, juntamente com os prefeitos, reunir\u00e3o a bancada sergipana em setembro solicitando a indica\u00e7\u00e3o das emendas individuais. &#8220;Pediremos ajuda para as emendas serem alocadas, no m\u00eas de outubro, ao or\u00e7amento de 2018\u201d, explicou.<\/div>\n<div style=\"text-align: justify;\"><\/div>\n<div style=\"text-align: justify;\">Andr\u00e9 disse ainda que, ap\u00f3s audi\u00eancia com os ministros, entraria em contato com a Procuradoria para apresentar os resultados obtidos, e que protocolaria novo requerimento de urg\u00eancia para vota\u00e7\u00e3o do PL 2289\/2015, que prorroga o prazo para a disposi\u00e7\u00e3o final ambientalmente adequada dos rejeitos.<\/div>\n<div><\/div>\n<div>\u00a0<img loading=\"lazy\" decoding=\"async\" class=\"aligncenter size-full wp-image-102041\" src=\"http:\/\/senoticias.com.br\/se\/wp-content\/uploads\/2017\/03\/Logo-fone-1-2-1-2-4-6.jpg\" alt=\"Logo-fone-1-2-1-2-4\" width=\"599\" height=\"78\" srcset=\"https:\/\/senoticias.com.br\/se\/wp-content\/uploads\/2017\/03\/Logo-fone-1-2-1-2-4-6.jpg 599w, https:\/\/senoticias.com.br\/se\/wp-content\/uploads\/2017\/03\/Logo-fone-1-2-1-2-4-6-300x39.jpg 300w\" sizes=\"(max-width: 599px) 100vw, 599px\" \/><\/div>\n<div><\/div>\n<div><strong>Acompanhe tamb\u00e9m o SE Not\u00edcias no<\/strong><span class=\"apple-converted-space\"><b>\u00a0<\/b><\/span><a href=\"https:\/\/twitter.com\/Senoticias\" target=\"_blank\"><b>Twitter<\/b><\/a><strong>,<\/strong><span class=\"apple-converted-space\"><b>\u00a0<\/b><\/span><a href=\"https:\/\/www.facebook.com\/senoticias1\" target=\"_blank\"><b>Facebook<\/b><span class=\"apple-converted-space\"><b>\u00a0<\/b><\/span><\/a><strong>e no<\/strong><span class=\"apple-converted-space\"><b>\u00a0<\/b><\/span><a href=\"https:\/\/www.instagram.com\/senoticias\/\" target=\"_blank\"><b>Instagram<\/b><\/a><\/div>\n<div><\/div>\n<div>\n<div class=\"m_-5758920481659265112gmail_signature\">\n<div dir=\"ltr\">\n<div>\n<div dir=\"ltr\">\n<div dir=\"ltr\">\n<div dir=\"ltr\">\n<div dir=\"ltr\">\n<div dir=\"ltr\">\n<div><\/div>\n<div>\n<div><em>Da Assessoria de Comunica\u00e7\u00e3o do deputado federal Andr\u00e9 Moura\u00a0<\/em><\/div>\n<\/div>\n<\/div>\n<\/div>\n<\/div>\n<\/div>\n<\/div>\n<\/div>\n<\/div>\n<\/div>\n<\/div>\n","protected":false},"excerpt":{"rendered":"<p>Na manh\u00e3 desta sexta-feira (31), o l\u00edder do governo no Congresso Nacional, Andr\u00e9 Moura (PSC-SE), participou, convidado pela procuradora L\u00edvia Tin\u00f4co e o prefeito de Est\u00e2ncia, Gilson Andrade, de reuni\u00e3o na sede do Minist\u00e9rio P\u00fablico Federal em Sergipe (MPF\/SE), para tratar da constru\u00e7\u00e3o de aterros sanit\u00e1rios, que diminuem o impacto ambiental causado pelos lix\u00f5es. O [&hellip;]<\/p>\n","protected":false},"author":2,"featured_media":102052,"comment_status":"closed","ping_status":"closed","sticky":false,"template":"","format":"standard","meta":{"footnotes":""},"categories":[6,1],"tags":[],"class_list":{"0":"post-102051","1":"post","2":"type-post","3":"status-publish","4":"format-standard","5":"has-post-thumbnail","7":"category-politica","8":"category-sem-categoria"},"_links":{"self":[{"href":"https:\/\/senoticias.com.br\/se\/wp-json\/wp\/v2\/posts\/102051"}],"collection":[{"href":"https:\/\/senoticias.com.br\/se\/wp-json\/wp\/v2\/posts"}],"about":[{"href":"https:\/\/senoticias.com.br\/se\/wp-json\/wp\/v2\/types\/post"}],"author":[{"embeddable":true,"href":"https:\/\/senoticias.com.br\/se\/wp-json\/wp\/v2\/users\/2"}],"replies":[{"embeddable":true,"href":"https:\/\/senoticias.com.br\/se\/wp-json\/wp\/v2\/comments?post=102051"}],"version-history":[{"count":0,"href":"https:\/\/senoticias.com.br\/se\/wp-json\/wp\/v2\/posts\/102051\/revisions"}],"wp:featuredmedia":[{"embeddable":true,"href":"https:\/\/senoticias.com.br\/se\/wp-json\/wp\/v2\/media\/102052"}],"wp:attachment":[{"href":"https:\/\/senoticias.com.br\/se\/wp-json\/wp\/v2\/media?parent=102051"}],"wp:term":[{"taxonomy":"category","embeddable":true,"href":"https:\/\/senoticias.com.br\/se\/wp-json\/wp\/v2\/categories?post=102051"},{"taxonomy":"post_tag","embeddable":true,"href":"https:\/\/senoticias.com.br\/se\/wp-json\/wp\/v2\/tags?post=102051"}],"curies":[{"name":"wp","href":"https:\/\/api.w.org\/{rel}","templated":true}]}}