{"id":102043,"date":"2017-03-31T15:53:17","date_gmt":"2017-03-31T18:53:17","guid":{"rendered":"http:\/\/senoticias.com.br\/se\/?p=102043"},"modified":"2017-04-01T13:44:19","modified_gmt":"2017-04-01T16:44:19","slug":"vendas-na-pascoa-devem-crescer-13-estima-cnc","status":"publish","type":"post","link":"https:\/\/senoticias.com.br\/se\/vendas-na-pascoa-devem-crescer-13-estima-cnc\/","title":{"rendered":"Vendas na P\u00e1scoa devem crescer 1,3%, estima CNC"},"content":{"rendered":"<p style=\"text-align: justify;\">A P\u00e1scoa dever\u00e1 movimentar R$ 2,1 bilh\u00f5es no pa\u00eds, um crescimento de 1,3% em volume de vendas \u2013 j\u00e1 descontada a infla\u00e7\u00e3o \u2013, na compara\u00e7\u00e3o com 2016. A estimativa \u00e9 da Confedera\u00e7\u00e3o Nacional do Com\u00e9rcio de Bens, Servi\u00e7os e Turismo (CNC). Este pode ser o maior aumento real de faturamento para o per\u00edodo desde 2014, quando o volume de vendas cresceu 2,6%.<\/p>\n<div id=\"attachment_102044\" style=\"width: 590px\" class=\"wp-caption aligncenter\"><a href=\"http:\/\/senoticias.com.br\/se\/wp-content\/uploads\/2017\/03\/comercio_lojas-ovos-de-pascoa-SE-Noticias.jpg\"><img loading=\"lazy\" decoding=\"async\" aria-describedby=\"caption-attachment-102044\" class=\"size-full wp-image-102044\" src=\"http:\/\/senoticias.com.br\/se\/wp-content\/uploads\/2017\/03\/comercio_lojas-ovos-de-pascoa-SE-Noticias.jpg\" alt=\"Com a chegada da p\u00e1scoa, procura de ovos de chocolate aumenta em lojas e supermercados. Vendas devem crescer 1,3% Ag\u00eancia Brasil\" width=\"580\" height=\"388\" srcset=\"https:\/\/senoticias.com.br\/se\/wp-content\/uploads\/2017\/03\/comercio_lojas-ovos-de-pascoa-SE-Noticias.jpg 580w, https:\/\/senoticias.com.br\/se\/wp-content\/uploads\/2017\/03\/comercio_lojas-ovos-de-pascoa-SE-Noticias-300x201.jpg 300w, https:\/\/senoticias.com.br\/se\/wp-content\/uploads\/2017\/03\/comercio_lojas-ovos-de-pascoa-SE-Noticias-90x60.jpg 90w, https:\/\/senoticias.com.br\/se\/wp-content\/uploads\/2017\/03\/comercio_lojas-ovos-de-pascoa-SE-Noticias-180x120.jpg 180w, https:\/\/senoticias.com.br\/se\/wp-content\/uploads\/2017\/03\/comercio_lojas-ovos-de-pascoa-SE-Noticias-95x64.jpg 95w\" sizes=\"(max-width: 580px) 100vw, 580px\" \/><\/a><p id=\"caption-attachment-102044\" class=\"wp-caption-text\">Com a chegada da p\u00e1scoa, procura de ovos de chocolate aumenta em lojas e supermercados. Vendas devem crescer 1,3% Ag\u00eancia Brasil<\/p><\/div>\n<p style=\"text-align: justify;\">J\u00e1 a gera\u00e7\u00e3o de vagas ser\u00e1 menor em rela\u00e7\u00e3o ao ano passado. A expectativa \u00e9 que sejam gerados 10,7 mil postos de emprego, sendo que, no ano passado, foram 11,3 mil. Os supermercados responder\u00e3o por 60% das vagas geradas e pagar\u00e3o um sal\u00e1rio m\u00e9dio de admiss\u00e3o de R$ 1.170.<\/p>\n<p style=\"text-align: justify;\">Segundo a CNC, o aumento nas vendas tem rela\u00e7\u00e3o direta com a queda nos pre\u00e7os, pois a varia\u00e7\u00e3o m\u00e9dia da cesta composta por bens e servi\u00e7os mais demandados nesta data (4,6%) foi a menor desde o mesmo per\u00edodo de 2008.<\/p>\n<p style=\"text-align: justify;\"><strong>Efeitos do c\u00e2mbio<\/strong><\/p>\n<p style=\"text-align: justify;\">\u201cAl\u00e9m do longo per\u00edodo de queda da demanda, o comportamento da taxa de c\u00e2mbio tem contribu\u00eddo para o menor ritmo de reajuste de pre\u00e7os desses produtos. Durante o per\u00edodo de forma\u00e7\u00e3o dos estoques do varejo para a p\u00e1scoa, tamb\u00e9m houve um recuo de 17,4% do d\u00f3lar frente ao real, comportamento in\u00e9dito para os \u00faltimos sete anos\u201d, explica Fabio Bentes, economista da CNC.<\/p>\n<p style=\"text-align: justify;\">Somente o chocolate sofreu aumento expressivo, segundo o estudo, que teve alta de 14,6% por conta da altera\u00e7\u00e3o da f\u00f3rmula de c\u00e1lculo do Imposto sobre Produtos Industrializados (IPI). Os pre\u00e7os dos demais produtos registraram desacelera\u00e7\u00e3o ou queda em rela\u00e7\u00e3o \u00e0 p\u00e1scoa de 2016, destacando-se passagens a\u00e9reas (-1,3%) e combust\u00edveis (-0,8%).<\/p>\n<p style=\"text-align: justify;\">Ainda segundo a CNC, a absor\u00e7\u00e3o de m\u00e3o de obra deve ser praticamente nula, seguindo o ritmo dos \u00faltimos tr\u00eas anos. O baixo aumento das vendas e a improv\u00e1vel revers\u00e3o das condi\u00e7\u00f5es de consumo no curto prazo s\u00e3o os principais fatores.<\/p>\n<p style=\"text-align: justify;\"><em>*T\u00edtulo atualizado \u00e0s 15h04<\/em><\/p>\n<p style=\"line-height: 14.25pt; text-align: justify;\"><strong><span style=\"font-size: 10.0pt; font-family: 'Georgia','serif'; color: #333333;\">Acompanhe tamb\u00e9m o SE Not\u00edcias no<\/span><\/strong><span class=\"apple-converted-space\"><b><span style=\"font-size: 10.0pt; font-family: 'Georgia','serif'; color: #333333;\">\u00a0<\/span><\/b><\/span><a href=\"https:\/\/twitter.com\/Senoticias\" target=\"_blank\"><b><span style=\"font-size: 10.0pt; font-family: 'Georgia','serif';\">Twitter<\/span><\/b><\/a><strong><span style=\"font-size: 10.0pt; font-family: 'Georgia','serif'; color: #333333;\">,<\/span><\/strong><span class=\"apple-converted-space\"><b><span style=\"font-size: 10.0pt; font-family: 'Georgia','serif'; color: #333333;\">\u00a0<\/span><\/b><\/span><a href=\"https:\/\/www.facebook.com\/senoticias1\" target=\"_blank\"><b><span style=\"font-size: 10.0pt; font-family: 'Georgia','serif';\">Facebook<\/span><\/b><span class=\"apple-converted-space\"><b><span style=\"font-size: 10.0pt; font-family: 'Georgia','serif'; color: windowtext; text-decoration: none;\">\u00a0<\/span><\/b><\/span><\/a><strong><span style=\"font-size: 10.0pt; font-family: 'Georgia','serif'; color: #333333;\">e no<\/span><\/strong><span class=\"apple-converted-space\"><b><span style=\"font-size: 10.0pt; font-family: 'Georgia','serif'; color: #333333;\">\u00a0<\/span><\/b><\/span><a href=\"https:\/\/www.instagram.com\/senoticias\/\" target=\"_blank\"><b><span style=\"font-size: 10.0pt; font-family: 'Georgia','serif';\">Instagram<\/span><\/b><\/a><strong><span style=\"font-size: 10.0pt; font-family: 'Georgia','serif'; color: #333333;\">.<\/span><\/strong><\/p>\n<p style=\"line-height: 14.25pt; text-align: justify;\"><a href=\"http:\/\/senoticias.com.br\/se\/wp-content\/uploads\/2017\/03\/Logo-fone-1-2-1-2-4-6.jpg\"><img loading=\"lazy\" decoding=\"async\" class=\"aligncenter size-full wp-image-102041\" src=\"http:\/\/senoticias.com.br\/se\/wp-content\/uploads\/2017\/03\/Logo-fone-1-2-1-2-4-6.jpg\" alt=\"Logo-fone-1-2-1-2-4\" width=\"599\" height=\"78\" srcset=\"https:\/\/senoticias.com.br\/se\/wp-content\/uploads\/2017\/03\/Logo-fone-1-2-1-2-4-6.jpg 599w, https:\/\/senoticias.com.br\/se\/wp-content\/uploads\/2017\/03\/Logo-fone-1-2-1-2-4-6-300x39.jpg 300w\" sizes=\"(max-width: 599px) 100vw, 599px\" \/><\/a><\/p>\n<p style=\"line-height: 14.25pt; text-align: justify;\">Da Ag\u00eancia Brasil<\/p>\n","protected":false},"excerpt":{"rendered":"<p>A P\u00e1scoa dever\u00e1 movimentar R$ 2,1 bilh\u00f5es no pa\u00eds, um crescimento de 1,3% em volume de vendas \u2013 j\u00e1 descontada a infla\u00e7\u00e3o \u2013, na compara\u00e7\u00e3o com 2016. A estimativa \u00e9 da Confedera\u00e7\u00e3o Nacional do Com\u00e9rcio de Bens, Servi\u00e7os e Turismo (CNC). Este pode ser o maior aumento real de faturamento para o per\u00edodo desde 2014, [&hellip;]<\/p>\n","protected":false},"author":5618,"featured_media":102044,"comment_status":"closed","ping_status":"closed","sticky":false,"template":"","format":"standard","meta":{"footnotes":""},"categories":[15,6],"tags":[2687,2688,2698,2686],"class_list":{"0":"post-102043","1":"post","2":"type-post","3":"status-publish","4":"format-standard","5":"has-post-thumbnail","7":"category-destaques","8":"category-politica","9":"tag-2687","10":"tag-estima-cnc","11":"tag-feliz-pascoa","12":"tag-vendas-na-pascoa-devem-crescer-1"},"_links":{"self":[{"href":"https:\/\/senoticias.com.br\/se\/wp-json\/wp\/v2\/posts\/102043"}],"collection":[{"href":"https:\/\/senoticias.com.br\/se\/wp-json\/wp\/v2\/posts"}],"about":[{"href":"https:\/\/senoticias.com.br\/se\/wp-json\/wp\/v2\/types\/post"}],"author":[{"embeddable":true,"href":"https:\/\/senoticias.com.br\/se\/wp-json\/wp\/v2\/users\/5618"}],"replies":[{"embeddable":true,"href":"https:\/\/senoticias.com.br\/se\/wp-json\/wp\/v2\/comments?post=102043"}],"version-history":[{"count":0,"href":"https:\/\/senoticias.com.br\/se\/wp-json\/wp\/v2\/posts\/102043\/revisions"}],"wp:featuredmedia":[{"embeddable":true,"href":"https:\/\/senoticias.com.br\/se\/wp-json\/wp\/v2\/media\/102044"}],"wp:attachment":[{"href":"https:\/\/senoticias.com.br\/se\/wp-json\/wp\/v2\/media?parent=102043"}],"wp:term":[{"taxonomy":"category","embeddable":true,"href":"https:\/\/senoticias.com.br\/se\/wp-json\/wp\/v2\/categories?post=102043"},{"taxonomy":"post_tag","embeddable":true,"href":"https:\/\/senoticias.com.br\/se\/wp-json\/wp\/v2\/tags?post=102043"}],"curies":[{"name":"wp","href":"https:\/\/api.w.org\/{rel}","templated":true}]}}