{"id":102040,"date":"2017-03-31T15:42:52","date_gmt":"2017-03-31T18:42:52","guid":{"rendered":"http:\/\/senoticias.com.br\/se\/?p=102040"},"modified":"2017-03-31T15:42:52","modified_gmt":"2017-03-31T18:42:52","slug":"centro-de-criatividade-estara-pronto-para-festejos-juninos","status":"publish","type":"post","link":"https:\/\/senoticias.com.br\/se\/centro-de-criatividade-estara-pronto-para-festejos-juninos\/","title":{"rendered":"Centro de Criatividade estar\u00e1 pronto para festejos juninos"},"content":{"rendered":"<p style=\"text-align: justify\">Tradicional ponto da cultura sergipana, o Centro de Criatividade segue em reforma. Nesta sexta-feira, 31, o governador Jackson Barreto esteve no local para acompanhar o andamento das obras. Ao todo, s\u00e3o 60 oper\u00e1rios atuando na reforma e amplia\u00e7\u00e3o do espa\u00e7o, que se configurou como reduto dos artistas sergipanos e ponto de difus\u00e3o de cultura, atrav\u00e9s de apresenta\u00e7\u00f5es musicais, folcl\u00f3ricas e teatrais e dissemina\u00e7\u00e3o de cursos de artes. Para que o Centro volte a desenvolver suas atividades, s\u00e3o investidos R$ 2,7 milh\u00f5es. A previs\u00e3o \u00e9 que at\u00e9 o in\u00edcio de junho a maior parte do local esteja dispon\u00edvel para que os festejos juninos possam ser realizados e que, posteriormente, as interven\u00e7\u00f5es sejam finalizadas.<\/p>\n<div id=\"attachment_102042\" style=\"width: 590px\" class=\"wp-caption aligncenter\"><a href=\"http:\/\/senoticias.com.br\/se\/wp-content\/uploads\/2017\/03\/f10398a752b5cb3ce782bc1b7348badb-e1490985571658.jpg\"><img loading=\"lazy\" decoding=\"async\" aria-describedby=\"caption-attachment-102042\" class=\"size-full wp-image-102042\" src=\"http:\/\/senoticias.com.br\/se\/wp-content\/uploads\/2017\/03\/f10398a752b5cb3ce782bc1b7348badb-e1490985571658.jpg\" alt=\"O governador, ao circular pelas obras do Centro de Criatividade, destacou que sua preocupa\u00e7\u00e3o \u00e9 ver o local, cujo bairro ele viveu por 40 anos, pronto para o S\u00e3o Jo\u00e3o\/ Foto: Marcelle Cristinne\/ASN\" width=\"580\" height=\"397\" \/><\/a><p id=\"caption-attachment-102042\" class=\"wp-caption-text\">O governador, ao circular pelas obras do Centro de Criatividade, destacou que sua preocupa\u00e7\u00e3o \u00e9 ver o local, cujo bairro ele viveu por 40 anos, pronto para o S\u00e3o Jo\u00e3o\/ Foto: Marcelle Cristinne\/ASN<\/p><\/div>\n<p style=\"text-align: justify\">O governador, ao circular pelas obras do Centro de Criatividade, destacou que sua preocupa\u00e7\u00e3o \u00e9 ver o local, cujo bairro ele viveu por 40 anos, pronto para o S\u00e3o Jo\u00e3o. \u00a0Desde o ano passado, Jackson cobrava do governo Federal a disponibiliza\u00e7\u00e3o de recursos para a reforma e amplia\u00e7\u00e3o do espa\u00e7o.<\/p>\n<p>\u201cReformar o Centro \u00e9 quest\u00e3o de honra. Fui criado e morei aqui durante 40 anos. Tenho um compromisso com a comunidade dos bairros Cirurgia e Get\u00falio Vargas para que os festejos juninos aconte\u00e7am aqui no Centro de Criatividade, pois isso aqui faz parte da cultura do nosso povo, das nossas festas populares. Essa \u00e1rea precisava de obras profundas, que agora est\u00e3o sendo realizadas. E confesso que estou satisfeito com o andamento das interven\u00e7\u00f5es. N\u00e3o vamos concluir todas elas at\u00e9 o S\u00e3o Jo\u00e3o, mas a parte para a realiza\u00e7\u00e3o dos festejos juninos vai ficar pronta e, enquanto isso, a outra parte estar\u00e1 em obras. Nosso compromisso final \u00e9 entregar o Centro totalmente recuperado, reformado e equipado para atender a cultura popular\u201d, declarou destacando que quando prefeito de Aracaju promoveu pavimenta\u00e7\u00e3o, cal\u00e7amento e drenagem da comunidade Maloca, localizada pr\u00f3xima a \u00e1rea do Centro.<\/p>\n<p style=\"text-align: justify\">Jackson relembrou, na ocasi\u00e3o, sua inf\u00e2ncia no local. \u201cAqui, onde hoje \u00e9 o Centro, era onde estavam as caixas d\u2019\u00e1gua que abasteciam Aracaju. Era meu local da inf\u00e2ncia. V\u00ednhamos para c\u00e1 ver os avi\u00f5es descendo na avenida Maranh\u00e3o. A gente ficava\u00a0em cima e via os paraquedistas descendo no aeroporto. Era uma festa ver isso ocorrendo, geralmente, quando havia comemora\u00e7\u00f5es de 7 de Setembro e Proclama\u00e7\u00e3o da Rep\u00fablica\u201d.<\/p>\n<p style=\"text-align: justify\">Lideran\u00e7a comunit\u00e1ria e morador da regi\u00e3o, Rosivaldo Alves foi cumprimentar o governador durante a visita e disse que os representantes das comunidades locais est\u00e3o euf\u00f3ricos com a realiza\u00e7\u00e3o da reforma. Ele comentou que semanalmente acompanha as obras e que a expectativa \u00e9 que o tradicional Arraial do Arranca Unha possa voltar a ser realizado no Centro.<\/p>\n<p style=\"text-align: justify\">\u201cO Centro de Criatividade abre as portas para promo\u00e7\u00e3o da cultura do nosso bairro e de Sergipe. O desenvolvimento da comunidade depende do funcionamento dessa unidade. A popula\u00e7\u00e3o sergipana depende diretamente e indiretamente de um espa\u00e7o cultural como esse, que traz visibilidade, dispersa todo problema social do bairro e desenvolve todas as a\u00e7\u00f5es culturais daqui\u201d, afirmou Rosivaldo.<\/p>\n<p style=\"text-align: justify\">Sobre a interven\u00e7\u00e3o no Centro de Criatividade, o secret\u00e1rio de Estado da Infraestrutura, Valmor Barbosa, afirmou que a obra tem dura\u00e7\u00e3o de oito meses, mas que a primeira etapa estar\u00e1 garantida para os festejos de S\u00e3o Jo\u00e3o. \u201cA primeira fase corresponde a praticamente 3\/4 da obra. N\u00f3s entregaremos toda a parte externa com quadra, anfiteatro, banheiros, toda a parte de gradil e guarda corpo para que as pessoas possam festejar o S\u00e3o Jo\u00e3o\u201d.<\/p>\n<p>J\u00e1 o diretor-presidente da Companhia Estadual de Habita\u00e7\u00e3o e Obras P\u00fablicas (Cehop) \u2013 executora das obras, Caetano Quaranta, explicou que o Centro de Criatividade est\u00e1 sendo totalmente dotado de acessibilidade, algo que n\u00e3o existia antes, atrav\u00e9s de rampas e piso t\u00e1til para pessoas com defici\u00eancia. Ele ainda comentou que, desde que a obra come\u00e7ou, segue em ritmo forte, com oper\u00e1rios trabalhando em todas as \u00e1reas. Sobre as interven\u00e7\u00f5es que est\u00e3o sendo realizadas, \u00a0Caetano esclareceu que piso de alta resist\u00eancia est\u00e1 sendo colocado na estrutura da quadra, que \u00e9 utilizada, por exemplo, para ensaio de quadrilhas juninas. \u201cTeremos mais uma quadra, sendo que uma delas ser\u00e1 poliesportiva e outra para atividades menores. Vamos ter tamb\u00e9m uma guarita na entrada principal, localizada na rua Aristides Bispo\u201d.<\/p>\n<p style=\"text-align: justify\">Para o secret\u00e1rio de Estado da Cultura, Irineu Fontes, o governo cumpre um papel importante na reforma do espa\u00e7o. \u201cAl\u00e9m de estar numa \u00e1rea muito forte culturalmente da cidade de Aracaju, O Centro de Criatividade \u00e9 representa\u00e7\u00e3o h\u00e1 muitos anos de um espa\u00e7o de criatividade e conhecimento\u201d.<\/p>\n<p style=\"text-align: justify\"><strong>Import\u00e2ncia hist\u00f3rica<\/strong><\/p>\n<p>O Centro de Criatividade foi fundado em 1985, com o intuito de ser um espa\u00e7o voltado para a arte e educa\u00e7\u00e3o. O m\u00fasico Tom Robson conta que foi um entusiasta da cria\u00e7\u00e3o do local. Ele relembra que, na \u00e9poca, houve uma press\u00e3o social para sensibilizar o ent\u00e3o governador para constru\u00e7\u00e3o do Centro. \u201cLembro que realizamos dois eventos para pression\u00e1-lo e conseguimos. Em 1985, participei da inaugura\u00e7\u00e3o desse lugar. A ideia era que tiv\u00e9ssemos um espa\u00e7o para dinamizar a cultura da regi\u00e3o. De modo que posso dizer que fa\u00e7o parte da hist\u00f3ria do Centro, que formou muita gente e sempre foi muito ben\u00e9fico para a comunidade\u201d, rememorou. Com rela\u00e7\u00e3o ao empenho do governador em promover a reforma e amplia\u00e7\u00e3o, ele disse que \u00e9 algo gratificante. \u201cJackson sempre nos ajudou e prestigiou nosso bairro. Acredito no trabalho do governador e acredito que o Centro vai voltar melhor que antes\u201d, acrescentou.<\/p>\n<p style=\"text-align: justify\">O tamb\u00e9m m\u00fasico Luiz Fontineli conta que sua carreira art\u00edstica come\u00e7ou no Centro de Criatividade. \u201cAcho que 90% dos artistas sergipanos come\u00e7aram l\u00e1 ou participaram de oficinas de m\u00fasicas que ocorriam no local. Participei de dois festivais nesse Centro, que era o ponto de concentra\u00e7\u00e3o da arte sergipana. Essa reforma \u00e9 esperada h\u00e1 muitos anos. Todos os artistas est\u00e3o felizes com essa interven\u00e7\u00e3o\u201d, declarou.<\/p>\n<p style=\"text-align: justify\"><strong>Detalhes da reforma<\/strong><\/p>\n<p>O novo espa\u00e7o cultural contar\u00e1 com 120 lugares, atelier de pintura, mezanino e dep\u00f3sito. J\u00e1 o anfiteatro contar\u00e1 com arquibancada com capacidade para 1.000 pessoas, palco com 110m\u00b2, tr\u00eas camarins masculinos e tr\u00eas femininos e sanit\u00e1rios. O espa\u00e7o ter\u00e1 ainda duas quadras: uma polivalente, com 390m\u00b2 e arquibancada com capacidade para 380 pessoas, e uma de voleibol, com 160m\u00b2 e arquibancada com capacidade para 130 pessoas. A \u00e1rea de lazer ser\u00e1 ampla com mesas de xadrez e de dama, e um parque para crian\u00e7as com brinquedos (gangorra, escorregadeira e escada de cilindros) e bancos de concreto em toda a pra\u00e7a. A amplia\u00e7\u00e3o ter\u00e1 um alojamento com quartos, banheiros, sala e duas guaritas.<\/p>\n<p style=\"line-height: 14.25pt;text-align: justify\"><strong><span style=\"font-size: 10.0pt;font-family: 'Georgia','serif';color: #333333\">Acompanhe tamb\u00e9m o SE Not\u00edcias no<\/span><\/strong><span class=\"apple-converted-space\"><b><span style=\"font-size: 10.0pt;font-family: 'Georgia','serif';color: #333333\">\u00a0<\/span><\/b><\/span><a href=\"https:\/\/twitter.com\/Senoticias\" target=\"_blank\"><b><span style=\"font-size: 10.0pt;font-family: 'Georgia','serif'\">Twitter<\/span><\/b><\/a><strong><span style=\"font-size: 10.0pt;font-family: 'Georgia','serif';color: #333333\">,<\/span><\/strong><span class=\"apple-converted-space\"><b><span style=\"font-size: 10.0pt;font-family: 'Georgia','serif';color: #333333\">\u00a0<\/span><\/b><\/span><a href=\"https:\/\/www.facebook.com\/senoticias1\" target=\"_blank\"><b><span style=\"font-size: 10.0pt;font-family: 'Georgia','serif'\">Facebook<\/span><\/b><span class=\"apple-converted-space\"><b><span style=\"font-size: 10.0pt;font-family: 'Georgia','serif';color: windowtext;text-decoration: none\">\u00a0<\/span><\/b><\/span><\/a><strong><span style=\"font-size: 10.0pt;font-family: 'Georgia','serif';color: #333333\">e no<\/span><\/strong><span class=\"apple-converted-space\"><b><span style=\"font-size: 10.0pt;font-family: 'Georgia','serif';color: #333333\">\u00a0<\/span><\/b><\/span><a href=\"https:\/\/www.instagram.com\/senoticias\/\" target=\"_blank\"><b><span style=\"font-size: 10.0pt;font-family: 'Georgia','serif'\">Instagram<\/span><\/b><\/a><strong><span style=\"font-size: 10.0pt;font-family: 'Georgia','serif';color: #333333\">.<\/span><\/strong><\/p>\n<p style=\"line-height: 14.25pt;text-align: justify\"><a href=\"http:\/\/senoticias.com.br\/se\/wp-content\/uploads\/2017\/03\/Logo-fone-1-2-1-2-4-6.jpg\"><img loading=\"lazy\" decoding=\"async\" class=\"aligncenter size-full wp-image-102041\" src=\"http:\/\/senoticias.com.br\/se\/wp-content\/uploads\/2017\/03\/Logo-fone-1-2-1-2-4-6.jpg\" alt=\"Logo-fone-1-2-1-2-4\" width=\"599\" height=\"78\" srcset=\"https:\/\/senoticias.com.br\/se\/wp-content\/uploads\/2017\/03\/Logo-fone-1-2-1-2-4-6.jpg 599w, https:\/\/senoticias.com.br\/se\/wp-content\/uploads\/2017\/03\/Logo-fone-1-2-1-2-4-6-300x39.jpg 300w\" sizes=\"(max-width: 599px) 100vw, 599px\" \/><\/a><\/p>\n<p style=\"line-height: 14.25pt;text-align: justify\">Da ASN<\/p>\n","protected":false},"excerpt":{"rendered":"<p>Tradicional ponto da cultura sergipana, o Centro de Criatividade segue em reforma. Nesta sexta-feira, 31, o governador Jackson Barreto esteve no local para acompanhar o andamento das obras. Ao todo, s\u00e3o 60 oper\u00e1rios atuando na reforma e amplia\u00e7\u00e3o do espa\u00e7o, que se configurou como reduto dos artistas sergipanos e ponto de difus\u00e3o de cultura, atrav\u00e9s [&hellip;]<\/p>\n","protected":false},"author":5618,"featured_media":102042,"comment_status":"closed","ping_status":"closed","sticky":false,"template":"","format":"standard","meta":{"footnotes":""},"categories":[21],"tags":[2685],"class_list":{"0":"post-102040","1":"post","2":"type-post","3":"status-publish","4":"format-standard","5":"has-post-thumbnail","7":"category-entretenimento","8":"tag-centro-de-criatividade-estara-pronto-para-festejos-juninos"},"_links":{"self":[{"href":"https:\/\/senoticias.com.br\/se\/wp-json\/wp\/v2\/posts\/102040"}],"collection":[{"href":"https:\/\/senoticias.com.br\/se\/wp-json\/wp\/v2\/posts"}],"about":[{"href":"https:\/\/senoticias.com.br\/se\/wp-json\/wp\/v2\/types\/post"}],"author":[{"embeddable":true,"href":"https:\/\/senoticias.com.br\/se\/wp-json\/wp\/v2\/users\/5618"}],"replies":[{"embeddable":true,"href":"https:\/\/senoticias.com.br\/se\/wp-json\/wp\/v2\/comments?post=102040"}],"version-history":[{"count":0,"href":"https:\/\/senoticias.com.br\/se\/wp-json\/wp\/v2\/posts\/102040\/revisions"}],"wp:featuredmedia":[{"embeddable":true,"href":"https:\/\/senoticias.com.br\/se\/wp-json\/wp\/v2\/media\/102042"}],"wp:attachment":[{"href":"https:\/\/senoticias.com.br\/se\/wp-json\/wp\/v2\/media?parent=102040"}],"wp:term":[{"taxonomy":"category","embeddable":true,"href":"https:\/\/senoticias.com.br\/se\/wp-json\/wp\/v2\/categories?post=102040"},{"taxonomy":"post_tag","embeddable":true,"href":"https:\/\/senoticias.com.br\/se\/wp-json\/wp\/v2\/tags?post=102040"}],"curies":[{"name":"wp","href":"https:\/\/api.w.org\/{rel}","templated":true}]}}