{"id":102028,"date":"2017-03-31T11:29:16","date_gmt":"2017-03-31T14:29:16","guid":{"rendered":"http:\/\/senoticias.com.br\/se\/?p=102028"},"modified":"2017-03-31T11:34:01","modified_gmt":"2017-03-31T14:34:01","slug":"cultura-mundial-exposta-em-sergipe","status":"publish","type":"post","link":"https:\/\/senoticias.com.br\/se\/cultura-mundial-exposta-em-sergipe\/","title":{"rendered":"Cultura mundial exposta em Sergipe"},"content":{"rendered":"<p style=\"text-align: justify;\">Aracaju estar\u00e1 sediando no per\u00edodo de 5 a 23 de abril a FEINCARTES &#8211; Feira Internacional de Artesanato e Decora\u00e7\u00e3o. A Feira ser\u00e1 realizada na Pra\u00e7a de Eventos do Shopping Riomar e contar\u00e1 com a exposi\u00e7\u00e3o de pe\u00e7as artesanais e decorativas de pa\u00edses, como a Turquia, \u00cdndia, Filipinas, Jap\u00e3o, Bol\u00edvia, Polin\u00e9sia Francesa. Do Brasil estar\u00e3o presentes estados como Santa Catarina, Minas Gerais, Rio Grande do Sul, Rio de Janeiro, S\u00e3o Paulo e Pernambuco.<\/p>\n<div id=\"attachment_102029\" style=\"width: 506px\" class=\"wp-caption aligncenter\"><img loading=\"lazy\" decoding=\"async\" aria-describedby=\"caption-attachment-102029\" class=\"size-full wp-image-102029\" src=\"http:\/\/senoticias.com.br\/se\/wp-content\/uploads\/2017\/03\/Cutura-Internacional-em-Sergipe-SE-Noticias.jpg\" alt=\"Artesanatos de v\u00e1rios pa\u00edses estar\u00e3o sendo exibidos no Shopping Riomar.\" width=\"496\" height=\"662\" srcset=\"https:\/\/senoticias.com.br\/se\/wp-content\/uploads\/2017\/03\/Cutura-Internacional-em-Sergipe-SE-Noticias.jpg 496w, https:\/\/senoticias.com.br\/se\/wp-content\/uploads\/2017\/03\/Cutura-Internacional-em-Sergipe-SE-Noticias-225x300.jpg 225w\" sizes=\"(max-width: 496px) 100vw, 496px\" \/><p id=\"caption-attachment-102029\" class=\"wp-caption-text\">Artesanatos de v\u00e1rios pa\u00edses estar\u00e3o sendo exibidos no Shopping Riomar.<\/p><\/div>\n<p style=\"text-align: justify;\">Quem for a FEINCARTES ir\u00e1 encontrar produtos diferenciados feitos com madeira, vidro turcos bordados a ouro, tape\u00e7aria, que se destacam pelo bom gosto e acabamento. A Feira j\u00e1 foi realizada em v\u00e1rios estados do Brasil, como Cear\u00e1, Pernambuco, Bahia, Espirito Santo, Goi\u00e1s, Mato Grosso, S\u00e3o Paulo, Paran\u00e1, Santa Catarina e Minas Gerais. Essa ser\u00e1 a primeira edi\u00e7\u00e3o realizada em Sergipe.<\/p>\n<p>&nbsp;<\/p>\n<p style=\"text-align: justify;\">\u201cCom uma proposta diferente, expandimos a feira para dentro de shoppings, com um novo modelo que j\u00e1 foi testado e aprovado. No in\u00edcio do ano o evento foi realizado em um shopping de Fortaleza, no Cear\u00e1. O evento teve dura\u00e7\u00e3o de 30 dias, sendo um sucesso de p\u00fablico e neg\u00f3cios\u201d, destaca Maria Mathias, da diretoria da FEINCARTES.<\/p>\n<p style=\"text-align: justify;\">Nos estandes ser\u00e1 poss\u00edvel encontrar pe\u00e7as decorativas como pratos, tigelas, sousplat em vidro turco bordados,\u00a0moveis de madeira teca talhados a m\u00e3o, cadeiras, tapetes de fio de seda, pe\u00e7as utilit\u00e1rias e de decora\u00e7\u00e3o feitas em madrep\u00e9rolas, \u00a0vestimentas t\u00edpicas, \u00a0joias e acess\u00f3rio artesanais, entre outros.<\/p>\n<p><strong>Produtos<\/strong><\/p>\n<p style=\"text-align: justify;\"><strong>\u00a0<\/strong>Da \u00cdndia ser\u00e3o expostos moveis talhados na madeira, cadeiras de madeira teca para \u00e1rea externa, vestimentas t\u00edpicas. \u201cA \u00cdndia destaca-se pelos tecidos e estamparias com exuber\u00e2ncia de cores, uma marca de sua identidade. A arte e segredos das tinturarias, que passa de pai para filho dentro das castas\u201d, alerta Maria Mathias.<\/p>\n<p style=\"text-align: justify;\">Da Turquia, Istanbul, os visitantes ter\u00e3o acesso a pe\u00e7as t\u00edpicas, como pratos, tigelas e xicaras e outros produtos em vidro, bordados em ouro e coloridos, que destacam a cultura alegre do Pa\u00eds. Tamb\u00e9m da Turquia, da regi\u00e3o da capad\u00f3cia, estar\u00e3o expostos toalhas, caminhos de mesas, entre outros, tudo bordado em fios de seda e fitas.<\/p>\n<p style=\"text-align: justify;\">Das Filipinas, com seu rico artesanato, estar\u00e3o sendo expostos pe\u00e7as utilit\u00e1rias e decorativas em madrep\u00e9rolas, Ba\u00fas de madeira revestidos em marchetaria de\u00a0 madrep\u00e9rolas. J\u00e1 da Bol\u00edvia ser\u00e1 poss\u00edvel encontrar acess\u00f3rios artesanais e com banho de ouro, pe\u00e7as que envolvem o trabalho de v\u00e1rias pessoas e representa a cultura boliviana.<\/p>\n<p style=\"text-align: justify;\"><strong>FEINCARTES<\/strong><\/p>\n<p style=\"text-align: justify;\">\u00c9 um evento com mais de 50 edi\u00e7\u00f5es, que j\u00e1 passou por v\u00e1rias Capitais e grandes cidades, sempre em centros de eventos. Agora a Feira recebeu um novo formato para Shoppings, contando com expositores nacionais e internacionais. O endere\u00e7o eletr\u00f4nico \u00e9 <a href=\"http:\/\/www.feincartes.com.br\/\" data-saferedirecturl=\"https:\/\/www.google.com\/url?hl=pt-BR&amp;q=http:\/\/www.feincartes.com.br&amp;source=gmail&amp;ust=1491054573279000&amp;usg=AFQjCNGXnaCAfvrAA6VLg1E4WO5VKfjnKA\">www.feincartes.com.br<\/a> , p\u00e1gina do facebook : Feira Feincartes\u00a0 , e-mails <a href=\"mailto:diretoria@feincartes.com.br\">diretoria@feincartes.com.br<\/a><\/p>\n<p style=\"text-align: justify;\"><img loading=\"lazy\" decoding=\"async\" class=\"aligncenter size-full wp-image-101900\" src=\"http:\/\/senoticias.com.br\/se\/wp-content\/uploads\/2017\/03\/Logo-fone-1-2-1-2-4-5.jpg\" alt=\"Logo-fone-1-2-1-2-4\" width=\"599\" height=\"78\" srcset=\"https:\/\/senoticias.com.br\/se\/wp-content\/uploads\/2017\/03\/Logo-fone-1-2-1-2-4-5.jpg 599w, https:\/\/senoticias.com.br\/se\/wp-content\/uploads\/2017\/03\/Logo-fone-1-2-1-2-4-5-300x39.jpg 300w\" sizes=\"(max-width: 599px) 100vw, 599px\" \/><\/p>\n<p style=\"text-align: justify;\"><em><strong>Acompanhe tamb\u00e9m o SE Not\u00edcias no<\/strong><span class=\"apple-converted-space\"><b>\u00a0<\/b><\/span><a href=\"https:\/\/twitter.com\/Senoticias\" target=\"_blank\"><b>Twitter<\/b><\/a><strong>,<\/strong><span class=\"apple-converted-space\"><b>\u00a0<\/b><\/span><a href=\"https:\/\/www.facebook.com\/senoticias1\" target=\"_blank\"><b>Facebook<\/b><span class=\"apple-converted-space\"><b>\u00a0<\/b><\/span><\/a><strong>e no<\/strong><span class=\"apple-converted-space\"><b>\u00a0<\/b><\/span><a href=\"https:\/\/www.instagram.com\/senoticias\/\" target=\"_blank\"><b>Instagram<\/b><\/a><\/em><\/p>\n<p style=\"text-align: justify;\"><em>Unidade de Comunica\u00e7\u00e3o e Marketing do Sebrae SE<\/em><\/p>\n","protected":false},"excerpt":{"rendered":"<p>Aracaju estar\u00e1 sediando no per\u00edodo de 5 a 23 de abril a FEINCARTES &#8211; Feira Internacional de Artesanato e Decora\u00e7\u00e3o. A Feira ser\u00e1 realizada na Pra\u00e7a de Eventos do Shopping Riomar e contar\u00e1 com a exposi\u00e7\u00e3o de pe\u00e7as artesanais e decorativas de pa\u00edses, como a Turquia, \u00cdndia, Filipinas, Jap\u00e3o, Bol\u00edvia, Polin\u00e9sia Francesa. Do Brasil estar\u00e3o [&hellip;]<\/p>\n","protected":false},"author":2,"featured_media":102029,"comment_status":"closed","ping_status":"closed","sticky":false,"template":"","format":"standard","meta":{"footnotes":""},"categories":[21],"tags":[2666,2663,2662,2665,2664],"class_list":{"0":"post-102028","1":"post","2":"type-post","3":"status-publish","4":"format-standard","5":"has-post-thumbnail","7":"category-entretenimento","8":"tag-artesanatos","9":"tag-cultura","10":"tag-cultura-mundial","11":"tag-feincartes","12":"tag-shopping-rio-mar"},"_links":{"self":[{"href":"https:\/\/senoticias.com.br\/se\/wp-json\/wp\/v2\/posts\/102028"}],"collection":[{"href":"https:\/\/senoticias.com.br\/se\/wp-json\/wp\/v2\/posts"}],"about":[{"href":"https:\/\/senoticias.com.br\/se\/wp-json\/wp\/v2\/types\/post"}],"author":[{"embeddable":true,"href":"https:\/\/senoticias.com.br\/se\/wp-json\/wp\/v2\/users\/2"}],"replies":[{"embeddable":true,"href":"https:\/\/senoticias.com.br\/se\/wp-json\/wp\/v2\/comments?post=102028"}],"version-history":[{"count":0,"href":"https:\/\/senoticias.com.br\/se\/wp-json\/wp\/v2\/posts\/102028\/revisions"}],"wp:featuredmedia":[{"embeddable":true,"href":"https:\/\/senoticias.com.br\/se\/wp-json\/wp\/v2\/media\/102029"}],"wp:attachment":[{"href":"https:\/\/senoticias.com.br\/se\/wp-json\/wp\/v2\/media?parent=102028"}],"wp:term":[{"taxonomy":"category","embeddable":true,"href":"https:\/\/senoticias.com.br\/se\/wp-json\/wp\/v2\/categories?post=102028"},{"taxonomy":"post_tag","embeddable":true,"href":"https:\/\/senoticias.com.br\/se\/wp-json\/wp\/v2\/tags?post=102028"}],"curies":[{"name":"wp","href":"https:\/\/api.w.org\/{rel}","templated":true}]}}