{"id":102024,"date":"2017-03-31T09:19:54","date_gmt":"2017-03-31T12:19:54","guid":{"rendered":"http:\/\/senoticias.com.br\/se\/?p=102024"},"modified":"2017-03-31T09:19:54","modified_gmt":"2017-03-31T12:19:54","slug":"anatel-convoca-operadoras-para-produzir-um-plano-contra-colapso-da-oi","status":"publish","type":"post","link":"https:\/\/senoticias.com.br\/se\/anatel-convoca-operadoras-para-produzir-um-plano-contra-colapso-da-oi\/","title":{"rendered":"Anatel convoca operadoras para produzir um plano contra colapso da Oi"},"content":{"rendered":"<p style=\"text-align: justify;\">O governo est\u00e1 perdendo a paci\u00eancia com a <strong>Oi<\/strong>. J\u00e1 vem publicamente, via Minist\u00e9rio das Comunica\u00e7\u00f5es, amea\u00e7ando intervir na encrencada operadora, hoje em recupera\u00e7\u00e3o judicial, informa o Colunista<a href=\"http:\/\/blogs.oglobo.globo.com\/lauro-jardim\/post\/anatel-convoca-operadoras-para-fazerem-plano-contra-colapso-da-oi.html\"> Lauro Jardim<\/a>\/O Globo.<\/p>\n<div id=\"attachment_102025\" style=\"width: 609px\" class=\"wp-caption aligncenter\"><img loading=\"lazy\" decoding=\"async\" aria-describedby=\"caption-attachment-102025\" class=\"size-full wp-image-102025\" src=\"http:\/\/senoticias.com.br\/se\/wp-content\/uploads\/2017\/03\/Oi-operadora-SENOTICIAS-e1490962680253.jpg\" alt=\"Anatel convoca operadoras para produzir um plano contra colapso da Oi\" width=\"599\" height=\"360\" \/><p id=\"caption-attachment-102025\" class=\"wp-caption-text\">Anatel convoca operadoras para produzir um plano contra colapso da Oi. (Foto:Eny Miranda | Divulga\u00e7\u00e3o)<\/p><\/div>\n<p style=\"text-align: justify;\">Agora, a Anatel resolveu tamb\u00e9m mostrar os dentes.<\/p>\n<p style=\"text-align: justify;\">Enviou hoje um of\u00edcio \u00e0s principais operadoras do Brasil, ou seja, Vivo, TIM e Claro, marcando para a semana que vem reuni\u00f5es individuais para definir detalhes de um plano de contingenciamento relativo a um poss\u00edvel colapso operacional da Oi.<\/p>\n<p style=\"text-align: justify;\">Assinado por Osmar Silva Junior, superintendente de controle da ag\u00eancia, o documento \u00e9 claro: quer que as operadoras apresentem um plano que &#8220;deve incluir tamb\u00e9m medidas que poderiam ser adotadas para mitigar o risco \u00e0 continuidade das presta\u00e7\u00f5es e as respectivas alternativas para qualquer cen\u00e1rio&#8221; que possa ocorrer.<\/p>\n<p style=\"text-align: justify;\">Ou seja, um plano &#8220;com o objetivo de mitigar o risco de interrup\u00e7\u00e3o no fornecimento de servi\u00e7os de telecomunica\u00e7\u00f5es de varejo e atacado pelo grupo Oi&#8221;.<\/p>\n<p style=\"text-align: justify;\"><img loading=\"lazy\" decoding=\"async\" class=\"aligncenter size-full wp-image-101900\" src=\"http:\/\/senoticias.com.br\/se\/wp-content\/uploads\/2017\/03\/Logo-fone-1-2-1-2-4-5.jpg\" alt=\"Logo-fone-1-2-1-2-4\" width=\"599\" height=\"78\" srcset=\"https:\/\/senoticias.com.br\/se\/wp-content\/uploads\/2017\/03\/Logo-fone-1-2-1-2-4-5.jpg 599w, https:\/\/senoticias.com.br\/se\/wp-content\/uploads\/2017\/03\/Logo-fone-1-2-1-2-4-5-300x39.jpg 300w\" sizes=\"(max-width: 599px) 100vw, 599px\" \/><\/p>\n<p style=\"text-align: justify;\">\n<p style=\"text-align: justify;\"><em><strong>Acompanhe tamb\u00e9m o SE Not\u00edcias no<\/strong><span class=\"apple-converted-space\"><b>\u00a0<\/b><\/span><a href=\"https:\/\/twitter.com\/Senoticias\" target=\"_blank\"><b>Twitter<\/b><\/a><strong>,<\/strong><span class=\"apple-converted-space\"><b>\u00a0<\/b><\/span><a href=\"https:\/\/www.facebook.com\/senoticias1\" target=\"_blank\"><b>Facebook<\/b><span class=\"apple-converted-space\"><b>\u00a0<\/b><\/span><\/a><strong>e no<\/strong><span class=\"apple-converted-space\"><b>\u00a0<\/b><\/span><a href=\"https:\/\/www.instagram.com\/senoticias\/\" target=\"_blank\"><b>Instagram<\/b><\/a><\/em><\/p>\n","protected":false},"excerpt":{"rendered":"<p>O governo est\u00e1 perdendo a paci\u00eancia com a Oi. J\u00e1 vem publicamente, via Minist\u00e9rio das Comunica\u00e7\u00f5es, amea\u00e7ando intervir na encrencada operadora, hoje em recupera\u00e7\u00e3o judicial, informa o Colunista Lauro Jardim\/O Globo. Agora, a Anatel resolveu tamb\u00e9m mostrar os dentes. Enviou hoje um of\u00edcio \u00e0s principais operadoras do Brasil, ou seja, Vivo, TIM e Claro, marcando [&hellip;]<\/p>\n","protected":false},"author":2,"featured_media":102025,"comment_status":"closed","ping_status":"closed","sticky":false,"template":"","format":"standard","meta":{"footnotes":""},"categories":[45],"tags":[],"class_list":{"0":"post-102024","1":"post","2":"type-post","3":"status-publish","4":"format-standard","5":"has-post-thumbnail","7":"category-tecnologia"},"_links":{"self":[{"href":"https:\/\/senoticias.com.br\/se\/wp-json\/wp\/v2\/posts\/102024"}],"collection":[{"href":"https:\/\/senoticias.com.br\/se\/wp-json\/wp\/v2\/posts"}],"about":[{"href":"https:\/\/senoticias.com.br\/se\/wp-json\/wp\/v2\/types\/post"}],"author":[{"embeddable":true,"href":"https:\/\/senoticias.com.br\/se\/wp-json\/wp\/v2\/users\/2"}],"replies":[{"embeddable":true,"href":"https:\/\/senoticias.com.br\/se\/wp-json\/wp\/v2\/comments?post=102024"}],"version-history":[{"count":0,"href":"https:\/\/senoticias.com.br\/se\/wp-json\/wp\/v2\/posts\/102024\/revisions"}],"wp:featuredmedia":[{"embeddable":true,"href":"https:\/\/senoticias.com.br\/se\/wp-json\/wp\/v2\/media\/102025"}],"wp:attachment":[{"href":"https:\/\/senoticias.com.br\/se\/wp-json\/wp\/v2\/media?parent=102024"}],"wp:term":[{"taxonomy":"category","embeddable":true,"href":"https:\/\/senoticias.com.br\/se\/wp-json\/wp\/v2\/categories?post=102024"},{"taxonomy":"post_tag","embeddable":true,"href":"https:\/\/senoticias.com.br\/se\/wp-json\/wp\/v2\/tags?post=102024"}],"curies":[{"name":"wp","href":"https:\/\/api.w.org\/{rel}","templated":true}]}}