{"id":102022,"date":"2017-03-31T08:59:46","date_gmt":"2017-03-31T11:59:46","guid":{"rendered":"http:\/\/senoticias.com.br\/se\/?p=102022"},"modified":"2017-04-01T13:41:13","modified_gmt":"2017-04-01T16:41:13","slug":"colisao-entre-onibus-escolares-deixa-6-mortos-no-interior-de-alagoas","status":"publish","type":"post","link":"https:\/\/senoticias.com.br\/se\/colisao-entre-onibus-escolares-deixa-6-mortos-no-interior-de-alagoas\/","title":{"rendered":"Colis\u00e3o entre \u00f4nibus escolares deixa 6 mortos no interior de Alagoas"},"content":{"rendered":"<p style=\"text-align: justify;\">Uma colis\u00e3o frontal entre dois \u00f4nibus escolares deixou 6 pessoas mortas e feridas na rodovia AL-110 no interior de Alagoas, no trecho que compreende o munic\u00edpio de Junqueiro, na noite de quinta-feira (30). Os ve\u00edculos envolvidos no acidente s\u00e3o das prefeituras de Junqueiro e de Teot\u00f4nio Vilela.<\/p>\n<div id=\"attachment_102023\" style=\"width: 609px\" class=\"wp-caption aligncenter\"><img loading=\"lazy\" decoding=\"async\" aria-describedby=\"caption-attachment-102023\" class=\"size-full wp-image-102023\" src=\"http:\/\/senoticias.com.br\/se\/wp-content\/uploads\/2017\/03\/mortes-em-Alagoas-senoticias-e1490961491233.jpg\" alt=\"Colis\u00e3o entre \u00f4nibus escolares deixa mortos e feridos (Foto: Reprodu\u00e7\u00e3o\/TV Gazeta)\" width=\"599\" height=\"449\" \/><p id=\"caption-attachment-102023\" class=\"wp-caption-text\">Colis\u00e3o entre \u00f4nibus escolares deixa mortos e feridos (Foto: Reprodu\u00e7\u00e3o\/TV Gazeta)<\/p><\/div>\n<p style=\"text-align: justify;\">O Instituto de Medicina Legal (IML) esteve no local e recolheu os corpos de dois homens e tr\u00eas mulheres. Entretanto, inicialmente o Corpo de Bombeiros contabilizou seis mortes no local.<\/p>\n<p style=\"text-align: justify;\">A assessoria de comunica\u00e7\u00e3o da Unidade de Emerg\u00eancia do Agreste (UE) informou que 45 pessoas deram entrada na unidade de emerg\u00eancia. Duas delas foram operadas em estado grave e encaminhadas para a \u00c1rea Vermelha. Os demais pacientes est\u00e3o fora de perigo.<\/p>\n<p style=\"text-align: justify;\">O Hemocentro de Arapiraca (Hemoar) solicita que volunt\u00e1rios compare\u00e7am para fazer doa\u00e7\u00e3o de sangue. Os volunt\u00e1rios devem comparecer ao Hemoar, das 7h \u00e0s 16h, que fica ao lado do Hospital Regional, pr\u00f3ximo ao 5\u00ba Centro de Sa\u00fade, em Arapiraca.<\/p>\n<p style=\"text-align: justify;\">O secret\u00e1rio de Comunica\u00e7\u00e3o e Eventos de Junqueiro, Jair Santos, esteve no local e disse que os motoristas dos dois \u00f4nibus morreram antes da chegada do socorro m\u00e9dico.<\/p>\n<p style=\"text-align: justify;\">Em nota encaminhada \u00e0 imprensa, a assessoria de comunica\u00e7\u00e3o de Teot\u00f4nio Vilela lamentou o acidente e informou que ao menos 6 pessoas morreram ainda no local, e que todos os esfor\u00e7os foram feitos para tentar salvar as vidas dos sobreviventes.<\/p>\n<p style=\"text-align: justify;\">Duas viaturas do Corpo de Bombeiros e mais de 10 ambul\u00e2ncias dos munic\u00edpios de Teot\u00f4nio Vilela, Junqueiro e S\u00e3o Sebasti\u00e3o est\u00e3o no local resgatando as v\u00edtimas \u2013 muitas delas em estado grave. Equipes da PM de Teot\u00f4nio Vilela, Junqueiro, S\u00e3o Sebasti\u00e3o e do 3\u00ba Batalh\u00e3o tamb\u00e9m est\u00e3o no local.<\/p>\n<p style=\"text-align: justify;\">Segundo informa\u00e7\u00f5es de testemunhas, o \u00f4nibus estudantil de Junqueiro seguia com alunos universit\u00e1rios para a cidade de Arapiraca. E o de Teot\u00f4nio Vilela voltava de Arapiraca para a cidade, tamb\u00e9m com estudantes. A estimativa \u00e9 que cada ve\u00edculo transportava ao menos 35 pessoas.<\/p>\n<p style=\"text-align: justify;\"><img loading=\"lazy\" decoding=\"async\" class=\"aligncenter size-full wp-image-101900\" src=\"http:\/\/senoticias.com.br\/se\/wp-content\/uploads\/2017\/03\/Logo-fone-1-2-1-2-4-5.jpg\" alt=\"Logo-fone-1-2-1-2-4\" width=\"599\" height=\"78\" srcset=\"https:\/\/senoticias.com.br\/se\/wp-content\/uploads\/2017\/03\/Logo-fone-1-2-1-2-4-5.jpg 599w, https:\/\/senoticias.com.br\/se\/wp-content\/uploads\/2017\/03\/Logo-fone-1-2-1-2-4-5-300x39.jpg 300w\" sizes=\"(max-width: 599px) 100vw, 599px\" \/><\/p>\n<p style=\"text-align: justify;\"><strong>Acompanhe tamb\u00e9m o SE Not\u00edcias no<\/strong><span class=\"apple-converted-space\"><b>\u00a0<\/b><\/span><a href=\"https:\/\/twitter.com\/Senoticias\" target=\"_blank\"><b>Twitter<\/b><\/a><strong>,<\/strong><span class=\"apple-converted-space\"><b>\u00a0<\/b><\/span><a href=\"https:\/\/www.facebook.com\/senoticias1\" target=\"_blank\"><b>Facebook<\/b><span class=\"apple-converted-space\"><b>\u00a0<\/b><\/span><\/a><strong>e no<\/strong><span class=\"apple-converted-space\"><b>\u00a0<\/b><\/span><a href=\"https:\/\/www.instagram.com\/senoticias\/\" target=\"_blank\"><b>Instagram<\/b><\/a><\/p>\n<p style=\"text-align: justify;\"><em>Informa\u00e7\u00f5es do <a href=\"http:\/\/g1.globo.com\/al\/alagoas\/noticia\/2017\/03\/mais-uma-pessoa-morre-vitima-da-colisao-entre-onibus-escolares-em-al.html\"><strong>G1<\/strong> <\/a>Alagoas<\/em><\/p>\n","protected":false},"excerpt":{"rendered":"<p>Uma colis\u00e3o frontal entre dois \u00f4nibus escolares deixou 6 pessoas mortas e feridas na rodovia AL-110 no interior de Alagoas, no trecho que compreende o munic\u00edpio de Junqueiro, na noite de quinta-feira (30). Os ve\u00edculos envolvidos no acidente s\u00e3o das prefeituras de Junqueiro e de Teot\u00f4nio Vilela. O Instituto de Medicina Legal (IML) esteve no [&hellip;]<\/p>\n","protected":false},"author":2,"featured_media":102023,"comment_status":"closed","ping_status":"closed","sticky":false,"template":"","format":"standard","meta":{"footnotes":""},"categories":[7],"tags":[2652,2657,2659,2653,2654,2655,2656,2658],"class_list":{"0":"post-102022","1":"post","2":"type-post","3":"status-publish","4":"format-standard","5":"has-post-thumbnail","7":"category-policia","8":"tag-6-pessoas-mortas","9":"tag-acidente-junqueiro","10":"tag-acidente-teotonio-vilela","11":"tag-alagoas","12":"tag-colisao-entre-onibus","13":"tag-interior-de-alagoas","14":"tag-junqueiro","15":"tag-teotonio-vilela"},"_links":{"self":[{"href":"https:\/\/senoticias.com.br\/se\/wp-json\/wp\/v2\/posts\/102022"}],"collection":[{"href":"https:\/\/senoticias.com.br\/se\/wp-json\/wp\/v2\/posts"}],"about":[{"href":"https:\/\/senoticias.com.br\/se\/wp-json\/wp\/v2\/types\/post"}],"author":[{"embeddable":true,"href":"https:\/\/senoticias.com.br\/se\/wp-json\/wp\/v2\/users\/2"}],"replies":[{"embeddable":true,"href":"https:\/\/senoticias.com.br\/se\/wp-json\/wp\/v2\/comments?post=102022"}],"version-history":[{"count":0,"href":"https:\/\/senoticias.com.br\/se\/wp-json\/wp\/v2\/posts\/102022\/revisions"}],"wp:featuredmedia":[{"embeddable":true,"href":"https:\/\/senoticias.com.br\/se\/wp-json\/wp\/v2\/media\/102023"}],"wp:attachment":[{"href":"https:\/\/senoticias.com.br\/se\/wp-json\/wp\/v2\/media?parent=102022"}],"wp:term":[{"taxonomy":"category","embeddable":true,"href":"https:\/\/senoticias.com.br\/se\/wp-json\/wp\/v2\/categories?post=102022"},{"taxonomy":"post_tag","embeddable":true,"href":"https:\/\/senoticias.com.br\/se\/wp-json\/wp\/v2\/tags?post=102022"}],"curies":[{"name":"wp","href":"https:\/\/api.w.org\/{rel}","templated":true}]}}