{"id":102019,"date":"2017-03-31T08:16:40","date_gmt":"2017-03-31T11:16:40","guid":{"rendered":"http:\/\/senoticias.com.br\/se\/?p=102019"},"modified":"2017-03-31T09:08:01","modified_gmt":"2017-03-31T12:08:01","slug":"guardas-municipais-passarao-a-atuar-armados-em-nossa-senhora-do-socorro","status":"publish","type":"post","link":"https:\/\/senoticias.com.br\/se\/guardas-municipais-passarao-a-atuar-armados-em-nossa-senhora-do-socorro\/","title":{"rendered":"Guardas de Nossa Senhora do Socorro j\u00e1 podem trabalhar armados"},"content":{"rendered":"<p style=\"text-align: justify;\">Foi pensando em refor\u00e7ar a seguran\u00e7a da popula\u00e7\u00e3o socorrense, que a Prefeitura de Nossa Senhora do Socorro conseguiu, enfim, a libera\u00e7\u00e3o para que a Guarda Municipal de Socorro (GMS) possa receber as armas doadas pela Pol\u00edcia Militar de Sergipe. Desde que assumiu a Gest\u00e3o, o prefeito Padre Inaldo demonstrou total empenho em buscar a libera\u00e7\u00e3o junto ao Ex\u00e9rcito Brasileiro, respons\u00e1vel por fiscalizar e controlar o uso de armas de fogo no pa\u00eds.<\/p>\n<div id=\"attachment_102020\" style=\"width: 609px\" class=\"wp-caption aligncenter\"><img loading=\"lazy\" decoding=\"async\" aria-describedby=\"caption-attachment-102020\" class=\"size-full wp-image-102020\" src=\"http:\/\/senoticias.com.br\/se\/wp-content\/uploads\/2017\/03\/Gurdas-armados-em-Socorro-senoticias-e1490959086702.jpg\" alt=\"Guardas Municipais atuar\u00e3o armados em Socorro (Foto: Prefeitura de Socorro) \" width=\"599\" height=\"398\" \/><p id=\"caption-attachment-102020\" class=\"wp-caption-text\">Guardas Municipais atuar\u00e3o armados em Socorro (Foto: Ascom\/PMNSC)<\/p><\/div>\n<p style=\"text-align: justify;\">Na oportunidade, o prefeito Padre Inaldo destacou a import\u00e2ncia dessa conquista para a popula\u00e7\u00e3o socorrense. \u201cMesmo entendendo que a Seguran\u00e7a P\u00fablica \u00e9 responsabilidade do estado, n\u00e3o podemos deixar de contribuir. Por isso, temos certeza que viabilizar o melhor aparelhamento para que nossa Guarda contribua com a Seguran\u00e7a em Socorro \u00e9 fundamental. Queremos que os Guardas tenham melhores condi\u00e7\u00f5es de agir. Assim, estamos dando nossa contribui\u00e7\u00e3o para minimizar os problemas de Seguran\u00e7a P\u00fablica no nosso munic\u00edpio. Foi uma grande luta, mas conseguimos\u201d.<\/p>\n<p style=\"text-align: justify;\">Para o comandante da Guarda Municipal, Evil\u00e1sio Prot\u00e1sio, essa aquisi\u00e7\u00e3o foi, sem d\u00favida, um grande avan\u00e7o para o refor\u00e7o da seguran\u00e7a no munic\u00edpio de Socorro. \u201cEstamos apenas esperando o processamento para as armas chegarem aqui. Sem d\u00favida, nossa atua\u00e7\u00e3o ser\u00e1 mais eficaz em prol da seguran\u00e7a dos socorrenses\u201d, relatou.<\/p>\n<p style=\"text-align: justify;\"><strong>Libera\u00e7\u00e3o<\/strong><\/p>\n<p style=\"text-align: justify;\">O ato de libera\u00e7\u00e3o das armas foi expedido na \u00faltima quarta-feira, 29, pelo comandante da 6\u00aa Regi\u00e3o Militar, general Joarez Alves Pereira J\u00fanior. Segundo o of\u00edcio de n\u00ba 118, o Ex\u00e9rcito Brasileiro autoriza a aquisi\u00e7\u00e3o do armamento a ser doado pela Pol\u00edcia Militar\/SE \u00e0 Guarda Municipal de Nossa Senhora do Socorro.<\/p>\n<p style=\"text-align: justify;\">Antes, por\u00e9m, o prefeito Padre Inaldo foi \u00e0 Salvador, onde se reuniu com o comandante e pediu celeridade no processo. Padre Inaldo tamb\u00e9m foi \u00e0 Bras\u00edlia para reiterar seu pedido e acompanhar o procedimento.<\/p>\n<p style=\"text-align: justify;\"><img loading=\"lazy\" decoding=\"async\" class=\"aligncenter size-full wp-image-101900\" src=\"http:\/\/senoticias.com.br\/se\/wp-content\/uploads\/2017\/03\/Logo-fone-1-2-1-2-4-5.jpg\" alt=\"Logo-fone-1-2-1-2-4\" width=\"599\" height=\"78\" srcset=\"https:\/\/senoticias.com.br\/se\/wp-content\/uploads\/2017\/03\/Logo-fone-1-2-1-2-4-5.jpg 599w, https:\/\/senoticias.com.br\/se\/wp-content\/uploads\/2017\/03\/Logo-fone-1-2-1-2-4-5-300x39.jpg 300w\" sizes=\"(max-width: 599px) 100vw, 599px\" \/><\/p>\n<p style=\"text-align: justify;\"><strong>Acompanhe tamb\u00e9m o SE Not\u00edcias no<\/strong><span class=\"apple-converted-space\"><b>\u00a0<\/b><\/span><a href=\"https:\/\/twitter.com\/Senoticias\" target=\"_blank\"><b>Twitter<\/b><\/a><strong>,<\/strong><span class=\"apple-converted-space\"><b>\u00a0<\/b><\/span><a href=\"https:\/\/www.facebook.com\/senoticias1\" target=\"_blank\"><b>Facebook<\/b><span class=\"apple-converted-space\"><b>\u00a0<\/b><\/span><\/a><strong>e no<\/strong><span class=\"apple-converted-space\"><b>\u00a0<\/b><\/span><a href=\"https:\/\/www.instagram.com\/senoticias\/\" target=\"_blank\"><b>Instagram<\/b><\/a><\/p>\n<p><em>Da Secretaria de Comunica\u00e7\u00e3o da Prefeitura de Socorro<\/em><\/p>\n","protected":false},"excerpt":{"rendered":"<p>Foi pensando em refor\u00e7ar a seguran\u00e7a da popula\u00e7\u00e3o socorrense, que a Prefeitura de Nossa Senhora do Socorro conseguiu, enfim, a libera\u00e7\u00e3o para que a Guarda Municipal de Socorro (GMS) possa receber as armas doadas pela Pol\u00edcia Militar de Sergipe. Desde que assumiu a Gest\u00e3o, o prefeito Padre Inaldo demonstrou total empenho em buscar a libera\u00e7\u00e3o [&hellip;]<\/p>\n","protected":false},"author":2,"featured_media":102020,"comment_status":"closed","ping_status":"closed","sticky":false,"template":"","format":"standard","meta":{"footnotes":""},"categories":[15,1],"tags":[2651,1266,2650,1913,1914,2272],"class_list":{"0":"post-102019","1":"post","2":"type-post","3":"status-publish","4":"format-standard","5":"has-post-thumbnail","7":"category-destaques","8":"category-sem-categoria","9":"tag-armados","10":"tag-guardas-municipais","11":"tag-nossa-senhora-do-socorro","12":"tag-padre-inaldo","13":"tag-prefeito-padre-inaldo","14":"tag-prefeitura-de-socorro"},"_links":{"self":[{"href":"https:\/\/senoticias.com.br\/se\/wp-json\/wp\/v2\/posts\/102019"}],"collection":[{"href":"https:\/\/senoticias.com.br\/se\/wp-json\/wp\/v2\/posts"}],"about":[{"href":"https:\/\/senoticias.com.br\/se\/wp-json\/wp\/v2\/types\/post"}],"author":[{"embeddable":true,"href":"https:\/\/senoticias.com.br\/se\/wp-json\/wp\/v2\/users\/2"}],"replies":[{"embeddable":true,"href":"https:\/\/senoticias.com.br\/se\/wp-json\/wp\/v2\/comments?post=102019"}],"version-history":[{"count":0,"href":"https:\/\/senoticias.com.br\/se\/wp-json\/wp\/v2\/posts\/102019\/revisions"}],"wp:featuredmedia":[{"embeddable":true,"href":"https:\/\/senoticias.com.br\/se\/wp-json\/wp\/v2\/media\/102020"}],"wp:attachment":[{"href":"https:\/\/senoticias.com.br\/se\/wp-json\/wp\/v2\/media?parent=102019"}],"wp:term":[{"taxonomy":"category","embeddable":true,"href":"https:\/\/senoticias.com.br\/se\/wp-json\/wp\/v2\/categories?post=102019"},{"taxonomy":"post_tag","embeddable":true,"href":"https:\/\/senoticias.com.br\/se\/wp-json\/wp\/v2\/tags?post=102019"}],"curies":[{"name":"wp","href":"https:\/\/api.w.org\/{rel}","templated":true}]}}