{"id":102011,"date":"2017-03-31T06:45:23","date_gmt":"2017-03-31T09:45:23","guid":{"rendered":"http:\/\/senoticias.com.br\/se\/?p=102011"},"modified":"2017-03-31T06:50:33","modified_gmt":"2017-03-31T09:50:33","slug":"marcelo-beltrao-e-jorge-teles-ministram-palestras-em-sergipe-nesta-sexta","status":"publish","type":"post","link":"https:\/\/senoticias.com.br\/se\/marcelo-beltrao-e-jorge-teles-ministram-palestras-em-sergipe-nesta-sexta\/","title":{"rendered":"Marcelo Beltr\u00e3o e Jorge Teles ministram palestras em Sergipe nesta sexta"},"content":{"rendered":"<p style=\"text-align: justify;\">Nesta sexta-feira, 31, prefeitos, secret\u00e1rios e agentes de Educa\u00e7\u00e3o s\u00e3o os convidados especiais de mais um evento promovido pela Federa\u00e7\u00e3o dos Munic\u00edpios do Estado de Sergipe (FAMES) em parceria com a Estrat\u00e9gia Consultoria e a Teles Cavalcante Barreto. Sob o tema \u201cOs Desafios da Educa\u00e7\u00e3o\u201d, o semin\u00e1rio contar\u00e1 com duas palestras esclarecedoras: \u201cLegisla\u00e7\u00e3o, Financiamento e Qualidade\u201d, ministrada por Marcelo Beltr\u00e3o (2\u00ba secret\u00e1rio da Confedera\u00e7\u00e3o Nacional dos Munic\u00edpios \u2013 CNM), e \u201cPlano de A\u00e7\u00f5es Articuladas da Educa\u00e7\u00e3o\u201d, conduzida pelo advogado Jorge Teles.<\/p>\n<div id=\"attachment_102012\" style=\"width: 609px\" class=\"wp-caption aligncenter\"><img loading=\"lazy\" decoding=\"async\" aria-describedby=\"caption-attachment-102012\" class=\"size-full wp-image-102012\" src=\"http:\/\/senoticias.com.br\/se\/wp-content\/uploads\/2017\/03\/cat-evento-senoticias-e1490953640209.jpg\" alt=\"Palestras acontecem nesta sexta-feira em Aracaju. (Foto: arte\/organiza\u00e7\u00e3o evento)\" width=\"599\" height=\"599\" \/><p id=\"caption-attachment-102012\" class=\"wp-caption-text\">Palestras acontecem nesta sexta-feira em Aracaju. (Foto: arte\/organiza\u00e7\u00e3o evento)<\/p><\/div>\n<p style=\"text-align: justify;\">Um dos respons\u00e1veis pela realiza\u00e7\u00e3o do semin\u00e1rio, Jorge Teles destaca que o objetivo do evento \u00e9 orientar os gestores eleitos e reeleitos sobre como terem acesso a libera\u00e7\u00e3o de recursos importantes para seus munic\u00edpios. \u201cBreve ser\u00e1 aberto o prazo para a elabora\u00e7\u00e3o do PAR, e quero mostrar na pr\u00e1tica como os prefeitos podem conseguir um valor razo\u00e1vel do Fundo Nacional de Desenvolvimento da Educa\u00e7\u00e3o (FNDE). Se o trabalho for bem feito, o prefeito ter\u00e1 \u00eaxito\u201d, exemplificou. O advogado defende que, dada a situa\u00e7\u00e3o atual dos munic\u00edpios, \u00e9 necess\u00e1rio tamb\u00e9m evitar negocia\u00e7\u00f5es falhas do piso do Magist\u00e9rio com o Sindicato dos Trabalhadores em Educa\u00e7\u00e3o B\u00e1sica do Estado de Sergipe (Sintese).<\/p>\n<p style=\"text-align: justify;\">\u201c\u00c9 preciso muito cuidado para que determinada negocia\u00e7\u00e3o n\u00e3o inviabilize a gest\u00e3o do munic\u00edpio. Marcelo Beltr\u00e3o conseguiu aumentar o \u00cdndice de Desenvolvimento da Educa\u00e7\u00e3o B\u00e1sica (IDEB) e melhorar a qualidade da Educa\u00e7\u00e3o sem ceder a press\u00f5es e sempre dentro da legalidade. A proposta deste evento \u00e9 justamente trazer informa\u00e7\u00f5es t\u00e9cnicas e privilegiadas aos prefeitos de um profissional que administrou t\u00e3o bem um munic\u00edpio e tamb\u00e9m pode falar tecnicamente. Ele trar\u00e1 suas experi\u00eancias como gestor e como um dos maiores especialistas do Brasil em Educa\u00e7\u00e3o\u201d, pontuou, acrescentando que o PAR \u00e9 constru\u00eddo a cada quatro anos e, atrav\u00e9s dele, \u00e9 poss\u00edvel solicitar ao FNDE recursos para obras e equipamentos. \u201cSe fizerem um trabalho bem feito, os prefeitos poder\u00e3o provar que seus munic\u00edpios t\u00eam demandas e o FNDE poder\u00e1 financiar tudo que for solicitado: \u00f4nibus, carteiras, constru\u00e7\u00e3o de escolas, creches e quadras, entre outros\u201d, alerta Jorge Teles.<\/p>\n<p style=\"text-align: justify;\">Com um curr\u00edculo rico nas \u00e1reas de Educa\u00e7\u00e3o e de gest\u00e3o p\u00fablica, Marcelo Beltr\u00e3o j\u00e1 foi Diretor Administrativo da Eletrobr\u00e1s Alagoas, vereador e secret\u00e1rio de Educa\u00e7\u00e3o de Coruripe, presidente da Uni\u00e3o Nacional dos Dirigentes Municipais de Educa\u00e7\u00e3o (UNDIME), prefeito de Jequi\u00e1 da Praia (AL) por dois mandatos consecutivos, presidente da Associa\u00e7\u00e3o dos Munic\u00edpios Alagoanos (AMA) e atualmente, al\u00e9m de 2\u00ba secret\u00e1rio da CNM, \u00e9 secret\u00e1rio de Educa\u00e7\u00e3o no munic\u00edpio de Marechal Deodoro. Como prefeito de Jequi\u00e1 da Praia, Beltr\u00e3o conseguiu tornar a cidade uma refer\u00eancia de Educa\u00e7\u00e3o no Estado de Alagoas. Em 2015, o munic\u00edpio ficou em primeiro lugar no Estado na Avalia\u00e7\u00e3o Nacional da Educa\u00e7\u00e3o, com 90% das crian\u00e7as alfabetizadas.<\/p>\n<p style=\"text-align: justify;\"><strong>Acompanhe tamb\u00e9m o SE Not\u00edcias no<\/strong><span class=\"apple-converted-space\"><b>\u00a0<\/b><\/span><a href=\"https:\/\/twitter.com\/Senoticias\" target=\"_blank\"><b>Twitter<\/b><\/a><strong>,<\/strong><span class=\"apple-converted-space\"><b>\u00a0<\/b><\/span><a href=\"https:\/\/www.facebook.com\/senoticias1\" target=\"_blank\"><b>Facebook<\/b><span class=\"apple-converted-space\"><b>\u00a0<\/b><\/span><\/a><strong>e no<\/strong><span class=\"apple-converted-space\"><b>\u00a0<\/b><\/span><a href=\"https:\/\/www.instagram.com\/senoticias\/\" target=\"_blank\"><b>Instagram<\/b><\/a><\/p>\n<p style=\"text-align: justify;\"><img loading=\"lazy\" decoding=\"async\" class=\"aligncenter size-full wp-image-101900\" src=\"http:\/\/senoticias.com.br\/se\/wp-content\/uploads\/2017\/03\/Logo-fone-1-2-1-2-4-5.jpg\" alt=\"Logo-fone-1-2-1-2-4\" width=\"599\" height=\"78\" srcset=\"https:\/\/senoticias.com.br\/se\/wp-content\/uploads\/2017\/03\/Logo-fone-1-2-1-2-4-5.jpg 599w, https:\/\/senoticias.com.br\/se\/wp-content\/uploads\/2017\/03\/Logo-fone-1-2-1-2-4-5-300x39.jpg 300w\" sizes=\"(max-width: 599px) 100vw, 599px\" \/><\/p>\n<p style=\"text-align: justify;\"><em>Da Assessoria de Imprensa<\/em><\/p>\n","protected":false},"excerpt":{"rendered":"<p>Nesta sexta-feira, 31, prefeitos, secret\u00e1rios e agentes de Educa\u00e7\u00e3o s\u00e3o os convidados especiais de mais um evento promovido pela Federa\u00e7\u00e3o dos Munic\u00edpios do Estado de Sergipe (FAMES) em parceria com a Estrat\u00e9gia Consultoria e a Teles Cavalcante Barreto. Sob o tema \u201cOs Desafios da Educa\u00e7\u00e3o\u201d, o semin\u00e1rio contar\u00e1 com duas palestras esclarecedoras: \u201cLegisla\u00e7\u00e3o, Financiamento e [&hellip;]<\/p>\n","protected":false},"author":2,"featured_media":102012,"comment_status":"closed","ping_status":"closed","sticky":false,"template":"","format":"standard","meta":{"footnotes":""},"categories":[6],"tags":[],"class_list":{"0":"post-102011","1":"post","2":"type-post","3":"status-publish","4":"format-standard","5":"has-post-thumbnail","7":"category-politica"},"_links":{"self":[{"href":"https:\/\/senoticias.com.br\/se\/wp-json\/wp\/v2\/posts\/102011"}],"collection":[{"href":"https:\/\/senoticias.com.br\/se\/wp-json\/wp\/v2\/posts"}],"about":[{"href":"https:\/\/senoticias.com.br\/se\/wp-json\/wp\/v2\/types\/post"}],"author":[{"embeddable":true,"href":"https:\/\/senoticias.com.br\/se\/wp-json\/wp\/v2\/users\/2"}],"replies":[{"embeddable":true,"href":"https:\/\/senoticias.com.br\/se\/wp-json\/wp\/v2\/comments?post=102011"}],"version-history":[{"count":0,"href":"https:\/\/senoticias.com.br\/se\/wp-json\/wp\/v2\/posts\/102011\/revisions"}],"wp:featuredmedia":[{"embeddable":true,"href":"https:\/\/senoticias.com.br\/se\/wp-json\/wp\/v2\/media\/102012"}],"wp:attachment":[{"href":"https:\/\/senoticias.com.br\/se\/wp-json\/wp\/v2\/media?parent=102011"}],"wp:term":[{"taxonomy":"category","embeddable":true,"href":"https:\/\/senoticias.com.br\/se\/wp-json\/wp\/v2\/categories?post=102011"},{"taxonomy":"post_tag","embeddable":true,"href":"https:\/\/senoticias.com.br\/se\/wp-json\/wp\/v2\/tags?post=102011"}],"curies":[{"name":"wp","href":"https:\/\/api.w.org\/{rel}","templated":true}]}}