{"id":102007,"date":"2017-03-31T06:18:25","date_gmt":"2017-03-31T09:18:25","guid":{"rendered":"http:\/\/senoticias.com.br\/se\/?p=102007"},"modified":"2017-04-01T13:42:07","modified_gmt":"2017-04-01T16:42:07","slug":"centro-de-meteorologia-de-sergipe-alerta-para-chuvas-no-fim-de-semana","status":"publish","type":"post","link":"https:\/\/senoticias.com.br\/se\/centro-de-meteorologia-de-sergipe-alerta-para-chuvas-no-fim-de-semana\/","title":{"rendered":"Centro de Meteorologia de Sergipe alerta para chuvas no fim de semana"},"content":{"rendered":"<p style=\"text-align: justify;\">A previs\u00e3o clim\u00e1tica para o fim de semana \u00e9 de muita chuva em munic\u00edpios da Grande Aracaju, Centro-sul, Agreste e Alto Sert\u00e3o, \u00e9 o que afirma o meteorologista do Centro de Meteorologia de Sergipe, ligado \u00e0 Secretaria de Estado do Meio Ambiente e Recursos H\u00eddricos (Cemese\/Semarh), Overland do Amaral.<\/p>\n<div id=\"attachment_102008\" style=\"width: 609px\" class=\"wp-caption aligncenter\"><img loading=\"lazy\" decoding=\"async\" aria-describedby=\"caption-attachment-102008\" class=\"size-full wp-image-102008\" src=\"http:\/\/senoticias.com.br\/se\/wp-content\/uploads\/2017\/03\/Previsao-Chuvas-SENOTICIAS-e1490951718789.jpg\" alt=\"Chuvas devem perdurar at\u00e9 a segunda-feira, 03, e atingir\u00e3o munic\u00edpios da Grande Aracaju, Centro-sul, Agreste e Alto Sert\u00e3o\" width=\"599\" height=\"399\" \/><p id=\"caption-attachment-102008\" class=\"wp-caption-text\">Chuvas devem perdurar at\u00e9 a segunda-feira, 03, e atingir\u00e3o munic\u00edpios da Grande Aracaju, Centro-sul, Agreste e Alto Sert\u00e3o. (Foto: Paulo Tim Tim)<\/p><\/div>\n<p style=\"text-align: justify;\">Conforme o meteorologista, desde a semana passada o sistema avan\u00e7a da Bahia em dire\u00e7\u00e3o ao litoral sul sergipano e dever\u00e1 perdurar at\u00e9 a segunda-feira, 03. \u201cTrabalhamos com a possibilidade desse sistema desde a \u00faltima semana. Tivemos diversas reuni\u00f5es com a For\u00e7a Tarefa de Combate \u00e0 Seca, apresentei as previs\u00f5es clim\u00e1ticas estendidas, de ontem, 29, at\u00e9 a segunda-feira, 03, tendo uma maior distribui\u00e7\u00e3o de chuvas no domingo e na segunda-feira. Mostramos a possibilidade desse sistema, que est\u00e1 desde a Bahia, e passa pelo sul do estado de Sergipe, por munic\u00edpios como Tobias Barreto, Tomar do Geru e Itabaianinha, nas regi\u00f5es Centro-Sul e Sul, mais especificamente nos munic\u00edpios que fazem divisa com a Bahia\u201d, explica.<\/p>\n<p><strong>Grande Aracaju<\/strong><\/p>\n<p style=\"text-align: justify;\">Na Grande Aracaju, Overland alerta que a maior distribui\u00e7\u00e3o de chuvas dever\u00e1 ocorrer no domingo, 02, e segunda-feira, 03. \u201cH\u00e1 possibilidade de chuvas mais volumosas, que poder\u00e1 impactar as mar\u00e9s. Chamo aten\u00e7\u00e3o da popula\u00e7\u00e3o e dos \u00f3rg\u00e3os municipais, para uma inunda\u00e7\u00e3o mais acentuada em Aracaju\u201d.<\/p>\n<p><strong>Agreste e Alto Sert\u00e3o<\/strong><\/p>\n<p style=\"text-align: justify;\">O meteorologista tamb\u00e9m n\u00e3o descarta a chegada de chuvas no Agreste e no Alto Sert\u00e3o. \u201cAs chuvas que chegar\u00e3o ao Agreste no domingo e segunda poder\u00e3o chegar ainda ao Alto Sert\u00e3o, ao longo do S\u00e3o Francisco\u201d, comenta.<\/p>\n<p style=\"text-align: justify;\"><strong>Defesa Civil\u00a0<\/strong><\/p>\n<p style=\"text-align: justify;\">O coordenador estadual da Defesa Civil, coronel Erivaldo Mendes, explana que as chuvas ocorridas nesta quarta-feira [nos munic\u00edpios de Tobias Barreto, Po\u00e7o Verde, Sim\u00e3o Dias, Lagarto, Pinh\u00e3o, Ribeir\u00f3polis e Canind\u00e9 de S\u00e3o Francisco] n\u00e3o trouxeram ocorr\u00eancias de maior porte, mas frisa que a Defesa Civil segue monitorando o alerta meteorol\u00f3gico.<br \/>\n\u201cAt\u00e9 o presente momento nenhuma ocorr\u00eancia que remeta a esse tipo de acionamento, de \u00f3rg\u00e3os, estruturas, nem mesmo da Defesa Civil. N\u00e3o tivemos nenhuma ocorr\u00eancia de maior porte, apenas transtornos normais, o que \u00e9 normal quando chove: quebra de \u00e1rvore, muros, coisas simples, que n\u00e3o tem maiores consequ\u00eancias. Tudo dentro da normalidade\u201d.<\/p>\n<p><strong>Plano de Conting\u00eancia<\/strong><\/p>\n<p style=\"text-align: justify;\">De acordo com o tenente-coronel Erivaldo Mendes, o alerta meteorol\u00f3gico \u00e9 transmitido para os munic\u00edpios que tem a compet\u00eancia legal de trabalhar as quest\u00f5es da Defesa Civil em \u00e2mbito municipal e cada munic\u00edpio tem seus planos de conting\u00eancia, que mobiliza a estrutura municipal, que \u00e9 coordenada pela Defesa Civil.<\/p>\n<p style=\"text-align: justify;\">\u201cO Estado tem um plano, que \u00e9 monitorar toda essa quest\u00e3o meteorol\u00f3gica e caso necess\u00e1rio, acionar os \u00f3rg\u00e3os estaduais para atendimento e resposta a desastre. O Corpo de Bombeiros para salvamentos diversos, o DER para recupera\u00e7\u00e3o e reabilita\u00e7\u00e3o de acessos de estradas estaduais e o sistema da Secretaria de Sa\u00fade para dar suporte para melhoramento de equipes para recepcionar poss\u00edveis v\u00edtimas. Ent\u00e3o, existe uma articula\u00e7\u00e3o em \u00e2mbito estadual para atender demandas emergenciais que a gente coordena e fica monitorando e demandando aos \u00f3rg\u00e3os estaduais que t\u00eam compet\u00eancia e a n\u00f3s pr\u00f3prios, da Defesa Civil, para tamb\u00e9m atuarmos com avalia\u00e7\u00f5es de determinadas situa\u00e7\u00f5es para avaliar riscos e encaminhar decis\u00f5es de interdi\u00e7\u00e3o, um trabalho coordenado nesse sentido\u201d, esclarece Mendes.<\/p>\n<p style=\"text-align: justify;\"><strong>Chuvas fortes<\/strong><\/p>\n<p style=\"text-align: justify;\">No caso das chuvas se intensificarem, a Defesa Civil recomenda que a popula\u00e7\u00e3o esteja atenta ao surgimento de trincas, rachaduras, degraus ou rebaixamento do terreno. Outros sinais de alerta s\u00e3o a inclina\u00e7\u00e3o de postes e \u00e1rvores; o aparecimento de valas com \u00e1gua mais barrenta que o normal, rachaduras nos pisos e paredes e de sali\u00eancias nos muros. Diante de algum desses sinais \u00e9 recomend\u00e1vel sair da casa em dire\u00e7\u00e3o a um lugar seguro e ligar para o Centro Integrado de Opera\u00e7\u00f5es de Seguran\u00e7a P\u00fablica (<a href=\"http:\/\/www.ssp.se.gov.br\/ver_noticia.php?id_noticia=6596&amp;chave=161d44e87b080e8e626fc19cdd717db1\" target=\"_blank\" data-saferedirecturl=\"https:\/\/www.google.com\/url?hl=pt-BR&amp;q=http:\/\/www.ssp.se.gov.br\/ver_noticia.php?id_noticia%3D6596%26chave%3D161d44e87b080e8e626fc19cdd717db1&amp;source=gmail&amp;ust=1491037953850000&amp;usg=AFQjCNEfk8iOwLjA1h6uR8Fxa_bOrxzA7w\">Ciosp<\/a>), atrav\u00e9s do n\u00famero 190.<\/p>\n<p>O site da Defesa Civil traz mais informa\u00e7\u00f5es de como agir em casos de enchentes. Confira\u00a0<a href=\"http:\/\/www.defesacivil.se.gov.br\/modules\/tinyd0\/index.php?id=49\" target=\"_blank\" data-saferedirecturl=\"https:\/\/www.google.com\/url?hl=pt-BR&amp;q=http:\/\/www.defesacivil.se.gov.br\/modules\/tinyd0\/index.php?id%3D49&amp;source=gmail&amp;ust=1491037953850000&amp;usg=AFQjCNFq5pY5gaHW1RaNvK1TGI0ncB3oUQ\">aqui<\/a>.<\/p>\n<p style=\"text-align: justify;\"><img loading=\"lazy\" decoding=\"async\" class=\"aligncenter size-full wp-image-101900\" src=\"http:\/\/senoticias.com.br\/se\/wp-content\/uploads\/2017\/03\/Logo-fone-1-2-1-2-4-5.jpg\" alt=\"Logo-fone-1-2-1-2-4\" width=\"599\" height=\"78\" srcset=\"https:\/\/senoticias.com.br\/se\/wp-content\/uploads\/2017\/03\/Logo-fone-1-2-1-2-4-5.jpg 599w, https:\/\/senoticias.com.br\/se\/wp-content\/uploads\/2017\/03\/Logo-fone-1-2-1-2-4-5-300x39.jpg 300w\" sizes=\"(max-width: 599px) 100vw, 599px\" \/><\/p>\n<p style=\"text-align: justify;\"><strong>Acompanhe tamb\u00e9m o SE Not\u00edcias no<\/strong><span class=\"apple-converted-space\"><b>\u00a0<\/b><\/span><a href=\"https:\/\/twitter.com\/Senoticias\" target=\"_blank\"><b>Twitter<\/b><\/a><strong>,<\/strong><span class=\"apple-converted-space\"><b>\u00a0<\/b><\/span><a href=\"https:\/\/www.facebook.com\/senoticias1\" target=\"_blank\"><b>Facebook<\/b><span class=\"apple-converted-space\"><b>\u00a0<\/b><\/span><\/a><strong>e no<\/strong><span class=\"apple-converted-space\"><b>\u00a0<\/b><\/span><a href=\"https:\/\/www.instagram.com\/senoticias\/\" target=\"_blank\"><b>Instagram<\/b><\/a><\/p>\n<p><em><strong>Com informa\u00e7\u00f5es da Defesa Civil de Sergipe\u00a0<\/strong><\/em><\/p>\n","protected":false},"excerpt":{"rendered":"<p>A previs\u00e3o clim\u00e1tica para o fim de semana \u00e9 de muita chuva em munic\u00edpios da Grande Aracaju, Centro-sul, Agreste e Alto Sert\u00e3o, \u00e9 o que afirma o meteorologista do Centro de Meteorologia de Sergipe, ligado \u00e0 Secretaria de Estado do Meio Ambiente e Recursos H\u00eddricos (Cemese\/Semarh), Overland do Amaral. Conforme o meteorologista, desde a semana [&hellip;]<\/p>\n","protected":false},"author":2,"featured_media":102008,"comment_status":"closed","ping_status":"closed","sticky":false,"template":"","format":"standard","meta":{"footnotes":""},"categories":[15,6],"tags":[],"class_list":{"0":"post-102007","1":"post","2":"type-post","3":"status-publish","4":"format-standard","5":"has-post-thumbnail","7":"category-destaques","8":"category-politica"},"_links":{"self":[{"href":"https:\/\/senoticias.com.br\/se\/wp-json\/wp\/v2\/posts\/102007"}],"collection":[{"href":"https:\/\/senoticias.com.br\/se\/wp-json\/wp\/v2\/posts"}],"about":[{"href":"https:\/\/senoticias.com.br\/se\/wp-json\/wp\/v2\/types\/post"}],"author":[{"embeddable":true,"href":"https:\/\/senoticias.com.br\/se\/wp-json\/wp\/v2\/users\/2"}],"replies":[{"embeddable":true,"href":"https:\/\/senoticias.com.br\/se\/wp-json\/wp\/v2\/comments?post=102007"}],"version-history":[{"count":0,"href":"https:\/\/senoticias.com.br\/se\/wp-json\/wp\/v2\/posts\/102007\/revisions"}],"wp:featuredmedia":[{"embeddable":true,"href":"https:\/\/senoticias.com.br\/se\/wp-json\/wp\/v2\/media\/102008"}],"wp:attachment":[{"href":"https:\/\/senoticias.com.br\/se\/wp-json\/wp\/v2\/media?parent=102007"}],"wp:term":[{"taxonomy":"category","embeddable":true,"href":"https:\/\/senoticias.com.br\/se\/wp-json\/wp\/v2\/categories?post=102007"},{"taxonomy":"post_tag","embeddable":true,"href":"https:\/\/senoticias.com.br\/se\/wp-json\/wp\/v2\/tags?post=102007"}],"curies":[{"name":"wp","href":"https:\/\/api.w.org\/{rel}","templated":true}]}}