{"id":102005,"date":"2017-03-30T18:16:20","date_gmt":"2017-03-30T21:16:20","guid":{"rendered":"http:\/\/senoticias.com.br\/se\/?p=102005"},"modified":"2017-03-30T18:16:20","modified_gmt":"2017-03-30T21:16:20","slug":"turismo-de-itaporanga-e-tema-de-audiencia-entre-governador-e-prefeito-do-municipio","status":"publish","type":"post","link":"https:\/\/senoticias.com.br\/se\/turismo-de-itaporanga-e-tema-de-audiencia-entre-governador-e-prefeito-do-municipio\/","title":{"rendered":"Turismo de Itaporanga \u00e9 tema de audi\u00eancia entre governador e prefeito do munic\u00edpio"},"content":{"rendered":"<div class=\"m_2651600362098461629mb-30 m_2651600362098461629row\"><\/div>\n<div class=\"m_2651600362098461629row\">\n<div class=\"m_2651600362098461629col-lg-9 m_2651600362098461629col-md-9 m_2651600362098461629col-sm-9 m_2651600362098461629col-xs-12\">\n<div class=\"m_2651600362098461629row\">\n<div class=\"m_2651600362098461629col-lg-12 m_2651600362098461629col-md-12 m_2651600362098461629col-sm-12 m_2651600362098461629col-xs-12\">\n<div class=\"m_2651600362098461629content\">\n<p style=\"text-align: justify;\">Projetos tur\u00edsticos, de urbaniza\u00e7\u00e3o e de abastecimento de \u00e1gua nortearam a conversa entre o governador Jackson Barreto e o prefeito de Itaporanga D\u2019Ajuda, Ot\u00e1vio Silveira Sobral, nesta quinta-feira, 30. Na ocasi\u00e3o, o prefeito solicitou apoio da gest\u00e3o estadual para implanta\u00e7\u00e3o de um cal\u00e7ad\u00e3o nas proximidades da ponte Joel Silveira, que liga Aracaju \u00e0 Itaporanga. Apreciada pelo governador, a proposta ser\u00e1 encaminhada para a secretaria de Turismo do Estado, a qual far\u00e1 intermedia\u00e7\u00e3o com o Programa de Desenvolvimento do Turismo (Prodetur).<\/p>\n<div id=\"attachment_102006\" style=\"width: 609px\" class=\"wp-caption aligncenter\"><img loading=\"lazy\" decoding=\"async\" aria-describedby=\"caption-attachment-102006\" class=\"size-full wp-image-102006\" src=\"http:\/\/senoticias.com.br\/se\/wp-content\/uploads\/2017\/03\/Prefeito-e-governador-senoticias-e1490908380608.jpg\" alt=\"Na ocasi\u00e3o, o prefeito solicitou apoio da gest\u00e3o estadual para implanta\u00e7\u00e3o de um cal\u00e7ad\u00e3o nas proximidades da ponte Joel Silveira, que liga Aracaju \u00e0 Itaporanga. Apreciada pelo governador, a proposta ser\u00e1 encaminhada para a secretaria de Turismo do Estado, a qual far\u00e1 intermedia\u00e7\u00e3o com o Programa de Desenvolvimento do Turismo (Prodetur)\" width=\"599\" height=\"400\" \/><p id=\"caption-attachment-102006\" class=\"wp-caption-text\">Na ocasi\u00e3o, o prefeito solicitou apoio da gest\u00e3o estadual para implanta\u00e7\u00e3o de um cal\u00e7ad\u00e3o nas proximidades da ponte Joel Silveira, que liga Aracaju \u00e0 Itaporanga. Apreciada pelo governador, a proposta ser\u00e1 encaminhada para a secretaria de Turismo do Estado, a qual far\u00e1 intermedia\u00e7\u00e3o com o Programa de Desenvolvimento do Turismo. \u00a0(Foto: Ag\u00eancia Sergipe de Not\u00edcias)<\/p><\/div>\n<p style=\"text-align: justify;\">\u201cO prefeito trouxe um projeto muito bonito para a implanta\u00e7\u00e3o de um cal\u00e7ad\u00e3o, no p\u00e9 da ponte Joel Silveira, que separa Aracaju e Itaporanga, pelo rio Vaza-Barris. Solicitei ao secret\u00e1rio de Turismo para incluir no projeto de discuss\u00e3o do Prodetur\u201d, explicou Jackson.<\/p>\n<p style=\"text-align: justify;\">Sobral informou que, o investimento de R$ 2,4 milh\u00f5es para constru\u00e7\u00e3o de atracadouros na ilha M\u00e9m de S\u00e1 e no povoado Caibr\u00f3s alavancar\u00e1 o potencial tur\u00edstico da regi\u00e3o e se faz necess\u00e1rio obras estruturantes, como esgotamento e abastecimento de \u00e1gua. \u00a0\u201cN\u00f3s expomos a necessidade de pensar no abastecimento de \u00e1gua, drenagem e esgotamento sanit\u00e1rio da Ilha Mem de S\u00e1, em firmarmos parcerias com a Deso, Cohidro, DER. Itaporanga \u00e9 a quarta cidade em extens\u00e3o territorial do estado de Sergipe e somos muito gratos pela recep\u00e7\u00e3o que Jackson tem dado ao munic\u00edpio\u201d, explicou o prefeito.<\/p>\n<p><strong>Turismo<\/strong><\/p>\n<p style=\"text-align: justify;\">As constru\u00e7\u00f5es de atracadouros em Caibr\u00f3s e na Ilha M\u00e9m de S\u00e1 se inserem entre as diversas interven\u00e7\u00f5es estruturantes que est\u00e3o sendo realizadas pelo governo do Estado de Sergipe, por meio da Secretaria de Estado do Turismo e do Esporte, com recursos do Programa de Desenvolvimento do Turismo (Prodetur). Or\u00e7ado em R$ 2,4 milh\u00f5es, o investimento contempla a implanta\u00e7\u00e3o de orlas amplas e modernas, pr\u00f3prias ao lazer, o que deve permitir a constru\u00e7\u00e3o de novos bares e restaurantes no local, fomentando a economia, al\u00e9m da reforma dos estabelecimentos j\u00e1 existentes. O processo licitat\u00f3rio das obras foi autorizado em dezembro pelo governador Jackson Barreto.<\/p>\n<p><strong>Prodetur<\/strong><\/p>\n<p style=\"text-align: justify;\">O Prodetur \u00e9 uma linha de cr\u00e9dito entre o governo do Estado e o Banco Interamericano de Desenvolvimento no Brasil (BID), que proporciona que a gest\u00e3o estadual fortale\u00e7a a economia e o desenvolvimento social por meio do turismo e consolide a gest\u00e3o setorial cooperativa e descentralizada, oportunizando um modelo de desenvolvimento tur\u00edstico a partir do qual os investimentos respondam tanto \u00e0s especificidades locais quanto a uma vis\u00e3o integral do turismo no Brasil. Para Sergipe, s\u00e3o destinados US$ 100 milh\u00f5es (mais de R$ 300 milh\u00f5es) para infraestrutura tur\u00edstica. Cabe ao BID o financiamento de US$ 60 milh\u00f5es, sendo US$ 40 milh\u00f5es de contrapartida estadual.<\/p>\n<p style=\"text-align: justify;\">Por meio do Programa, ser\u00e3o contemplados investimentos na constru\u00e7\u00e3o e recupera\u00e7\u00e3o de orlas e equipamentos tur\u00edsticos, patrim\u00f4nio hist\u00f3rico, qualifica\u00e7\u00e3o da m\u00e3o de obra, infraestrutura de apoio e fortalecimento institucional do turismo. Al\u00e9m dos atracadouros no povoado Caibr\u00f3s e na Ilha M\u00e9m de S\u00e1, em Itaporanga; est\u00e3o previstos a revitaliza\u00e7\u00e3o do Centro de Turismo, em Aracaju, constru\u00e7\u00e3o da orlinha do povoado Curralinho, em Po\u00e7o Redondo; as reformas da Orla P\u00f4r do Sol e da nova Orla de Aracaju, entre outros investimentos que ir\u00e3o transformar significativamente o setor econ\u00f4mico do turismo em Sergipe.<\/p>\n<p style=\"text-align: justify;\">Em Itaporanga, o Prodetur possui outros projetos, que somam mais de R$ 4 milh\u00f5es. S\u00e3o eles: elabora\u00e7\u00e3o do projeto executivo das obras de recupera\u00e7\u00e3o da conten\u00e7\u00e3o da Orla da Praia da Caueira; elabora\u00e7\u00e3o de Projetos b\u00e1sica e executiva para implantar um Sistema de Abastecimento de \u00c1gua Integrado do Litoral Sul e curso de forma\u00e7\u00e3o e capacita\u00e7\u00e3o de profissionais ligados \u00e0 \u00e1rea do turismo.<\/p>\n<p style=\"text-align: justify;\"><img loading=\"lazy\" decoding=\"async\" class=\"aligncenter size-full wp-image-101900\" src=\"http:\/\/senoticias.com.br\/se\/wp-content\/uploads\/2017\/03\/Logo-fone-1-2-1-2-4-5.jpg\" alt=\"Logo-fone-1-2-1-2-4\" width=\"599\" height=\"78\" srcset=\"https:\/\/senoticias.com.br\/se\/wp-content\/uploads\/2017\/03\/Logo-fone-1-2-1-2-4-5.jpg 599w, https:\/\/senoticias.com.br\/se\/wp-content\/uploads\/2017\/03\/Logo-fone-1-2-1-2-4-5-300x39.jpg 300w\" sizes=\"(max-width: 599px) 100vw, 599px\" \/><\/p>\n<p style=\"text-align: justify;\"><em><strong>Acompanhe tamb\u00e9m o SE Not\u00edcias no<\/strong><span class=\"apple-converted-space\"><b>\u00a0<\/b><\/span><a href=\"https:\/\/twitter.com\/Senoticias\" target=\"_blank\"><b>Twitter<\/b><\/a><strong>,<\/strong><span class=\"apple-converted-space\"><b>\u00a0<\/b><\/span><a href=\"https:\/\/www.facebook.com\/senoticias1\" target=\"_blank\"><b>Facebook<\/b><span class=\"apple-converted-space\"><b>\u00a0<\/b><\/span><\/a><strong>e no<\/strong><span class=\"apple-converted-space\"><b>\u00a0<\/b><\/span><a href=\"https:\/\/www.instagram.com\/senoticias\/\" target=\"_blank\"><b>Instagram<\/b><\/a><\/em><\/p>\n<p style=\"text-align: justify;\"><em>Mat\u00e9ria enviada pela Ag\u00eancia Sergipe de Not\u00edcas<\/em>\n<\/p>\n<\/div>\n<\/div>\n<\/div>\n<\/div>\n<\/div>\n","protected":false},"excerpt":{"rendered":"<p>Projetos tur\u00edsticos, de urbaniza\u00e7\u00e3o e de abastecimento de \u00e1gua nortearam a conversa entre o governador Jackson Barreto e o prefeito de Itaporanga D\u2019Ajuda, Ot\u00e1vio Silveira Sobral, nesta quinta-feira, 30. Na ocasi\u00e3o, o prefeito solicitou apoio da gest\u00e3o estadual para implanta\u00e7\u00e3o de um cal\u00e7ad\u00e3o nas proximidades da ponte Joel Silveira, que liga Aracaju \u00e0 Itaporanga. Apreciada [&hellip;]<\/p>\n","protected":false},"author":2,"featured_media":102006,"comment_status":"closed","ping_status":"closed","sticky":false,"template":"","format":"standard","meta":{"footnotes":""},"categories":[15,38],"tags":[],"class_list":{"0":"post-102005","1":"post","2":"type-post","3":"status-publish","4":"format-standard","5":"has-post-thumbnail","7":"category-destaques","8":"category-municipios"},"_links":{"self":[{"href":"https:\/\/senoticias.com.br\/se\/wp-json\/wp\/v2\/posts\/102005"}],"collection":[{"href":"https:\/\/senoticias.com.br\/se\/wp-json\/wp\/v2\/posts"}],"about":[{"href":"https:\/\/senoticias.com.br\/se\/wp-json\/wp\/v2\/types\/post"}],"author":[{"embeddable":true,"href":"https:\/\/senoticias.com.br\/se\/wp-json\/wp\/v2\/users\/2"}],"replies":[{"embeddable":true,"href":"https:\/\/senoticias.com.br\/se\/wp-json\/wp\/v2\/comments?post=102005"}],"version-history":[{"count":0,"href":"https:\/\/senoticias.com.br\/se\/wp-json\/wp\/v2\/posts\/102005\/revisions"}],"wp:featuredmedia":[{"embeddable":true,"href":"https:\/\/senoticias.com.br\/se\/wp-json\/wp\/v2\/media\/102006"}],"wp:attachment":[{"href":"https:\/\/senoticias.com.br\/se\/wp-json\/wp\/v2\/media?parent=102005"}],"wp:term":[{"taxonomy":"category","embeddable":true,"href":"https:\/\/senoticias.com.br\/se\/wp-json\/wp\/v2\/categories?post=102005"},{"taxonomy":"post_tag","embeddable":true,"href":"https:\/\/senoticias.com.br\/se\/wp-json\/wp\/v2\/tags?post=102005"}],"curies":[{"name":"wp","href":"https:\/\/api.w.org\/{rel}","templated":true}]}}