{"id":102002,"date":"2017-03-30T17:52:13","date_gmt":"2017-03-30T20:52:13","guid":{"rendered":"http:\/\/senoticias.com.br\/se\/?p=102002"},"modified":"2017-03-31T08:32:16","modified_gmt":"2017-03-31T11:32:16","slug":"arrombamento-da-prefeitura-de-capela-foi-forjado-diz-policia-veja-video","status":"publish","type":"post","link":"https:\/\/senoticias.com.br\/se\/arrombamento-da-prefeitura-de-capela-foi-forjado-diz-policia-veja-video\/","title":{"rendered":"\u2018Arrombamento da Prefeitura de Capela foi forjado\u2019, diz testemunha; veja v\u00eddeo"},"content":{"rendered":"<p style=\"text-align: justify;\"><em>Por <a href=\"http:\/\/g1.globo.com\/se\/sergipe\/noticia\/2017\/03\/arrombamento-da-prefeitura-de-capela-foi-forjado-diz-delegado.html\"><strong>G1<\/strong> <\/a>SE<\/em><\/p>\n<p style=\"text-align: justify;\">Na manh\u00e3 desta quinta-feira (30) uma coletiva de imprensa foi realizada pela Pol\u00edcia Civil sobre as investiga\u00e7\u00f5es referentes a uma den\u00fancia de vandalismo na Prefeitura de Capela, feita pela atual prefeita Silvany Sukita (PTN) que afirmou ter encontrado o local revirado no dia 02 de janeiro, quando iria iniciar o seu mandado.<\/p>\n<div id=\"attachment_102003\" style=\"width: 609px\" class=\"wp-caption aligncenter\"><img loading=\"lazy\" decoding=\"async\" aria-describedby=\"caption-attachment-102003\" class=\"size-full wp-image-102003\" src=\"http:\/\/senoticias.com.br\/se\/wp-content\/uploads\/2017\/03\/suspeito-senoticias-e1490906864701.jpg\" alt=\"Alexsandro confessa esquema para forjar vandalismo (Foto: reprodu\u00e7\u00e3o v\u00eddeo\/SSP)\" width=\"599\" height=\"398\" \/><p id=\"caption-attachment-102003\" class=\"wp-caption-text\">Alexsandro confessa esquema para forjar vandalismo (Foto: reprodu\u00e7\u00e3o v\u00eddeo\/SSP)<\/p><\/div>\n<p style=\"text-align: justify;\">Segundo o delegado geral da Pol\u00edcia Civil, Alessandro Vieira a per\u00edcia constatou que o local n\u00e3o foi arrombado. \u201cConstamos que o arrombamento foi forjado e estamos na fase de identifica\u00e7\u00e3o dos participantes dessa situa\u00e7\u00e3o\u201d, disse.<\/p>\n<p style=\"text-align: justify;\">Ainda de acordo com o delegado uma testemunha assumiu que mentiu durante o seu depoimento.<\/p>\n<p style=\"text-align: justify;\">&#8220;Temos um depoimento em v\u00eddeo de um homem que inicialmente disse ter visto o ex-prefeito chutando pastas de documentos do munic\u00edpio, mas que depois confessou ter sido seduzido por uma proposta de trabalho ofertada por Manuel Messias Sukita, marido da prefeita e secret\u00e1rio de obras e de um funcion\u00e1rio da atual administra\u00e7\u00e3o da prefeitura que \u00e9 respons\u00e1vel pela vigil\u00e2ncia da prefeitura para que mentisse\u201d.<\/p>\n<p style=\"text-align: justify;\">Alegando n\u00e3o ter condi\u00e7\u00f5es para iniciar os trabalhos a ent\u00e3o prefeita decretou situa\u00e7\u00e3o emerg\u00eancia, o que permitiu segundo a pol\u00edcia que contratos fossem realizado sem acompanhamento da Justi\u00e7a.<\/p>\n<p style=\"text-align: justify;\">A Pol\u00edcia informou tamb\u00e9m que o inqu\u00e9rito ainda n\u00e3o foi conclu\u00eddo e que at\u00e9 o momento 12 testemunhas foram ouvidas.<\/p>\n<p style=\"text-align: justify;\">Atrav\u00e9s de nota a prefeita de Capela reafirmou que recebeu a administra\u00e7\u00e3o da prefeitura em estado ca\u00f3tico, com equipamentos deteriorados e aus\u00eancia significativa de documentos e que a referida situa\u00e7\u00e3o foi devidamente comunicada aos \u00f3rg\u00e3os de controle \u2013 Tribunal de Contas, Minist\u00e9rio P\u00fablico Estadual e Pol\u00edcia Judici\u00e1ria.<\/p>\n<p style=\"text-align: justify;\">A prefeita destacou ainda que o Tribunal de Contas considerou grav\u00edssimas as den\u00fancias apresentadas pela prefeita, em nota emitida em 06 de janeiro de 2017. Segundo ela, na ocasi\u00e3o, o Tribunal notificou o ex-prefeito para devolver os documentos que estavam em sua posse, ato s\u00f3 ocorrido em 10 de janeiro de 2017, corroborando com os fatos denunciados.<\/p>\n<p style=\"text-align: justify;\">Ainda atrav\u00e9s de nota ela informou que a administra\u00e7\u00e3o municipal espera que a verdade dos fatos seja apurada com a mais absoluta imparcialidade e isen\u00e7\u00e3o. E que seguir\u00e1 pleiteando das autoridades policiais que levem em considera\u00e7\u00e3o a documenta\u00e7\u00e3o e as provas apresentadas, bem como a ouvida das demais testemunhas indicadas antes de emitir qualquer ju\u00edzo de valor sobre o m\u00e9rito da quest\u00e3o, j\u00e1 que o mesmo \u00e9 fun\u00e7\u00e3o do Poder Judici\u00e1rio.<\/p>\n<p style=\"text-align: justify;\">A nota informou tamb\u00e9m que atendendo a uma solicita\u00e7\u00e3o dos servidores citados na coletiva de imprensa, a prefeita acatou o pedido de afastamento volunt\u00e1rio deles at\u00e9 o final das investiga\u00e7\u00f5es.<\/p>\n<p style=\"text-align: justify;\"><strong>Clique <a href=\"http:\/\/g1.globo.com\/se\/sergipe\/noticia\/2017\/03\/arrombamento-da-prefeitura-de-capela-foi-forjado-diz-delegado.html\">AQUI<\/a> e assista o v\u00eddeo da mat\u00e9ria produzida pela TV Sergipe<\/strong><\/p>\n<p style=\"text-align: justify;\"><img loading=\"lazy\" decoding=\"async\" class=\"aligncenter size-full wp-image-101900\" src=\"http:\/\/senoticias.com.br\/se\/wp-content\/uploads\/2017\/03\/Logo-fone-1-2-1-2-4-5.jpg\" alt=\"Logo-fone-1-2-1-2-4\" width=\"599\" height=\"78\" srcset=\"https:\/\/senoticias.com.br\/se\/wp-content\/uploads\/2017\/03\/Logo-fone-1-2-1-2-4-5.jpg 599w, https:\/\/senoticias.com.br\/se\/wp-content\/uploads\/2017\/03\/Logo-fone-1-2-1-2-4-5-300x39.jpg 300w\" sizes=\"(max-width: 599px) 100vw, 599px\" \/><\/p>\n<p style=\"text-align: justify;\"><strong>Acompanhe tamb\u00e9m o SE Not\u00edcias no<\/strong><span class=\"apple-converted-space\"><b>\u00a0<\/b><\/span><a href=\"https:\/\/twitter.com\/Senoticias\" target=\"_blank\"><b>Twitter<\/b><\/a><strong>,<\/strong><span class=\"apple-converted-space\"><b>\u00a0<\/b><\/span><a href=\"https:\/\/www.facebook.com\/senoticias1\" target=\"_blank\"><b>Facebook<\/b><span class=\"apple-converted-space\"><b>\u00a0<\/b><\/span><\/a><strong>e no<\/strong><span class=\"apple-converted-space\"><b>\u00a0<\/b><\/span><a href=\"https:\/\/www.instagram.com\/senoticias\/\" target=\"_blank\"><b>Instagram<\/b><\/a><\/p>\n","protected":false},"excerpt":{"rendered":"<p>Por G1 SE Na manh\u00e3 desta quinta-feira (30) uma coletiva de imprensa foi realizada pela Pol\u00edcia Civil sobre as investiga\u00e7\u00f5es referentes a uma den\u00fancia de vandalismo na Prefeitura de Capela, feita pela atual prefeita Silvany Sukita (PTN) que afirmou ter encontrado o local revirado no dia 02 de janeiro, quando iria iniciar o seu mandado. [&hellip;]<\/p>\n","protected":false},"author":2,"featured_media":102003,"comment_status":"closed","ping_status":"closed","sticky":false,"template":"","format":"standard","meta":{"footnotes":""},"categories":[7],"tags":[],"class_list":{"0":"post-102002","1":"post","2":"type-post","3":"status-publish","4":"format-standard","5":"has-post-thumbnail","7":"category-policia"},"_links":{"self":[{"href":"https:\/\/senoticias.com.br\/se\/wp-json\/wp\/v2\/posts\/102002"}],"collection":[{"href":"https:\/\/senoticias.com.br\/se\/wp-json\/wp\/v2\/posts"}],"about":[{"href":"https:\/\/senoticias.com.br\/se\/wp-json\/wp\/v2\/types\/post"}],"author":[{"embeddable":true,"href":"https:\/\/senoticias.com.br\/se\/wp-json\/wp\/v2\/users\/2"}],"replies":[{"embeddable":true,"href":"https:\/\/senoticias.com.br\/se\/wp-json\/wp\/v2\/comments?post=102002"}],"version-history":[{"count":0,"href":"https:\/\/senoticias.com.br\/se\/wp-json\/wp\/v2\/posts\/102002\/revisions"}],"wp:featuredmedia":[{"embeddable":true,"href":"https:\/\/senoticias.com.br\/se\/wp-json\/wp\/v2\/media\/102003"}],"wp:attachment":[{"href":"https:\/\/senoticias.com.br\/se\/wp-json\/wp\/v2\/media?parent=102002"}],"wp:term":[{"taxonomy":"category","embeddable":true,"href":"https:\/\/senoticias.com.br\/se\/wp-json\/wp\/v2\/categories?post=102002"},{"taxonomy":"post_tag","embeddable":true,"href":"https:\/\/senoticias.com.br\/se\/wp-json\/wp\/v2\/tags?post=102002"}],"curies":[{"name":"wp","href":"https:\/\/api.w.org\/{rel}","templated":true}]}}