{"id":101999,"date":"2017-03-30T15:39:37","date_gmt":"2017-03-30T18:39:37","guid":{"rendered":"http:\/\/senoticias.com.br\/se\/?p=101999"},"modified":"2017-03-30T15:39:37","modified_gmt":"2017-03-30T18:39:37","slug":"policia-civil-recaptura-mais-um-fugitivo-do-copemcan","status":"publish","type":"post","link":"https:\/\/senoticias.com.br\/se\/policia-civil-recaptura-mais-um-fugitivo-do-copemcan\/","title":{"rendered":"Pol\u00edcia Civil recaptura mais um fugitivo do Copemcan"},"content":{"rendered":"<p style=\"text-align: justify\">A Secretaria de Estado da Justi\u00e7a e de Defesa ao Consumidor (Sejuc) divulgou nesta quinta-feira (30) que, na noite anterior, a Pol\u00edcia Civil recapturou\u00a0 mais um detento que <a href=\"http:\/\/g1.globo.com\/se\/sergipe\/noticia\/2017\/02\/17-detentos-fogem-do-copemcan-neste-domingo-de-carnaval.html\">teria fugido do Complexo Penitenci\u00e1rio Dr. Manoel Carvalho Neto (Copemcan) no dia 26 de fevereiro, junto com outros 16 internos<\/a>.<\/p>\n<div id=\"attachment_82698\" style=\"width: 410px\" class=\"wp-caption aligncenter\"><a href=\"http:\/\/senoticias.com.br\/se\/wp-content\/uploads\/2015\/08\/Pres\u00eddio.jpg\"><img loading=\"lazy\" decoding=\"async\" aria-describedby=\"caption-attachment-82698\" class=\"size-full wp-image-82698\" src=\"http:\/\/senoticias.com.br\/se\/wp-content\/uploads\/2015\/08\/Pres\u00eddio.jpg\" alt=\" (Divulga\u00e7\u00e3o)\" width=\"400\" height=\"300\" srcset=\"https:\/\/senoticias.com.br\/se\/wp-content\/uploads\/2015\/08\/Pres\u00eddio.jpg 400w, https:\/\/senoticias.com.br\/se\/wp-content\/uploads\/2015\/08\/Pres\u00eddio-300x225.jpg 300w, https:\/\/senoticias.com.br\/se\/wp-content\/uploads\/2015\/08\/Pres\u00eddio-342x256.jpg 342w, https:\/\/senoticias.com.br\/se\/wp-content\/uploads\/2015\/08\/Pres\u00eddio-60x45.jpg 60w, https:\/\/senoticias.com.br\/se\/wp-content\/uploads\/2015\/08\/Pres\u00eddio-150x113.jpg 150w, https:\/\/senoticias.com.br\/se\/wp-content\/uploads\/2015\/08\/Pres\u00eddio-269x201.jpg 269w\" sizes=\"(max-width: 400px) 100vw, 400px\" \/><\/a><p id=\"caption-attachment-82698\" class=\"wp-caption-text\">(Divulga\u00e7\u00e3o)<\/p><\/div>\n<p>O foragido foi localizado pela Pol\u00edcia Civil no munic\u00edpio de Gararu ao ser preso por porte ilegal de arma. Com a pris\u00e3o sobe para seis o n\u00famero de recapturados do Copemcan.<\/p>\n<p>Segundo a pol\u00edcia, o irm\u00e3o do detento, que era o alvo da opera\u00e7\u00e3o realizada pela equipe do delegado Marcos Garcia de Nossa Senhora das Dores, conseguiu fugir no momento da recaptura.<\/p>\n<p style=\"line-height: 14.25pt\"><strong><span style=\"font-size: 10.0pt;font-family: 'Georgia','serif';color: #333333\">Acompanhe tamb\u00e9m o SE Not\u00edcias no<\/span><\/strong><span class=\"apple-converted-space\"><b><span style=\"font-size: 10.0pt;font-family: 'Georgia','serif';color: #333333\">\u00a0<\/span><\/b><\/span><a href=\"https:\/\/twitter.com\/Senoticias\" target=\"_blank\"><b><span style=\"font-size: 10.0pt;font-family: 'Georgia','serif'\">Twitter<\/span><\/b><\/a><strong><span style=\"font-size: 10.0pt;font-family: 'Georgia','serif';color: #333333\">,<\/span><\/strong><span class=\"apple-converted-space\"><b><span style=\"font-size: 10.0pt;font-family: 'Georgia','serif';color: #333333\">\u00a0<\/span><\/b><\/span><a href=\"https:\/\/www.facebook.com\/senoticias1\" target=\"_blank\"><b><span style=\"font-size: 10.0pt;font-family: 'Georgia','serif'\">Facebook<\/span><\/b><span class=\"apple-converted-space\"><b><span style=\"font-size: 10.0pt;font-family: 'Georgia','serif';color: windowtext;text-decoration: none\">\u00a0<\/span><\/b><\/span><\/a><strong><span style=\"font-size: 10.0pt;font-family: 'Georgia','serif';color: #333333\">e no<\/span><\/strong><span class=\"apple-converted-space\"><b><span style=\"font-size: 10.0pt;font-family: 'Georgia','serif';color: #333333\">\u00a0<\/span><\/b><\/span><a href=\"https:\/\/www.instagram.com\/senoticias\/\" target=\"_blank\"><b><span style=\"font-size: 10.0pt;font-family: 'Georgia','serif'\">Instagram<\/span><\/b><\/a><strong><span style=\"font-size: 10.0pt;font-family: 'Georgia','serif';color: #333333\">.<\/span><\/strong><\/p>\n<p style=\"line-height: 14.25pt\"><a href=\"http:\/\/senoticias.com.br\/se\/wp-content\/uploads\/2017\/03\/Logo-fone-1-2-1-2-4-5.jpg\"><img loading=\"lazy\" decoding=\"async\" class=\"aligncenter size-full wp-image-101900\" src=\"http:\/\/senoticias.com.br\/se\/wp-content\/uploads\/2017\/03\/Logo-fone-1-2-1-2-4-5.jpg\" alt=\"Logo-fone-1-2-1-2-4\" width=\"599\" height=\"78\" srcset=\"https:\/\/senoticias.com.br\/se\/wp-content\/uploads\/2017\/03\/Logo-fone-1-2-1-2-4-5.jpg 599w, https:\/\/senoticias.com.br\/se\/wp-content\/uploads\/2017\/03\/Logo-fone-1-2-1-2-4-5-300x39.jpg 300w\" sizes=\"(max-width: 599px) 100vw, 599px\" \/><\/a><\/p>\n<p style=\"line-height: 14.25pt\">Do G1 SE<\/p>\n","protected":false},"excerpt":{"rendered":"<p>A Secretaria de Estado da Justi\u00e7a e de Defesa ao Consumidor (Sejuc) divulgou nesta quinta-feira (30) que, na noite anterior, a Pol\u00edcia Civil recapturou\u00a0 mais um detento que teria fugido do Complexo Penitenci\u00e1rio Dr. Manoel Carvalho Neto (Copemcan) no dia 26 de fevereiro, junto com outros 16 internos. O foragido foi localizado pela Pol\u00edcia Civil [&hellip;]<\/p>\n","protected":false},"author":5618,"featured_media":82698,"comment_status":"closed","ping_status":"closed","sticky":false,"template":"","format":"standard","meta":{"footnotes":""},"categories":[7],"tags":[2642],"class_list":{"0":"post-101999","1":"post","2":"type-post","3":"status-publish","4":"format-standard","5":"has-post-thumbnail","7":"category-policia","8":"tag-policia-civil-recaptura-mais-um-fugitivo-do-copemcan"},"_links":{"self":[{"href":"https:\/\/senoticias.com.br\/se\/wp-json\/wp\/v2\/posts\/101999"}],"collection":[{"href":"https:\/\/senoticias.com.br\/se\/wp-json\/wp\/v2\/posts"}],"about":[{"href":"https:\/\/senoticias.com.br\/se\/wp-json\/wp\/v2\/types\/post"}],"author":[{"embeddable":true,"href":"https:\/\/senoticias.com.br\/se\/wp-json\/wp\/v2\/users\/5618"}],"replies":[{"embeddable":true,"href":"https:\/\/senoticias.com.br\/se\/wp-json\/wp\/v2\/comments?post=101999"}],"version-history":[{"count":0,"href":"https:\/\/senoticias.com.br\/se\/wp-json\/wp\/v2\/posts\/101999\/revisions"}],"wp:featuredmedia":[{"embeddable":true,"href":"https:\/\/senoticias.com.br\/se\/wp-json\/wp\/v2\/media\/82698"}],"wp:attachment":[{"href":"https:\/\/senoticias.com.br\/se\/wp-json\/wp\/v2\/media?parent=101999"}],"wp:term":[{"taxonomy":"category","embeddable":true,"href":"https:\/\/senoticias.com.br\/se\/wp-json\/wp\/v2\/categories?post=101999"},{"taxonomy":"post_tag","embeddable":true,"href":"https:\/\/senoticias.com.br\/se\/wp-json\/wp\/v2\/tags?post=101999"}],"curies":[{"name":"wp","href":"https:\/\/api.w.org\/{rel}","templated":true}]}}