{"id":101995,"date":"2017-03-30T15:08:20","date_gmt":"2017-03-30T18:08:20","guid":{"rendered":"http:\/\/senoticias.com.br\/se\/?p=101995"},"modified":"2017-03-30T15:08:20","modified_gmt":"2017-03-30T18:08:20","slug":"agricultores-tem-ate-dia-31-para-concluir-cadastro-no-garantia-safra","status":"publish","type":"post","link":"https:\/\/senoticias.com.br\/se\/agricultores-tem-ate-dia-31-para-concluir-cadastro-no-garantia-safra\/","title":{"rendered":"Agricultores t\u00eam at\u00e9 dia 31 para concluir cadastro no Garantia Safra"},"content":{"rendered":"<p style=\"text-align: justify\">Os quase 20 mil agricultores familiares cadastrados no Programa Garantia Safra 2016\/2017 t\u00eam at\u00e9 sexta-feira, 31, para concluir o cadastro no programa pagando o boleto no valor de R$ 17. Esse valor corresponde ao aporte de contrapartida dos agricultores, visto que o programa \u00e9 realizado em parceria:\u00a0o agricultor entra com 2%, o munic\u00edpio com 6%, o Estado com 12% e a Uni\u00e3o com, no m\u00ednimo, 40% para garantir o in\u00edcio do processo.<\/p>\n<div id=\"attachment_101996\" style=\"width: 590px\" class=\"wp-caption aligncenter\"><a href=\"http:\/\/senoticias.com.br\/se\/wp-content\/uploads\/2017\/03\/Milho-agricultor-SE-Noticias-e1490897220610.jpeg\"><img loading=\"lazy\" decoding=\"async\" aria-describedby=\"caption-attachment-101996\" class=\"size-full wp-image-101996\" src=\"http:\/\/senoticias.com.br\/se\/wp-content\/uploads\/2017\/03\/Milho-agricultor-SE-Noticias-e1490897220610.jpeg\" alt=\"Foto: Arquivo ASN\" width=\"580\" height=\"386\" \/><\/a><p id=\"caption-attachment-101996\" class=\"wp-caption-text\">Foto: Arquivo ASN<\/p><\/div>\n<p style=\"text-align: justify\">O Governo do Estado, por meio da Secretaria da Agricultura e Emdagro, em parceria com a Delegacia Federal do Desenvolvimento Agr\u00e1rio e Prefeituras conseguiram fazer grande mobiliza\u00e7\u00e3o este ano, chegando a cadastrar 19.714 agricultores de 25 munic\u00edpios, 4 a mais que o ano passado, sendo eles Carira, Nossa Senhora das Dores, Campo do Brito e Macambira.<\/p>\n<p>O secret\u00e1rio Executivo do Conselho Estadual do Desenvolvimento Rural Sustent\u00e1vel de Sergipe (CEDRS\/SE), S\u00e9rgio Santana, explica a forma de pagamento do aporte. \u201cOs agricultores que ainda n\u00e3o pagaram devem procurar a Secretaria da Agricultura do seu munic\u00edpio para pegar o boleto e efetuar o pagamento nas casas lot\u00e9ricas ou Ag\u00eancias Caixa. Vale lembrar que, caso o agricultor n\u00e3o cumpra o pagamento da contrapartida, seu cadastro n\u00e3o ser\u00e1 conclu\u00eddo&#8221;, disse.<\/p>\n<p>Segundo o \u00a0secret\u00e1rio de Estado da Agricultura, Esmeraldo Leal, o Programa\u00a0injeta dinheiro na economia local e auxilia os agricultores que comprovam perda da safra 2016\/2017. &#8220;Para se ter ideia, nesse in\u00edcio de ano j\u00e1 foi pago o valor total de R$ 14.241.750,00 para 16 mil agricultores. Esse valor, al\u00e9m de atender \u00e0s necessidades b\u00e1sicas dos agricultores que perderam a safra, injeta mais dinheiro na economia dos munic\u00edpios\u201d, avalia.<\/p>\n<p style=\"line-height: 14.25pt\"><strong><span style=\"font-size: 10.0pt;font-family: 'Georgia','serif';color: #333333\">Acompanhe tamb\u00e9m o SE Not\u00edcias no<\/span><\/strong><span class=\"apple-converted-space\"><b><span style=\"font-size: 10.0pt;font-family: 'Georgia','serif';color: #333333\">\u00a0<\/span><\/b><\/span><a href=\"https:\/\/twitter.com\/Senoticias\" target=\"_blank\"><b><span style=\"font-size: 10.0pt;font-family: 'Georgia','serif'\">Twitter<\/span><\/b><\/a><strong><span style=\"font-size: 10.0pt;font-family: 'Georgia','serif';color: #333333\">,<\/span><\/strong><span class=\"apple-converted-space\"><b><span style=\"font-size: 10.0pt;font-family: 'Georgia','serif';color: #333333\">\u00a0<\/span><\/b><\/span><a href=\"https:\/\/www.facebook.com\/senoticias1\" target=\"_blank\"><b><span style=\"font-size: 10.0pt;font-family: 'Georgia','serif'\">Facebook<\/span><\/b><span class=\"apple-converted-space\"><b><span style=\"font-size: 10.0pt;font-family: 'Georgia','serif';color: windowtext;text-decoration: none\">\u00a0<\/span><\/b><\/span><\/a><strong><span style=\"font-size: 10.0pt;font-family: 'Georgia','serif';color: #333333\">e no<\/span><\/strong><span class=\"apple-converted-space\"><b><span style=\"font-size: 10.0pt;font-family: 'Georgia','serif';color: #333333\">\u00a0<\/span><\/b><\/span><a href=\"https:\/\/www.instagram.com\/senoticias\/\" target=\"_blank\"><b><span style=\"font-size: 10.0pt;font-family: 'Georgia','serif'\">Instagram<\/span><\/b><\/a><strong><span style=\"font-size: 10.0pt;font-family: 'Georgia','serif';color: #333333\">.<\/span><\/strong><\/p>\n<p style=\"text-align: justify\"><a href=\"http:\/\/senoticias.com.br\/se\/wp-content\/uploads\/2017\/03\/Logo-fone-1-2-1-2-4-5.jpg\"><img loading=\"lazy\" decoding=\"async\" class=\"aligncenter size-full wp-image-101900\" src=\"http:\/\/senoticias.com.br\/se\/wp-content\/uploads\/2017\/03\/Logo-fone-1-2-1-2-4-5.jpg\" alt=\"Logo-fone-1-2-1-2-4\" width=\"599\" height=\"78\" srcset=\"https:\/\/senoticias.com.br\/se\/wp-content\/uploads\/2017\/03\/Logo-fone-1-2-1-2-4-5.jpg 599w, https:\/\/senoticias.com.br\/se\/wp-content\/uploads\/2017\/03\/Logo-fone-1-2-1-2-4-5-300x39.jpg 300w\" sizes=\"(max-width: 599px) 100vw, 599px\" \/><\/a><\/p>\n<p style=\"text-align: justify\">Da ASN<\/p>\n","protected":false},"excerpt":{"rendered":"<p>Os quase 20 mil agricultores familiares cadastrados no Programa Garantia Safra 2016\/2017 t\u00eam at\u00e9 sexta-feira, 31, para concluir o cadastro no programa pagando o boleto no valor de R$ 17. Esse valor corresponde ao aporte de contrapartida dos agricultores, visto que o programa \u00e9 realizado em parceria:\u00a0o agricultor entra com 2%, o munic\u00edpio com 6%, [&hellip;]<\/p>\n","protected":false},"author":5618,"featured_media":101996,"comment_status":"closed","ping_status":"closed","sticky":false,"template":"","format":"standard","meta":{"footnotes":""},"categories":[38],"tags":[2640],"class_list":{"0":"post-101995","1":"post","2":"type-post","3":"status-publish","4":"format-standard","5":"has-post-thumbnail","7":"category-municipios","8":"tag-agricultores-tem-ate-dia-31-para-concluir-cadastro-no-garantia-safra"},"_links":{"self":[{"href":"https:\/\/senoticias.com.br\/se\/wp-json\/wp\/v2\/posts\/101995"}],"collection":[{"href":"https:\/\/senoticias.com.br\/se\/wp-json\/wp\/v2\/posts"}],"about":[{"href":"https:\/\/senoticias.com.br\/se\/wp-json\/wp\/v2\/types\/post"}],"author":[{"embeddable":true,"href":"https:\/\/senoticias.com.br\/se\/wp-json\/wp\/v2\/users\/5618"}],"replies":[{"embeddable":true,"href":"https:\/\/senoticias.com.br\/se\/wp-json\/wp\/v2\/comments?post=101995"}],"version-history":[{"count":0,"href":"https:\/\/senoticias.com.br\/se\/wp-json\/wp\/v2\/posts\/101995\/revisions"}],"wp:featuredmedia":[{"embeddable":true,"href":"https:\/\/senoticias.com.br\/se\/wp-json\/wp\/v2\/media\/101996"}],"wp:attachment":[{"href":"https:\/\/senoticias.com.br\/se\/wp-json\/wp\/v2\/media?parent=101995"}],"wp:term":[{"taxonomy":"category","embeddable":true,"href":"https:\/\/senoticias.com.br\/se\/wp-json\/wp\/v2\/categories?post=101995"},{"taxonomy":"post_tag","embeddable":true,"href":"https:\/\/senoticias.com.br\/se\/wp-json\/wp\/v2\/tags?post=101995"}],"curies":[{"name":"wp","href":"https:\/\/api.w.org\/{rel}","templated":true}]}}