{"id":101993,"date":"2017-03-30T14:57:09","date_gmt":"2017-03-30T17:57:09","guid":{"rendered":"http:\/\/senoticias.com.br\/se\/?p=101993"},"modified":"2017-03-30T14:57:09","modified_gmt":"2017-03-30T17:57:09","slug":"estado-capacita-profissionais-de-saude-para-identificar-larvas-do-aedes-aegypti","status":"publish","type":"post","link":"https:\/\/senoticias.com.br\/se\/estado-capacita-profissionais-de-saude-para-identificar-larvas-do-aedes-aegypti\/","title":{"rendered":"Estado capacita profissionais de sa\u00fade para identificar larvas do Aedes aegypti"},"content":{"rendered":"<p style=\"text-align: justify\">A equipe t\u00e9cnica do servi\u00e7o de Entomologia do Laborat\u00f3rio Central de Sa\u00fade P\u00fablica de Sergipe (Lacen) deu in\u00edcio \u00e0 capacita\u00e7\u00e3o para identifica\u00e7\u00e3o de larvas do Aedes aegypti. O treinamento com a participa\u00e7\u00e3o de profissionais dos munic\u00edpios de Aracaju, Lagarto e General Maynard tem como objetivo qualificar agentes de sa\u00fade, de endemias e t\u00e9cnicos de laborat\u00f3rio dos 75 munic\u00edpios de Sergipe para o trabalho de combate ao vetor transmissor da dengue, chicungunya e zika v\u00edrus.<\/p>\n<div id=\"attachment_101994\" style=\"width: 590px\" class=\"wp-caption aligncenter\"><a href=\"http:\/\/senoticias.com.br\/se\/wp-content\/uploads\/2017\/03\/Capacitacao-de-tecnicos-para-identificar-larvas-do-aeds-eygipti-SE-Noticias-e1490896593439.jpg\"><img loading=\"lazy\" decoding=\"async\" aria-describedby=\"caption-attachment-101994\" class=\"size-full wp-image-101994\" src=\"http:\/\/senoticias.com.br\/se\/wp-content\/uploads\/2017\/03\/Capacitacao-de-tecnicos-para-identificar-larvas-do-aeds-eygipti-SE-Noticias-e1490896593439.jpg\" alt=\"As aulas pr\u00e1ticas estudam as caracter\u00edsticas morfol\u00f3gicas das larvas\/ Foto: Ascom\/SES\" width=\"580\" height=\"387\" \/><\/a><p id=\"caption-attachment-101994\" class=\"wp-caption-text\">As aulas pr\u00e1ticas estudam as caracter\u00edsticas morfol\u00f3gicas das larvas\/ Foto: Ascom\/SES<\/p><\/div>\n<p style=\"text-align: justify\">O curso \u00e9 dividido em duas partes e trata das no\u00e7\u00f5es da entomologia, \u00e1rea da zoologia que estuda os insetos, controle do vetor e operacionaliza\u00e7\u00e3o de a\u00e7\u00f5es de campo. As aulas pr\u00e1ticas estudam as caracter\u00edsticas morfol\u00f3gicas das larvas. \u201cEsse treinamento \u00e9 resultante do trabalho feito nos munic\u00edpios com a coleta das larvas em \u00e1gua parada como, por exemplo, copos descart\u00e1veis, vasos de plantas, pneus velhos e garrafas que servem de criadouros para essas larvas\u201d, informa o t\u00e9cnico de laborat\u00f3rio, Valtemir Souza Santana.<\/p>\n<p style=\"text-align: justify\">Ele tamb\u00e9m explica que as larvas, passam por an\u00e1lise laboratorial, no pr\u00f3prio munic\u00edpio. \u201cEsses profissionais est\u00e3o aqui aprendendo como fazer a leitura correta das l\u00e2minas para que o munic\u00edpio adote as a\u00e7\u00f5es necess\u00e1rias de combate, ao Aedes aegypti em sua fase adulta\u201d, ressalta.<\/p>\n<p style=\"text-align: justify\">De acordo com o gerente do servi\u00e7o de Entomologia, Ant\u00f4nio Fernando, a atividade faz parte do calend\u00e1rio anual de treinamento do Lacen. \u201cA Dengue se tornou um problema de sa\u00fade p\u00fablica que atinge v\u00e1rios munic\u00edpios brasileiros, seu enfrentamento deve ser cont\u00ednuo, com a atualiza\u00e7\u00e3o dos profissionais que atuam no campo e no laborat\u00f3rio\u201d, salienta o bi\u00f3logo ao explicar que o laborat\u00f3rio de sa\u00fade realiza o controle de qualidade das an\u00e1lises realizadas pelos munic\u00edpios. \u201cQuando h\u00e1 necessidade nossa equipe faz a reconfirma\u00e7\u00e3o dos resultados obtidos nos munic\u00edpios\u201d, completou.<\/p>\n<p style=\"text-align: justify\"><strong>Informa\u00e7\u00e3o<\/strong><\/p>\n<p style=\"text-align: justify\">Para o t\u00e9cnico da Secretaria Municipal de Sa\u00fade de Aracaju (SMSA), Pedro Henrique de Jesus, a capacita\u00e7\u00e3o est\u00e1 proporcionando conhecimento e as t\u00e9cnicas necess\u00e1rias para realizar as an\u00e1lises das larvas e identifica\u00e7\u00e3o do mosquito. \u201cCom o estudo te\u00f3rico e pr\u00e1tico das larvas a gente vai poder diferenciar os tipos de mosquitos circulantes no munic\u00edpio\u201d, afirmou.<\/p>\n<p style=\"line-height: 14.25pt;text-align: justify\"><strong><span style=\"font-size: 10.0pt;font-family: 'Georgia','serif';color: #333333\">Acompanhe tamb\u00e9m o SE Not\u00edcias no<\/span><\/strong><span class=\"apple-converted-space\"><b><span style=\"font-size: 10.0pt;font-family: 'Georgia','serif';color: #333333\">\u00a0<\/span><\/b><\/span><a href=\"https:\/\/twitter.com\/Senoticias\" target=\"_blank\"><b><span style=\"font-size: 10.0pt;font-family: 'Georgia','serif'\">Twitter<\/span><\/b><\/a><strong><span style=\"font-size: 10.0pt;font-family: 'Georgia','serif';color: #333333\">,<\/span><\/strong><span class=\"apple-converted-space\"><b><span style=\"font-size: 10.0pt;font-family: 'Georgia','serif';color: #333333\">\u00a0<\/span><\/b><\/span><a href=\"https:\/\/www.facebook.com\/senoticias1\" target=\"_blank\"><b><span style=\"font-size: 10.0pt;font-family: 'Georgia','serif'\">Facebook<\/span><\/b><span class=\"apple-converted-space\"><b><span style=\"font-size: 10.0pt;font-family: 'Georgia','serif';color: windowtext;text-decoration: none\">\u00a0<\/span><\/b><\/span><\/a><strong><span style=\"font-size: 10.0pt;font-family: 'Georgia','serif';color: #333333\">e no<\/span><\/strong><span class=\"apple-converted-space\"><b><span style=\"font-size: 10.0pt;font-family: 'Georgia','serif';color: #333333\">\u00a0<\/span><\/b><\/span><a href=\"https:\/\/www.instagram.com\/senoticias\/\" target=\"_blank\"><b><span style=\"font-size: 10.0pt;font-family: 'Georgia','serif'\">Instagram<\/span><\/b><\/a><strong><span style=\"font-size: 10.0pt;font-family: 'Georgia','serif';color: #333333\">.<\/span><\/strong><\/p>\n<p style=\"line-height: 14.25pt;text-align: justify\"><a href=\"http:\/\/senoticias.com.br\/se\/wp-content\/uploads\/2017\/03\/Logo-fone-1-2-1-2-4-5.jpg\"><img loading=\"lazy\" decoding=\"async\" class=\"aligncenter size-full wp-image-101900\" src=\"http:\/\/senoticias.com.br\/se\/wp-content\/uploads\/2017\/03\/Logo-fone-1-2-1-2-4-5.jpg\" alt=\"Logo-fone-1-2-1-2-4\" width=\"599\" height=\"78\" srcset=\"https:\/\/senoticias.com.br\/se\/wp-content\/uploads\/2017\/03\/Logo-fone-1-2-1-2-4-5.jpg 599w, https:\/\/senoticias.com.br\/se\/wp-content\/uploads\/2017\/03\/Logo-fone-1-2-1-2-4-5-300x39.jpg 300w\" sizes=\"(max-width: 599px) 100vw, 599px\" \/><\/a><\/p>\n<p style=\"line-height: 14.25pt;text-align: justify\">Da ASN<\/p>\n","protected":false},"excerpt":{"rendered":"<p>A equipe t\u00e9cnica do servi\u00e7o de Entomologia do Laborat\u00f3rio Central de Sa\u00fade P\u00fablica de Sergipe (Lacen) deu in\u00edcio \u00e0 capacita\u00e7\u00e3o para identifica\u00e7\u00e3o de larvas do Aedes aegypti. O treinamento com a participa\u00e7\u00e3o de profissionais dos munic\u00edpios de Aracaju, Lagarto e General Maynard tem como objetivo qualificar agentes de sa\u00fade, de endemias e t\u00e9cnicos de laborat\u00f3rio [&hellip;]<\/p>\n","protected":false},"author":5618,"featured_media":101994,"comment_status":"closed","ping_status":"closed","sticky":false,"template":"","format":"standard","meta":{"footnotes":""},"categories":[20],"tags":[2639],"class_list":{"0":"post-101993","1":"post","2":"type-post","3":"status-publish","4":"format-standard","5":"has-post-thumbnail","7":"category-saude","8":"tag-estado-capacita-profissionais-de-saude-para-identificar-larvas-do-aedes-aegypti"},"_links":{"self":[{"href":"https:\/\/senoticias.com.br\/se\/wp-json\/wp\/v2\/posts\/101993"}],"collection":[{"href":"https:\/\/senoticias.com.br\/se\/wp-json\/wp\/v2\/posts"}],"about":[{"href":"https:\/\/senoticias.com.br\/se\/wp-json\/wp\/v2\/types\/post"}],"author":[{"embeddable":true,"href":"https:\/\/senoticias.com.br\/se\/wp-json\/wp\/v2\/users\/5618"}],"replies":[{"embeddable":true,"href":"https:\/\/senoticias.com.br\/se\/wp-json\/wp\/v2\/comments?post=101993"}],"version-history":[{"count":0,"href":"https:\/\/senoticias.com.br\/se\/wp-json\/wp\/v2\/posts\/101993\/revisions"}],"wp:featuredmedia":[{"embeddable":true,"href":"https:\/\/senoticias.com.br\/se\/wp-json\/wp\/v2\/media\/101994"}],"wp:attachment":[{"href":"https:\/\/senoticias.com.br\/se\/wp-json\/wp\/v2\/media?parent=101993"}],"wp:term":[{"taxonomy":"category","embeddable":true,"href":"https:\/\/senoticias.com.br\/se\/wp-json\/wp\/v2\/categories?post=101993"},{"taxonomy":"post_tag","embeddable":true,"href":"https:\/\/senoticias.com.br\/se\/wp-json\/wp\/v2\/tags?post=101993"}],"curies":[{"name":"wp","href":"https:\/\/api.w.org\/{rel}","templated":true}]}}