{"id":101990,"date":"2017-03-30T14:49:12","date_gmt":"2017-03-30T17:49:12","guid":{"rendered":"http:\/\/senoticias.com.br\/se\/?p=101990"},"modified":"2017-03-30T14:49:12","modified_gmt":"2017-03-30T17:49:12","slug":"em-itabaiana-ipesaude-promove-circuito-de-palestras-da-saude-da-mulher","status":"publish","type":"post","link":"https:\/\/senoticias.com.br\/se\/em-itabaiana-ipesaude-promove-circuito-de-palestras-da-saude-da-mulher\/","title":{"rendered":"Em Itabaiana, Ipesa\u00fade promove Circuito de Palestras da Sa\u00fade da Mulher"},"content":{"rendered":"<p style=\"text-align: justify\">Na pr\u00f3xima sexta-feira, 31, \u00e0s 10h, o Instituto de Promo\u00e7\u00e3o e de Assist\u00eancia \u00e0 Sa\u00fade de Servidores do Estado de Sergipe (Ipesa\u00fade) promover\u00e1 a abertura do Circuito de Palestras da Sa\u00fade da Mulher. A primeira apresenta\u00e7\u00e3o ocorrer\u00e1 na sede do munic\u00edpio de Itabaiana e\u00a0ser\u00e1 ministrada pelo m\u00e9dico oncologista e diretor de Assist\u00eancia \u00e0 Sa\u00fade do Ipesa\u00fade, Eduardo Azevedo. A a\u00e7\u00e3o\u00a0dever\u00e1\u00a0ser promovida\u00a0em todas as unidades regionais mantidas pelo Instituto.<\/p>\n<div id=\"attachment_101992\" style=\"width: 590px\" class=\"wp-caption aligncenter\"><a href=\"http:\/\/senoticias.com.br\/se\/wp-content\/uploads\/2017\/03\/c62867a2d2ec4123f1c45594aae0d026-e1490894612891.png\"><img loading=\"lazy\" decoding=\"async\" aria-describedby=\"caption-attachment-101992\" class=\"size-full wp-image-101992\" src=\"http:\/\/senoticias.com.br\/se\/wp-content\/uploads\/2017\/03\/c62867a2d2ec4123f1c45594aae0d026-e1490894612891.png\" alt=\"Foto: Divulga\u00e7\u00e3o\" width=\"580\" height=\"580\" \/><\/a><p id=\"caption-attachment-101992\" class=\"wp-caption-text\">Foto: Divulga\u00e7\u00e3o<\/p><\/div>\n<p style=\"text-align: justify\">\u201cO objetivo \u00e9 ampliar as a\u00e7\u00f5es de promo\u00e7\u00e3o a sa\u00fade e integra\u00e7\u00e3o de todas as nossas unidades, como tamb\u00e9m fortalecer os la\u00e7os com os benefici\u00e1rios do interior do Estado, bem como oferecer mais comodidade a eles, que representam um ter\u00e7o de todos os nossos usu\u00e1rios\u201d, explicou o diretor-presidente do Ipesa\u00fade, Christian Oliveira.<\/p>\n<p style=\"text-align: justify\">A unidade de Itabaiana atende 14 munic\u00edpios da regi\u00e3o agreste sergipano, onde o usu\u00e1rio conta com os servi\u00e7os de odontologia; cl\u00ednica m\u00e9dica; ginecologia e obstetr\u00edcia; enfermagem; marca\u00e7\u00e3o de consultas e exames para as redes credenciadas e centro de especialidades da rede pr\u00f3pria em Aracaju; per\u00edcia documental; renova\u00e7\u00e3o de carteiras, entre outros servi\u00e7os administrativos.<\/p>\n<p style=\"text-align: justify\">\u201cA m\u00e9dia \u00e9 de tr\u00eas mil atendimentos ao m\u00eas, com destaque para o setor de marca\u00e7\u00e3o de consultas e exames, fisioterapia, cl\u00ednica geral e ginecologia, que s\u00e3o os mais procurados\u201d, informa Christian. Al\u00e9m disso, os moradores da regi\u00e3o contam com oferta na rede credenciada na cidade.<\/p>\n<p style=\"text-align: justify\">Reinaugurada em agosto do ano passado, a unidade que sediar\u00e1 a palestra inaugural do Circuito passou por interven\u00e7\u00f5es em todas as instala\u00e7\u00f5es, recebendo pintura; troca de piso; revestimento das paredes; revis\u00e3o das instala\u00e7\u00f5es el\u00e9tricas e hidr\u00e1ulicas, al\u00e9m de novos equipamentos para dinamizar todo o atendimento oferecido.<\/p>\n<p style=\"text-align: justify\">O investimento foi de aproximadamente R$ 150 mil, recursos provenientes do pr\u00f3prio Ipesa\u00fade. A unidade Itabaiana do est\u00e1 situada \u00e0 avenida Ivo de Carvalho, 441, no Centro da cidade. O atendimento \u00e9 realizado de segunda a sexta-feira, a partir das 7h. Informa\u00e7\u00f5es mais detalhadas podem ser obtidas pelo telefone 79-3431-2826.<\/p>\n<p style=\"line-height: 14.25pt;text-align: justify\"><strong><span style=\"font-size: 10.0pt;font-family: 'Georgia','serif';color: #333333\">Acompanhe tamb\u00e9m o SE Not\u00edcias no<\/span><\/strong><span class=\"apple-converted-space\"><b><span style=\"font-size: 10.0pt;font-family: 'Georgia','serif';color: #333333\">\u00a0<\/span><\/b><\/span><a href=\"https:\/\/twitter.com\/Senoticias\" target=\"_blank\"><b><span style=\"font-size: 10.0pt;font-family: 'Georgia','serif'\">Twitter<\/span><\/b><\/a><strong><span style=\"font-size: 10.0pt;font-family: 'Georgia','serif';color: #333333\">,<\/span><\/strong><span class=\"apple-converted-space\"><b><span style=\"font-size: 10.0pt;font-family: 'Georgia','serif';color: #333333\">\u00a0<\/span><\/b><\/span><a href=\"https:\/\/www.facebook.com\/senoticias1\" target=\"_blank\"><b><span style=\"font-size: 10.0pt;font-family: 'Georgia','serif'\">Facebook<\/span><\/b><span class=\"apple-converted-space\"><b><span style=\"font-size: 10.0pt;font-family: 'Georgia','serif';color: windowtext;text-decoration: none\">\u00a0<\/span><\/b><\/span><\/a><strong><span style=\"font-size: 10.0pt;font-family: 'Georgia','serif';color: #333333\">e no<\/span><\/strong><span class=\"apple-converted-space\"><b><span style=\"font-size: 10.0pt;font-family: 'Georgia','serif';color: #333333\">\u00a0<\/span><\/b><\/span><a href=\"https:\/\/www.instagram.com\/senoticias\/\" target=\"_blank\"><b><span style=\"font-size: 10.0pt;font-family: 'Georgia','serif'\">Instagram<\/span><\/b><\/a><strong><span style=\"font-size: 10.0pt;font-family: 'Georgia','serif';color: #333333\">.<\/span><\/strong><\/p>\n<p style=\"line-height: 14.25pt;text-align: justify\"><a href=\"http:\/\/senoticias.com.br\/se\/wp-content\/uploads\/2017\/03\/Logo-fone-1-2-1-2-4-5.jpg\"><img loading=\"lazy\" decoding=\"async\" class=\"aligncenter size-full wp-image-101900\" src=\"http:\/\/senoticias.com.br\/se\/wp-content\/uploads\/2017\/03\/Logo-fone-1-2-1-2-4-5.jpg\" alt=\"Logo-fone-1-2-1-2-4\" width=\"599\" height=\"78\" srcset=\"https:\/\/senoticias.com.br\/se\/wp-content\/uploads\/2017\/03\/Logo-fone-1-2-1-2-4-5.jpg 599w, https:\/\/senoticias.com.br\/se\/wp-content\/uploads\/2017\/03\/Logo-fone-1-2-1-2-4-5-300x39.jpg 300w\" sizes=\"(max-width: 599px) 100vw, 599px\" \/><\/a><\/p>\n<p style=\"line-height: 14.25pt;text-align: justify\">Da ASN<\/p>\n","protected":false},"excerpt":{"rendered":"<p>Na pr\u00f3xima sexta-feira, 31, \u00e0s 10h, o Instituto de Promo\u00e7\u00e3o e de Assist\u00eancia \u00e0 Sa\u00fade de Servidores do Estado de Sergipe (Ipesa\u00fade) promover\u00e1 a abertura do Circuito de Palestras da Sa\u00fade da Mulher. A primeira apresenta\u00e7\u00e3o ocorrer\u00e1 na sede do munic\u00edpio de Itabaiana e\u00a0ser\u00e1 ministrada pelo m\u00e9dico oncologista e diretor de Assist\u00eancia \u00e0 Sa\u00fade do [&hellip;]<\/p>\n","protected":false},"author":5618,"featured_media":101992,"comment_status":"closed","ping_status":"closed","sticky":false,"template":"","format":"standard","meta":{"footnotes":""},"categories":[38],"tags":[2637,2638],"class_list":{"0":"post-101990","1":"post","2":"type-post","3":"status-publish","4":"format-standard","5":"has-post-thumbnail","7":"category-municipios","8":"tag-em-itabaiana","9":"tag-ipesaude-promove-circuito-de-palestras-da-saude-da-mulher"},"_links":{"self":[{"href":"https:\/\/senoticias.com.br\/se\/wp-json\/wp\/v2\/posts\/101990"}],"collection":[{"href":"https:\/\/senoticias.com.br\/se\/wp-json\/wp\/v2\/posts"}],"about":[{"href":"https:\/\/senoticias.com.br\/se\/wp-json\/wp\/v2\/types\/post"}],"author":[{"embeddable":true,"href":"https:\/\/senoticias.com.br\/se\/wp-json\/wp\/v2\/users\/5618"}],"replies":[{"embeddable":true,"href":"https:\/\/senoticias.com.br\/se\/wp-json\/wp\/v2\/comments?post=101990"}],"version-history":[{"count":0,"href":"https:\/\/senoticias.com.br\/se\/wp-json\/wp\/v2\/posts\/101990\/revisions"}],"wp:featuredmedia":[{"embeddable":true,"href":"https:\/\/senoticias.com.br\/se\/wp-json\/wp\/v2\/media\/101992"}],"wp:attachment":[{"href":"https:\/\/senoticias.com.br\/se\/wp-json\/wp\/v2\/media?parent=101990"}],"wp:term":[{"taxonomy":"category","embeddable":true,"href":"https:\/\/senoticias.com.br\/se\/wp-json\/wp\/v2\/categories?post=101990"},{"taxonomy":"post_tag","embeddable":true,"href":"https:\/\/senoticias.com.br\/se\/wp-json\/wp\/v2\/tags?post=101990"}],"curies":[{"name":"wp","href":"https:\/\/api.w.org\/{rel}","templated":true}]}}