{"id":101967,"date":"2017-03-30T06:43:46","date_gmt":"2017-03-30T09:43:46","guid":{"rendered":"http:\/\/senoticias.com.br\/se\/?p=101967"},"modified":"2017-03-30T06:43:46","modified_gmt":"2017-03-30T09:43:46","slug":"santa-cruz-vence-o-itabaiana-no-primeiro-jogo-das-quartas-do-nordestao","status":"publish","type":"post","link":"https:\/\/senoticias.com.br\/se\/santa-cruz-vence-o-itabaiana-no-primeiro-jogo-das-quartas-do-nordestao\/","title":{"rendered":"Santa Cruz vence o Itabaiana no primeiro jogo das quartas do Nordest\u00e3o"},"content":{"rendered":"<p style=\"text-align: justify;\">Um placar magro, mas que d\u00e1 um tranquilidade para o jogo da volta. Foi assim que o Santa Cruz come\u00e7ou a construir sua hist\u00f3ria nas quartas de final da Copa do Nordeste. Jogando como mandante contra o Itabaiana, os pernambucanos fizeram 1 a 0 na casa do advers\u00e1rio &#8211; com \u00a0um gol de Anderson Salles de falta &#8211; ainda no primeiro tempo e administraram a vantagem para a decis\u00e3o no Arruda, no pr\u00f3ximo s\u00e1bado. A equipe sergipana pressionou muito no segundo tempo, mas n\u00e3o deu muitos sustos ao goleiro Julio Cesar.<\/p>\n<div id=\"attachment_101968\" style=\"width: 609px\" class=\"wp-caption aligncenter\"><img loading=\"lazy\" decoding=\"async\" aria-describedby=\"caption-attachment-101968\" class=\"size-full wp-image-101968\" src=\"http:\/\/senoticias.com.br\/se\/wp-content\/uploads\/2017\/03\/Santa-Cruz-vence-Itabaiana-senoticias-e1490866886178.jpg\" alt=\"Corais s\u00f3 se defenderam em campo. Foto: Wendell Rezende\/Divulga\u00e7\u00e3o\" width=\"599\" height=\"330\" \/><p id=\"caption-attachment-101968\" class=\"wp-caption-text\">Corais s\u00f3 se defenderam em campo. Foto: Wendell Rezende\/Divulga\u00e7\u00e3o<\/p><\/div>\n<p style=\"text-align: justify;\">Santa Cruz e Itabaiana voltam a se enfrentar no s\u00e1bado, mas desta vez no Arruda, no Recife. O jogo acontece \u00e0s 18h15. Como os pernambucanos venceram por 1 a 0, jogam pelo empate. Um resultado de 1 a 0 para os sergipanos leva a decis\u00e3o para os p\u00eanaltis<\/p>\n<p style=\"text-align: justify;\">O primeiro tempo n\u00e3o foi dos melhores no Est\u00e1dio Etelvino Mendon\u00e7a. Os dois times at\u00e9 tentaram chegar no ataque, mas esbarraram nas boas defesas e n\u00e3o conseguiram levar muito perigo para o gol de Julio Cesar e Genivaldo. O grande lance da primeira etapa foi na jogada que vem sendo a mais perigosa do Santa na temporada. Aos 20 minutos, em mais uma cobran\u00e7a de falta perfeita, Anderson Salles abriu o placar. Com a desvantagem, o Itabaiana se lan\u00e7ou ao ataque, mas seguiu sem exigir muito de Julio Cesar.<\/p>\n<p style=\"text-align: justify;\">Precisando fazer pelo menos um gol para ter um bom resultado no jogo da volta, no Recife, o Itabaiana voltou para o segundo tempo todo no ataque. O Santa Cruz, por sua vez, tratou de se defender para voltar para casa com a vit\u00f3ria na bagagem. Foram praticamente 45 minutos de ataque contra defesa, mas com os sergipanos se limitando a cruzar bolas na \u00e1rea e no fim das contas conseguiu poucas finaliza\u00e7\u00f5es. O resultado acabou mesmo 1 a 0 para o Santa, que leva a vantagem para o jogo da volta, no Arruda.<\/p>\n<p style=\"text-align: justify;\"><img loading=\"lazy\" decoding=\"async\" class=\"aligncenter size-full wp-image-101900\" src=\"http:\/\/senoticias.com.br\/se\/wp-content\/uploads\/2017\/03\/Logo-fone-1-2-1-2-4-5.jpg\" alt=\"Logo-fone-1-2-1-2-4\" width=\"599\" height=\"78\" srcset=\"https:\/\/senoticias.com.br\/se\/wp-content\/uploads\/2017\/03\/Logo-fone-1-2-1-2-4-5.jpg 599w, https:\/\/senoticias.com.br\/se\/wp-content\/uploads\/2017\/03\/Logo-fone-1-2-1-2-4-5-300x39.jpg 300w\" sizes=\"(max-width: 599px) 100vw, 599px\" \/><\/p>\n<p style=\"text-align: justify;\"><strong>Acompanhe tamb\u00e9m o SE Not\u00edcias no<\/strong><span class=\"apple-converted-space\"><b>\u00a0<\/b><\/span><a href=\"https:\/\/twitter.com\/Senoticias\" target=\"_blank\"><b>Twitter<\/b><\/a><strong>,<\/strong><span class=\"apple-converted-space\"><b>\u00a0<\/b><\/span><a href=\"https:\/\/www.facebook.com\/senoticias1\" target=\"_blank\"><b>Facebook<\/b><span class=\"apple-converted-space\"><b>\u00a0<\/b><\/span><\/a><strong>e no<\/strong><span class=\"apple-converted-space\"><b>\u00a0<\/b><\/span><a href=\"https:\/\/www.instagram.com\/senoticias\/\" target=\"_blank\"><b>Instagram<\/b><\/a><\/p>\n<p style=\"text-align: justify;\"><em>Informa\u00e7\u00f5es do <a href=\"http:\/\/globoesporte.globo.com\/se\/futebol\/copa-do-nordeste\/jogo\/29-03-2017\/itabaiana-santa-cruz\/\">Globo Esporte<\/a>\/Aracaju<\/em><\/p>\n","protected":false},"excerpt":{"rendered":"<p>Um placar magro, mas que d\u00e1 um tranquilidade para o jogo da volta. Foi assim que o Santa Cruz come\u00e7ou a construir sua hist\u00f3ria nas quartas de final da Copa do Nordeste. Jogando como mandante contra o Itabaiana, os pernambucanos fizeram 1 a 0 na casa do advers\u00e1rio &#8211; com \u00a0um gol de Anderson Salles [&hellip;]<\/p>\n","protected":false},"author":2,"featured_media":101968,"comment_status":"closed","ping_status":"closed","sticky":false,"template":"","format":"standard","meta":{"footnotes":""},"categories":[26],"tags":[],"class_list":{"0":"post-101967","1":"post","2":"type-post","3":"status-publish","4":"format-standard","5":"has-post-thumbnail","7":"category-esportes"},"_links":{"self":[{"href":"https:\/\/senoticias.com.br\/se\/wp-json\/wp\/v2\/posts\/101967"}],"collection":[{"href":"https:\/\/senoticias.com.br\/se\/wp-json\/wp\/v2\/posts"}],"about":[{"href":"https:\/\/senoticias.com.br\/se\/wp-json\/wp\/v2\/types\/post"}],"author":[{"embeddable":true,"href":"https:\/\/senoticias.com.br\/se\/wp-json\/wp\/v2\/users\/2"}],"replies":[{"embeddable":true,"href":"https:\/\/senoticias.com.br\/se\/wp-json\/wp\/v2\/comments?post=101967"}],"version-history":[{"count":0,"href":"https:\/\/senoticias.com.br\/se\/wp-json\/wp\/v2\/posts\/101967\/revisions"}],"wp:featuredmedia":[{"embeddable":true,"href":"https:\/\/senoticias.com.br\/se\/wp-json\/wp\/v2\/media\/101968"}],"wp:attachment":[{"href":"https:\/\/senoticias.com.br\/se\/wp-json\/wp\/v2\/media?parent=101967"}],"wp:term":[{"taxonomy":"category","embeddable":true,"href":"https:\/\/senoticias.com.br\/se\/wp-json\/wp\/v2\/categories?post=101967"},{"taxonomy":"post_tag","embeddable":true,"href":"https:\/\/senoticias.com.br\/se\/wp-json\/wp\/v2\/tags?post=101967"}],"curies":[{"name":"wp","href":"https:\/\/api.w.org\/{rel}","templated":true}]}}