{"id":101922,"date":"2017-03-29T07:46:10","date_gmt":"2017-03-29T10:46:10","guid":{"rendered":"http:\/\/senoticias.com.br\/se\/?p=101922"},"modified":"2017-03-30T06:58:12","modified_gmt":"2017-03-30T09:58:12","slug":"policia-federal-lava-jato-manda-prender-cinco-conselheiros-do-tce-rj-e-presidente-da-assembleia-legislativa","status":"publish","type":"post","link":"https:\/\/senoticias.com.br\/se\/policia-federal-lava-jato-manda-prender-cinco-conselheiros-do-tce-rj-e-presidente-da-assembleia-legislativa\/","title":{"rendered":"Pol\u00edcia Federal Lava-Jato manda prender cinco conselheiros do TCE-RJ e mira presidente da Alerj"},"content":{"rendered":"<div class=\"mc-column content-text active-extra-styles active-capital-letter\" data-block-type=\"unstyled\" data-block-weight=\"60\">\n<p style=\"text-align: justify;\" align=\"left\">O Tribunal de Contas do Estado (TCE-RJ) \u00e9 alvo de nova etapa da Opera\u00e7\u00e3o Lava-Jato no Rio. A dela\u00e7\u00e3o premiada do ex-presidente do \u00f3rg\u00e3o Jonas Lopes de Carvalho levou \u00e0 a\u00e7\u00e3o contra cinco conselheiros em pelo menos dois esquemas de arrecada\u00e7\u00e3o de propina para fazer vista grossa para irregularidades praticadas por empreiteiras e empresas de \u00f4nibus que operam no estado.<\/p>\n<div id=\"attachment_101923\" style=\"width: 609px\" class=\"wp-caption aligncenter\"><img loading=\"lazy\" decoding=\"async\" aria-describedby=\"caption-attachment-101923\" class=\"size-full wp-image-101923\" src=\"http:\/\/senoticias.com.br\/se\/wp-content\/uploads\/2017\/03\/Presidente-da-Alerj-SENOTICIAS-e1490784209901.jpg\" alt=\"Presidente da Alerj e l\u00edder do PMDB, Jorge Picciani \u00e9 um dos alvos da opera\u00e7\u00e3o da Pol\u00edcia Federal. (Foto: J\u00falio C\u00e9sar Guimar\u00e3es\/UOL... - Veja mais em https:\/\/noticias.uol.com.br\/politica\/ultimas-noticias\/2017\/03\/29\/policia-federal-realiza-operacao-no-rio-de-janeiro.htm?cmpid=copiaecola\" width=\"599\" height=\"292\" \/><p id=\"caption-attachment-101923\" class=\"wp-caption-text\">Presidente da Alerj e l\u00edder do PMDB, Jorge Picciani \u00e9 um dos alvos da opera\u00e7\u00e3o da Pol\u00edcia Federal. (Foto: J\u00falio C\u00e9sar Guimar\u00e3es\/UOL)<\/p><\/div>\n<p style=\"text-align: justify;\" align=\"left\">O Minist\u00e9rio P\u00fablico Federal e agentes da Pol\u00edcia Federal cumprem, desde as 6 horas desta quarta-feira, mandados de pris\u00e3o e de busca e apreens\u00e3o contra os envolvidos.<\/p>\n<p class=\"content-text__container theme-color-primary-first-letter\" style=\"text-align: justify;\" data-track-category=\"Link no Texto\" data-track-links=\"\">S\u00e3o alvos de pris\u00e3o preventiva os conselheiros Aloysio Neves (atual presidente); Domingos Braz\u00e3o, Jos\u00e9 Gomes Graciosa, Marco Ant\u00f4nio Alencar e Jos\u00e9 Maur\u00edcio Nolasco. J\u00e1 o presidente da Alerj, Jorge Picciani, \u00e9 alvo de condu\u00e7\u00e3o coercitiva. A for\u00e7a tarefa elaborou a\u00e7\u00e3o a partir da dela\u00e7\u00e3o do ex-presidente do TCE-RJ Jonas Lopes Carvalho<\/p>\n<p><img loading=\"lazy\" decoding=\"async\" class=\"aligncenter size-full wp-image-101900\" src=\"http:\/\/senoticias.com.br\/se\/wp-content\/uploads\/2017\/03\/Logo-fone-1-2-1-2-4-5.jpg\" alt=\"Logo-fone-1-2-1-2-4\" width=\"599\" height=\"78\" srcset=\"https:\/\/senoticias.com.br\/se\/wp-content\/uploads\/2017\/03\/Logo-fone-1-2-1-2-4-5.jpg 599w, https:\/\/senoticias.com.br\/se\/wp-content\/uploads\/2017\/03\/Logo-fone-1-2-1-2-4-5-300x39.jpg 300w\" sizes=\"(max-width: 599px) 100vw, 599px\" \/><\/p>\n<p class=\"content-text__container theme-color-primary-first-letter\" style=\"text-align: justify;\" data-track-category=\"Link no Texto\" data-track-links=\"\"><strong>Acompanhe tamb\u00e9m o SE Not\u00edcias no<\/strong><span class=\"apple-converted-space\"><b>\u00a0<\/b><\/span><a href=\"https:\/\/twitter.com\/Senoticias\" target=\"_blank\"><b>Twitter<\/b><\/a><strong>,<\/strong><span class=\"apple-converted-space\"><b>\u00a0<\/b><\/span><a href=\"https:\/\/www.facebook.com\/senoticias1\" target=\"_blank\"><b>Facebook<\/b><span class=\"apple-converted-space\"><b>\u00a0<\/b><\/span><\/a><strong>e no<\/strong><span class=\"apple-converted-space\"><b>\u00a0<\/b><\/span><a href=\"https:\/\/www.instagram.com\/senoticias\/\" target=\"_blank\"><b>Instagram<\/b><\/a><\/p>\n<p class=\"content-text__container theme-color-primary-first-letter\" style=\"text-align: justify;\" data-track-category=\"Link no Texto\" data-track-links=\"\">Do UOL, em S\u00e3o Paulo<\/p>\n<\/div>\n<div class=\"mc-column content-text active-extra-styles \" data-block-type=\"unstyled\" data-block-weight=\"43\"><\/div>\n<div class=\"content-ads content-ads--reveal\"><\/div>\n","protected":false},"excerpt":{"rendered":"<p>O Tribunal de Contas do Estado (TCE-RJ) \u00e9 alvo de nova etapa da Opera\u00e7\u00e3o Lava-Jato no Rio. A dela\u00e7\u00e3o premiada do ex-presidente do \u00f3rg\u00e3o Jonas Lopes de Carvalho levou \u00e0 a\u00e7\u00e3o contra cinco conselheiros em pelo menos dois esquemas de arrecada\u00e7\u00e3o de propina para fazer vista grossa para irregularidades praticadas por empreiteiras e empresas de [&hellip;]<\/p>\n","protected":false},"author":2,"featured_media":101923,"comment_status":"closed","ping_status":"closed","sticky":false,"template":"","format":"standard","meta":{"footnotes":""},"categories":[15,6],"tags":[],"class_list":{"0":"post-101922","1":"post","2":"type-post","3":"status-publish","4":"format-standard","5":"has-post-thumbnail","7":"category-destaques","8":"category-politica"},"_links":{"self":[{"href":"https:\/\/senoticias.com.br\/se\/wp-json\/wp\/v2\/posts\/101922"}],"collection":[{"href":"https:\/\/senoticias.com.br\/se\/wp-json\/wp\/v2\/posts"}],"about":[{"href":"https:\/\/senoticias.com.br\/se\/wp-json\/wp\/v2\/types\/post"}],"author":[{"embeddable":true,"href":"https:\/\/senoticias.com.br\/se\/wp-json\/wp\/v2\/users\/2"}],"replies":[{"embeddable":true,"href":"https:\/\/senoticias.com.br\/se\/wp-json\/wp\/v2\/comments?post=101922"}],"version-history":[{"count":0,"href":"https:\/\/senoticias.com.br\/se\/wp-json\/wp\/v2\/posts\/101922\/revisions"}],"wp:featuredmedia":[{"embeddable":true,"href":"https:\/\/senoticias.com.br\/se\/wp-json\/wp\/v2\/media\/101923"}],"wp:attachment":[{"href":"https:\/\/senoticias.com.br\/se\/wp-json\/wp\/v2\/media?parent=101922"}],"wp:term":[{"taxonomy":"category","embeddable":true,"href":"https:\/\/senoticias.com.br\/se\/wp-json\/wp\/v2\/categories?post=101922"},{"taxonomy":"post_tag","embeddable":true,"href":"https:\/\/senoticias.com.br\/se\/wp-json\/wp\/v2\/tags?post=101922"}],"curies":[{"name":"wp","href":"https:\/\/api.w.org\/{rel}","templated":true}]}}