{"id":101918,"date":"2017-03-28T18:42:32","date_gmt":"2017-03-28T21:42:32","guid":{"rendered":"http:\/\/senoticias.com.br\/se\/?p=101918"},"modified":"2017-03-28T18:43:10","modified_gmt":"2017-03-28T21:43:10","slug":"temer-diz-que-seu-governo-nao-esta-interessado-em-medidas-populistas","status":"publish","type":"post","link":"https:\/\/senoticias.com.br\/se\/temer-diz-que-seu-governo-nao-esta-interessado-em-medidas-populistas\/","title":{"rendered":"Temer diz que seu governo n\u00e3o est\u00e1 interessado em &#8220;medidas populistas&#8221;"},"content":{"rendered":"<p style=\"text-align: justify\">O presidente Michel Temer afirmou hoje (28) que o governo n\u00e3o est\u00e1 interessado em medidas populistas e sim em medidas que, se n\u00e3o s\u00e3o celebradas agora, ser\u00e3o reconhecidas no futuro. \u201c[N\u00e3o estamos] interessados apenas em medidas populistas, de aplauso imediato e desastre depois. O que estamos fazendo s\u00e3o medidas populares, para serem reconhecidas dali em diante. Esse governo n\u00e3o vai desfrutar das medidas que estamos promovendo. Mas os senhores ver\u00e3o que o desfrute ser\u00e1 reconhecido\u201d.<\/p>\n<div id=\"attachment_100050\" style=\"width: 609px\" class=\"wp-caption aligncenter\"><a href=\"http:\/\/senoticias.com.br\/se\/wp-content\/uploads\/2017\/01\/SENot\u00edcias-189599.jpg\"><img loading=\"lazy\" decoding=\"async\" aria-describedby=\"caption-attachment-100050\" class=\"size-full wp-image-100050\" src=\"http:\/\/senoticias.com.br\/se\/wp-content\/uploads\/2017\/01\/SENot\u00edcias-189599.jpg\" alt=\"Presidente Michel Temer  (Foto: Francisco Beto Barata\/PR) \" width=\"599\" height=\"399\" srcset=\"https:\/\/senoticias.com.br\/se\/wp-content\/uploads\/2017\/01\/SENot\u00edcias-189599.jpg 599w, https:\/\/senoticias.com.br\/se\/wp-content\/uploads\/2017\/01\/SENot\u00edcias-189599-300x200.jpg 300w, https:\/\/senoticias.com.br\/se\/wp-content\/uploads\/2017\/01\/SENot\u00edcias-189599-90x60.jpg 90w, https:\/\/senoticias.com.br\/se\/wp-content\/uploads\/2017\/01\/SENot\u00edcias-189599-180x120.jpg 180w, https:\/\/senoticias.com.br\/se\/wp-content\/uploads\/2017\/01\/SENot\u00edcias-189599-95x64.jpg 95w\" sizes=\"(max-width: 599px) 100vw, 599px\" \/><\/a><p id=\"caption-attachment-100050\" class=\"wp-caption-text\">Presidente Michel Temer (Foto: Francisco Beto Barata\/PR)<\/p><\/div>\n<p style=\"text-align: justify\">O presidente discursou na cerim\u00f4nia de san\u00e7\u00e3o da Lei de Revis\u00e3o do Marco Regulat\u00f3rio da Radiodifus\u00e3o. Ele citou aprova\u00e7\u00e3o da Proposta de Emenda \u00e0 Constitui\u00e7\u00e3o (PEC) do<a href=\"http:\/\/agenciabrasil.ebc.com.br\/politica\/noticia\/2016-12\/saiba-o-que-muda-com-aprovacao-final-da-pec-do-teto-dos-gastos-publicos\" target=\"_blank\"> teto dos gastos p\u00fablicos\u00a0<\/a> e a reforma do ensino m\u00e9dio como exemplos de \u201cmedidas populares\u201d. A fala do presidente ocorre em um momento de intensas negocia\u00e7\u00f5es do Planalto com a C\u00e2mara para aprova\u00e7\u00e3o da reforma da Previd\u00eancia, considerada essencial pelo governo para retomada do crescimento econ\u00f4mico.<\/p>\n<p style=\"text-align: justify\"><strong>Radiodifus\u00e3o<\/strong><\/p>\n<p style=\"text-align: justify\">Com a presen\u00e7a de representantes do setor, Temer sancionou o novo o Marco Regulat\u00f3rio da Radiodifus\u00e3o, que atende a demandas da \u00e1rea. A expectativa \u00e9 de que, por meio dela, se consiga simplificar os processos de renova\u00e7\u00e3o e transfer\u00eancia de outorgas das emissoras de r\u00e1dio e TV. A nova legisla\u00e7\u00e3o foi defendida por diversas entidades presentes na cerim\u00f4nia de san\u00e7\u00e3o no Pal\u00e1cio do Planalto.<\/p>\n<p style=\"text-align: justify\">De acordo com a Associa\u00e7\u00e3o Brasileira de R\u00e1dio e Televis\u00e3o (Abratel), o texto sancionado simplifica o processamento das renova\u00e7\u00f5es de outorga, tendo como \u201cgrande m\u00e9rito a anistia \u00e0s emissoras que perderam o prazo para ingressar com o pleito de renova\u00e7\u00e3o\u201d.<\/p>\n<p style=\"text-align: justify\">Para a Associa\u00e7\u00e3o Brasileira de Emissoras de R\u00e1dio e Televis\u00e3o (Abert), a medida \u00e9 considerada \u201cuma das maiores conquistas\u201d para o setor de radiodifus\u00e3o nos \u00faltimos 50 anos. O presidente da entidade, Paulo Tonet Camargo, disse que as altera\u00e7\u00f5es na legisla\u00e7\u00e3o evitar\u00e3o que a burocracia continue sendo \u201cum entrave\u201d para a comunica\u00e7\u00e3o. \u201cOs radiodifusores h\u00e1 muito esperavam a simplifica\u00e7\u00e3o. Isso significa um avan\u00e7o no rumo da desburocratiza\u00e7\u00e3o. A burocracia n\u00e3o pode ser um entrave para a comunica\u00e7\u00e3o social em tempos de novas tecnologias\u201d. O diretor de R\u00e1dio da Sociedade Brasileira de Engenharia de Televis\u00e3o (SET), Eduardo Cappia, destacou entre as novidades as facilidades para pedidos de renova\u00e7\u00e3o, bem como para os processos de transfer\u00eancia de outorga.<\/p>\n<p style=\"text-align: justify\"><strong>Imprensa livre<\/strong><\/p>\n<p style=\"text-align: justify\">Temer elogiou o ministro da Ci\u00eancia, Tecnologia, Inova\u00e7\u00f5es e Comunica\u00e7\u00f5es, Gilberto Kassab, por participar do processo que levou \u00e0 san\u00e7\u00e3o da lei. Al\u00e9m disso, disse que a lei colabora para a \u201cimprensa livre no pa\u00eds\u201d. O presidente ainda acrescentou que, \u201cem um momento de imprensa livre\u201d, os jornalistas devem relatar os fatos e apontar os erros quando eles ocorrerem.<\/p>\n<p style=\"text-align: justify\">\u201cEstou fazendo um apelo para que a realidade dos fatos seja convenientemente divulgada e quando erros se verificarem, que sejam denunciados. A cr\u00edtica, muitas vezes na democracia, faz com que o governante tome o rumo adequado. A imprensa n\u00e3o tem que privilegiar ou n\u00e3o privilegiar. A imprensa tem que retratar adequadamente os fatos\u201d, afirmou Michel Temer.<\/p>\n<p style=\"text-align: justify\"><strong>Acompanhe tamb\u00e9m o SE Not\u00edcias no<\/strong><strong>\u00a0<\/strong><a href=\"https:\/\/twitter.com\/Senoticias\"><strong>Twitter<\/strong><\/a><strong>,<\/strong><strong>\u00a0<\/strong><a href=\"https:\/\/www.facebook.com\/senoticias1\"><strong>Facebook<\/strong><strong>\u00a0<\/strong><\/a><strong>e no<\/strong><strong>\u00a0<\/strong><a href=\"https:\/\/www.instagram.com\/senoticias\/\"><strong>Instagram<\/strong><\/a><strong>.<\/strong><\/p>\n<p style=\"text-align: justify\"><a href=\"http:\/\/senoticias.com.br\/se\/wp-content\/uploads\/2017\/03\/Logo-fone-1-2-1-2-4-5.jpg\"><img loading=\"lazy\" decoding=\"async\" class=\"aligncenter size-full wp-image-101900\" src=\"http:\/\/senoticias.com.br\/se\/wp-content\/uploads\/2017\/03\/Logo-fone-1-2-1-2-4-5.jpg\" alt=\"Logo-fone-1-2-1-2-4\" width=\"599\" height=\"78\" srcset=\"https:\/\/senoticias.com.br\/se\/wp-content\/uploads\/2017\/03\/Logo-fone-1-2-1-2-4-5.jpg 599w, https:\/\/senoticias.com.br\/se\/wp-content\/uploads\/2017\/03\/Logo-fone-1-2-1-2-4-5-300x39.jpg 300w\" sizes=\"(max-width: 599px) 100vw, 599px\" \/><\/a><\/p>\n<p style=\"text-align: justify\">Da Ag\u00eancia Brasil<\/p>\n","protected":false},"excerpt":{"rendered":"<p>O presidente Michel Temer afirmou hoje (28) que o governo n\u00e3o est\u00e1 interessado em medidas populistas e sim em medidas que, se n\u00e3o s\u00e3o celebradas agora, ser\u00e3o reconhecidas no futuro. \u201c[N\u00e3o estamos] interessados apenas em medidas populistas, de aplauso imediato e desastre depois. O que estamos fazendo s\u00e3o medidas populares, para serem reconhecidas dali em [&hellip;]<\/p>\n","protected":false},"author":5618,"featured_media":100050,"comment_status":"closed","ping_status":"closed","sticky":false,"template":"","format":"standard","meta":{"footnotes":""},"categories":[6],"tags":[2598],"class_list":{"0":"post-101918","1":"post","2":"type-post","3":"status-publish","4":"format-standard","5":"has-post-thumbnail","7":"category-politica","8":"tag-temer-diz-que-seu-governo-nao-esta-interessado-em-medidas-populistas"},"_links":{"self":[{"href":"https:\/\/senoticias.com.br\/se\/wp-json\/wp\/v2\/posts\/101918"}],"collection":[{"href":"https:\/\/senoticias.com.br\/se\/wp-json\/wp\/v2\/posts"}],"about":[{"href":"https:\/\/senoticias.com.br\/se\/wp-json\/wp\/v2\/types\/post"}],"author":[{"embeddable":true,"href":"https:\/\/senoticias.com.br\/se\/wp-json\/wp\/v2\/users\/5618"}],"replies":[{"embeddable":true,"href":"https:\/\/senoticias.com.br\/se\/wp-json\/wp\/v2\/comments?post=101918"}],"version-history":[{"count":0,"href":"https:\/\/senoticias.com.br\/se\/wp-json\/wp\/v2\/posts\/101918\/revisions"}],"wp:featuredmedia":[{"embeddable":true,"href":"https:\/\/senoticias.com.br\/se\/wp-json\/wp\/v2\/media\/100050"}],"wp:attachment":[{"href":"https:\/\/senoticias.com.br\/se\/wp-json\/wp\/v2\/media?parent=101918"}],"wp:term":[{"taxonomy":"category","embeddable":true,"href":"https:\/\/senoticias.com.br\/se\/wp-json\/wp\/v2\/categories?post=101918"},{"taxonomy":"post_tag","embeddable":true,"href":"https:\/\/senoticias.com.br\/se\/wp-json\/wp\/v2\/tags?post=101918"}],"curies":[{"name":"wp","href":"https:\/\/api.w.org\/{rel}","templated":true}]}}