{"id":101915,"date":"2017-03-28T18:17:39","date_gmt":"2017-03-28T21:17:39","guid":{"rendered":"http:\/\/senoticias.com.br\/se\/?p=101915"},"modified":"2017-03-28T18:17:39","modified_gmt":"2017-03-28T21:17:39","slug":"o-que-sera-de-fabuloso-tjd-descarta-gancho-de-180-dias-e-julga-caso-na-2a","status":"publish","type":"post","link":"https:\/\/senoticias.com.br\/se\/o-que-sera-de-fabuloso-tjd-descarta-gancho-de-180-dias-e-julga-caso-na-2a\/","title":{"rendered":"O que ser\u00e1 de Fabuloso? TJD descarta gancho de 180 dias e julga caso na 2\u00aa"},"content":{"rendered":"<p style=\"text-align: justify\">O artigo 258 do C\u00f3digo Brasileiro de Justi\u00e7a Desportiva (CBJD) determina a pena de suspens\u00e3o de uma a seis partidas a atletas que \u201cdesrespeitem os membros da equipe de arbitragem, ou reclamem desrespeitosamente contra suas decis\u00f5es\u201d. O 243 fala de &#8220;ofender algu\u00e9m em sua honra&#8221;. E o 250 \u00e9 referente \u00e0 pr\u00e1tica de &#8220;ato desleal ou hostil durante a partida&#8221;. Luis Fabiano, no cl\u00e1ssico contra o Flamengo, fez tudo isso. Deu um &#8220;encontr\u00e3o&#8221; no \u00e1rbitro Lu\u00eds Ant\u00f4nio Silva dos Santos, xingou e foi expulso. E agora?<\/p>\n<div id=\"attachment_101916\" style=\"width: 590px\" class=\"wp-caption aligncenter\"><a href=\"http:\/\/senoticias.com.br\/se\/wp-content\/uploads\/2017\/03\/Luis-Fabiano-Vasco-SE-Noticias-e1490735795698.jpg\"><img loading=\"lazy\" decoding=\"async\" aria-describedby=\"caption-attachment-101916\" class=\"size-full wp-image-101916\" src=\"http:\/\/senoticias.com.br\/se\/wp-content\/uploads\/2017\/03\/Luis-Fabiano-Vasco-SE-Noticias-e1490735795698.jpg\" alt=\"Luis Fabiano \u00e9 expulso ap\u00f3s &quot;encontr\u00e3o&quot; em \u00e1rbitro (Foto: EDU ANDRADE\/FATOPRESS\/ESTAD\u00c3O CONTE\u00daDO)\" width=\"580\" height=\"336\" \/><\/a><p id=\"caption-attachment-101916\" class=\"wp-caption-text\">Luis Fabiano \u00e9 expulso ap\u00f3s &#8220;encontr\u00e3o&#8221; em \u00e1rbitro (Foto: EDU ANDRADE\/FATOPRESS\/ESTAD\u00c3O CONTE\u00daDO)<\/p><\/div>\n<p style=\"text-align: justify\">\n<p style=\"text-align: justify\">Tudo come\u00e7ou com uma falta de Fabuloso em M\u00e1rcio Ara\u00fajo, no \u00faltimo domingo. O camisa 9 recebeu um cart\u00e3o amarelo, ficou transtornado e se dirigiu ao \u00e1rbitro. Pelas suas a\u00e7\u00f5es em campo, relatadas em s\u00famula, o atacante fica pass\u00edvel de incurs\u00e3o por duas vezes em um \u00fanico artigo do CBJD (258) e ainda pode ser citado em outros dois (243 e 258). A puni\u00e7\u00e3o pode variar entre a suspens\u00e3o de um a 15 jogos &#8211; caso leve pena m\u00e1xima em todos as op\u00e7\u00f5es. Os valores de multa podem ir a R$ 100 mil. A inten\u00e7\u00e3o do Tribunal de Justi\u00e7a Desportiva do Rio \u00e9 julgar o caso na segunda-feira.<\/p>\n<p style=\"text-align: justify\">&#8211; O Luis Fabiano ofendeu o \u00e1rbitro. Isso \u00e9 certo, n\u00e3o h\u00e1 d\u00favidas. Est\u00e1 na s\u00famula. A\u00ed, j\u00e1 cabe a cita\u00e7\u00e3o no artigo 243-F, que prev\u00ea a pena de, no m\u00ednimo, quatro jogos. Entra, tamb\u00e9m, no caso, o artigo 258. Foi uma atitude desportiva desrespeitosa. E deve entrar o 250. Quanto \u00e0 agress\u00e3o f\u00edsica (que prev\u00ea suspens\u00e3o por at\u00e9 180 dias), eu n\u00e3o vejo nada. Isso n\u00e3o cabe ao lance &#8211; comentou o procurador-geral do Tribunal de Justi\u00e7a Desportiva do Rio de Janeiro, Andr\u00e9 Valentim.<\/p>\n<p style=\"text-align: justify\"><strong>Gancho de 180 dias \u00e9 descartado<\/strong><\/p>\n<p style=\"text-align: justify\">No lance, o &#8220;encontr\u00e3o&#8221; entre jogador e \u00e1rbitro pode ser considerado como agress\u00e3o f\u00edsica? O TJD-RJ descarta a possibilidade de um julgamento baseado no artigo 254, que prev\u00ea a suspens\u00e3o de 180 dias.<\/p>\n<p style=\"text-align: justify\">&#8211; Seria completo exagero. A agress\u00e3o, no caso, foi em cima do jogador (M\u00e1rcio Ara\u00fajo) e, nessa, ele j\u00e1 foi punido com o amarelo. Eu n\u00e3o poderia julg\u00e1-lo por isso. Quanto ao lance em que ele supostamente empurra o \u00e1rbitro, n\u00e3o h\u00e1 a agress\u00e3o que encaixaria no 254 &#8211; esclarece Valentim.<\/p>\n<p style=\"text-align: justify\"><strong>Ofensa moral pode chegar a R$ 100 mil<\/strong><\/p>\n<p style=\"text-align: justify\">Na s\u00famula, &#8220;\u00cdndio&#8221; relata ter sido chamado de &#8220;moleque&#8221; e &#8220;safado&#8221; pelo atacante. Com essa atitude, Fabuloso levar\u00e1 na conta a cita\u00e7\u00e3o do Art. 243-F, que pune o ato de &#8220;ofender algu\u00e9m em sua honra, por fato relacionado diretamente ao desporto&#8221;. S\u00f3 neste artigo, a puni\u00e7\u00e3o pode ser de uma a seis partidas &#8211; no m\u00ednimo quatro &#8211; com multa de R$ 100 a R$ 100 mil.<\/p>\n<p style=\"text-align: justify\">&#8211; Nesta quest\u00e3o n\u00e3o h\u00e1 d\u00favidas. Ofendeu e est\u00e1 l\u00e1 na s\u00famula.O m\u00ednimo \u00e9 de quatro jogos de suspens\u00e3o.<br \/>\nJulgamento at\u00e9 a pr\u00f3xima semana<br \/>\nA publica\u00e7\u00e3o do processo sai at\u00e9 o fim desta segunda-feira. Como \u00e9 de praxe garantir celeridade em casos deste porte, a expectativa \u00e9 de que o julgamento em primeira inst\u00e2ncia aconte\u00e7a logo na pr\u00f3xima segunda-feira. No m\u00e1ximo, quarta.<br \/>\nTanto o Vasco quanto a procuradoria podem recorrer da decis\u00e3o e, ent\u00e3o, o processo segue para o Tribunal Pleno.<\/p>\n<p style=\"text-align: justify\"><strong>Acompanhe tamb\u00e9m o SE Not\u00edcias no<\/strong><strong>\u00a0<\/strong><a href=\"https:\/\/twitter.com\/Senoticias\"><strong>Twitter<\/strong><\/a><strong>,<\/strong><strong>\u00a0<\/strong><a href=\"https:\/\/www.facebook.com\/senoticias1\"><strong>Facebook<\/strong><strong>\u00a0<\/strong><\/a><strong>e no<\/strong><strong>\u00a0<\/strong><a href=\"https:\/\/www.instagram.com\/senoticias\/\"><strong>Instagram<\/strong><\/a><strong>.<\/strong><\/p>\n<p style=\"text-align: justify\"><a href=\"http:\/\/senoticias.com.br\/se\/wp-content\/uploads\/2017\/03\/Logo-fone-1-2-1-2-4-5.jpg\"><img loading=\"lazy\" decoding=\"async\" class=\"aligncenter size-full wp-image-101900\" src=\"http:\/\/senoticias.com.br\/se\/wp-content\/uploads\/2017\/03\/Logo-fone-1-2-1-2-4-5.jpg\" alt=\"Logo-fone-1-2-1-2-4\" width=\"599\" height=\"78\" srcset=\"https:\/\/senoticias.com.br\/se\/wp-content\/uploads\/2017\/03\/Logo-fone-1-2-1-2-4-5.jpg 599w, https:\/\/senoticias.com.br\/se\/wp-content\/uploads\/2017\/03\/Logo-fone-1-2-1-2-4-5-300x39.jpg 300w\" sizes=\"(max-width: 599px) 100vw, 599px\" \/><\/a><\/p>\n<p style=\"text-align: justify\">Do Globo Esporte .com<\/p>\n","protected":false},"excerpt":{"rendered":"<p>O artigo 258 do C\u00f3digo Brasileiro de Justi\u00e7a Desportiva (CBJD) determina a pena de suspens\u00e3o de uma a seis partidas a atletas que \u201cdesrespeitem os membros da equipe de arbitragem, ou reclamem desrespeitosamente contra suas decis\u00f5es\u201d. O 243 fala de &#8220;ofender algu\u00e9m em sua honra&#8221;. E o 250 \u00e9 referente \u00e0 pr\u00e1tica de &#8220;ato desleal [&hellip;]<\/p>\n","protected":false},"author":5618,"featured_media":101916,"comment_status":"closed","ping_status":"closed","sticky":false,"template":"","format":"standard","meta":{"footnotes":""},"categories":[26],"tags":[2596],"class_list":{"0":"post-101915","1":"post","2":"type-post","3":"status-publish","4":"format-standard","5":"has-post-thumbnail","7":"category-esportes","8":"tag-o-que-sera-de-fabuloso-tjd-descarta-gancho-de-180-dias-e-julga-caso-na-2a"},"_links":{"self":[{"href":"https:\/\/senoticias.com.br\/se\/wp-json\/wp\/v2\/posts\/101915"}],"collection":[{"href":"https:\/\/senoticias.com.br\/se\/wp-json\/wp\/v2\/posts"}],"about":[{"href":"https:\/\/senoticias.com.br\/se\/wp-json\/wp\/v2\/types\/post"}],"author":[{"embeddable":true,"href":"https:\/\/senoticias.com.br\/se\/wp-json\/wp\/v2\/users\/5618"}],"replies":[{"embeddable":true,"href":"https:\/\/senoticias.com.br\/se\/wp-json\/wp\/v2\/comments?post=101915"}],"version-history":[{"count":0,"href":"https:\/\/senoticias.com.br\/se\/wp-json\/wp\/v2\/posts\/101915\/revisions"}],"wp:featuredmedia":[{"embeddable":true,"href":"https:\/\/senoticias.com.br\/se\/wp-json\/wp\/v2\/media\/101916"}],"wp:attachment":[{"href":"https:\/\/senoticias.com.br\/se\/wp-json\/wp\/v2\/media?parent=101915"}],"wp:term":[{"taxonomy":"category","embeddable":true,"href":"https:\/\/senoticias.com.br\/se\/wp-json\/wp\/v2\/categories?post=101915"},{"taxonomy":"post_tag","embeddable":true,"href":"https:\/\/senoticias.com.br\/se\/wp-json\/wp\/v2\/tags?post=101915"}],"curies":[{"name":"wp","href":"https:\/\/api.w.org\/{rel}","templated":true}]}}