{"id":101912,"date":"2017-03-28T17:53:01","date_gmt":"2017-03-28T20:53:01","guid":{"rendered":"http:\/\/senoticias.com.br\/se\/?p=101912"},"modified":"2017-03-28T17:53:01","modified_gmt":"2017-03-28T20:53:01","slug":"grandes-atracoes-vao-dividir-o-palco-do-samba-sergipe","status":"publish","type":"post","link":"https:\/\/senoticias.com.br\/se\/grandes-atracoes-vao-dividir-o-palco-do-samba-sergipe\/","title":{"rendered":"Grandes atra\u00e7\u00f5es v\u00e3o dividir o palco do Samba Sergipe"},"content":{"rendered":"<p style=\"text-align: justify;\">A cidade de Aracaju (SE) vai receber a terceira edi\u00e7\u00e3o do Samba Sergipe, um dos maiores e melhores eventos de samba e pagode da regi\u00e3o Nordeste. O evento, que traz a assinatura da Fita Produ\u00e7\u00f5es, reunir\u00e1 alguns dos maiores nomes do ritmo no Brasil e acontecer\u00e1 no dia 8 de abril, no Miame Hall. Numa \u00e1rea de aproximadamente 11 mil m\u00b2 ser\u00e3o montados dois palcos por onde passar\u00e3o Thiaguinho, Belo, Sorriso Maroto, Mumuzinho, Psirico, Dilsinho, Chininha &amp; Pr\u00edncipe, T\u00e1 na mente e Top 7.<\/p>\n<div id=\"attachment_101913\" style=\"width: 609px\" class=\"wp-caption aligncenter\"><img loading=\"lazy\" decoding=\"async\" aria-describedby=\"caption-attachment-101913\" class=\"size-full wp-image-101913\" src=\"http:\/\/senoticias.com.br\/se\/wp-content\/uploads\/2017\/03\/Samba-Sergipe-SENOTICIAS-e1490734286423.jpg\" alt=\"Evento ter\u00e1 artistas como Thiaguinho, Belo e Sorriso Maroto. (Imagem: Divulga\u00e7\u00e3o evento)\" width=\"599\" height=\"398\" \/><p id=\"caption-attachment-101913\" class=\"wp-caption-text\">Evento ter\u00e1 artistas como Thiaguinho, Belo e Sorriso Maroto. (Imagem: Divulga\u00e7\u00e3o evento)<\/p><\/div>\n<p style=\"text-align: justify;\">O cantor Belo \u00e9 uma das principais atra\u00e7\u00f5es do Samba Sergipe. Seu 10\u00ba \u00e1lbum da carreira solo traz uma mistura de samba e romantismo. Intitulado \u201cPra Ser Amor\u201d, duas faixas j\u00e1 est\u00e3o entre as can\u00e7\u00f5es mais executadas nas r\u00e1dios de todo o pa\u00eds, \u201cTudo Mudou\u201d e \u201cPerfume\u201d. O novo trabalho marca o retorno do cantor \u00e0s turn\u00eas internacionais e a prepara\u00e7\u00e3o de sua biografia em livro e filme.<\/p>\n<p><strong>Novidade<\/strong><\/p>\n<p style=\"text-align: justify;\">Os port\u00f5es da \u00e1rea de entretenimento do Samba Sergipe, localizada no bairro Coroa do Meio, ser\u00e3o aberto \u00e0s 19h. A festa tem censura 12 anos para os espa\u00e7os de pista e \u00e1rea vip e, 18 anos, para os camarotes. E por falar em camarote, a edi\u00e7\u00e3o 2017 do Samba Sergipe traz uma grande a novidade para o sexo feminino: o \u201cCamarote das Patricinhas\u201d, um espa\u00e7o open bar destinado especialmente para a mulherada.<\/p>\n<p style=\"text-align: justify;\">O terceiro lote de ingressos j\u00e1 est\u00e1 \u00e0 venda, em Aracaju, na Aleatory (Shopping Riomar); Armarinho Novo Mundo (Sv. Sete de Setembro); Litoral 655 (Shopping Jardins, Shopping Pr\u00eamio e Cal\u00e7ad\u00e3o Laranjeiras); Kcell Celulares (Hermes Fontes); A Tribo, (Cal\u00e7ad\u00e3o S\u00e3o Crist\u00f3v\u00e3o); e A Churrascaria D. Pedro I. Em Itabaiana, na Usina do Som. Em Lagarto, na Subway; e, em Est\u00e2ncia, na Banca da Martinha.<\/p>\n<p style=\"text-align: justify;\">Os ingressos podem ser adquiridos pelo Banesecard em at\u00e9 5x. Voc\u00ea pode tamb\u00e9m comprar sua entrada pela internet pelo site <a href=\"http:\/\/www.ticmix.com.br\/\">www.ticmix.com.br<\/a>. Mais informa\u00e7\u00f5es <em>3019-5000<\/em>.<\/p>\n<p style=\"text-align: justify;\"><img loading=\"lazy\" decoding=\"async\" class=\"aligncenter size-full wp-image-101900\" src=\"http:\/\/senoticias.com.br\/se\/wp-content\/uploads\/2017\/03\/Logo-fone-1-2-1-2-4-5.jpg\" alt=\"Logo-fone-1-2-1-2-4\" width=\"599\" height=\"78\" srcset=\"https:\/\/senoticias.com.br\/se\/wp-content\/uploads\/2017\/03\/Logo-fone-1-2-1-2-4-5.jpg 599w, https:\/\/senoticias.com.br\/se\/wp-content\/uploads\/2017\/03\/Logo-fone-1-2-1-2-4-5-300x39.jpg 300w\" sizes=\"(max-width: 599px) 100vw, 599px\" \/><\/p>\n<p style=\"text-align: justify;\"><strong>Acompanhe tamb\u00e9m o SE Not\u00edcias no<\/strong><span class=\"apple-converted-space\"><b>\u00a0<\/b><\/span><a href=\"https:\/\/twitter.com\/Senoticias\" target=\"_blank\"><b>Twitter<\/b><\/a><strong>,<\/strong><span class=\"apple-converted-space\"><b>\u00a0<\/b><\/span><a href=\"https:\/\/www.facebook.com\/senoticias1\" target=\"_blank\"><b>Facebook<\/b><span class=\"apple-converted-space\"><b>\u00a0<\/b><\/span><\/a><strong>e no<\/strong><span class=\"apple-converted-space\"><b>\u00a0<\/b><\/span><a href=\"https:\/\/www.instagram.com\/senoticias\/\" target=\"_blank\"><b>Instagram<\/b><\/a><\/p>\n<p style=\"text-align: justify;\"><em>Fonte: Assessoria do Evento<\/em><\/p>\n","protected":false},"excerpt":{"rendered":"<p>A cidade de Aracaju (SE) vai receber a terceira edi\u00e7\u00e3o do Samba Sergipe, um dos maiores e melhores eventos de samba e pagode da regi\u00e3o Nordeste. O evento, que traz a assinatura da Fita Produ\u00e7\u00f5es, reunir\u00e1 alguns dos maiores nomes do ritmo no Brasil e acontecer\u00e1 no dia 8 de abril, no Miame Hall. Numa [&hellip;]<\/p>\n","protected":false},"author":2,"featured_media":101913,"comment_status":"closed","ping_status":"closed","sticky":false,"template":"","format":"standard","meta":{"footnotes":""},"categories":[21],"tags":[],"class_list":{"0":"post-101912","1":"post","2":"type-post","3":"status-publish","4":"format-standard","5":"has-post-thumbnail","7":"category-entretenimento"},"_links":{"self":[{"href":"https:\/\/senoticias.com.br\/se\/wp-json\/wp\/v2\/posts\/101912"}],"collection":[{"href":"https:\/\/senoticias.com.br\/se\/wp-json\/wp\/v2\/posts"}],"about":[{"href":"https:\/\/senoticias.com.br\/se\/wp-json\/wp\/v2\/types\/post"}],"author":[{"embeddable":true,"href":"https:\/\/senoticias.com.br\/se\/wp-json\/wp\/v2\/users\/2"}],"replies":[{"embeddable":true,"href":"https:\/\/senoticias.com.br\/se\/wp-json\/wp\/v2\/comments?post=101912"}],"version-history":[{"count":0,"href":"https:\/\/senoticias.com.br\/se\/wp-json\/wp\/v2\/posts\/101912\/revisions"}],"wp:featuredmedia":[{"embeddable":true,"href":"https:\/\/senoticias.com.br\/se\/wp-json\/wp\/v2\/media\/101913"}],"wp:attachment":[{"href":"https:\/\/senoticias.com.br\/se\/wp-json\/wp\/v2\/media?parent=101912"}],"wp:term":[{"taxonomy":"category","embeddable":true,"href":"https:\/\/senoticias.com.br\/se\/wp-json\/wp\/v2\/categories?post=101912"},{"taxonomy":"post_tag","embeddable":true,"href":"https:\/\/senoticias.com.br\/se\/wp-json\/wp\/v2\/tags?post=101912"}],"curies":[{"name":"wp","href":"https:\/\/api.w.org\/{rel}","templated":true}]}}