{"id":101910,"date":"2017-03-28T17:32:16","date_gmt":"2017-03-28T20:32:16","guid":{"rendered":"http:\/\/senoticias.com.br\/se\/?p=101910"},"modified":"2017-03-28T17:32:16","modified_gmt":"2017-03-28T20:32:16","slug":"sintese-decide-interromper-greve-e-retoma-atividades","status":"publish","type":"post","link":"https:\/\/senoticias.com.br\/se\/sintese-decide-interromper-greve-e-retoma-atividades\/","title":{"rendered":"Sintese decide interromper greve e retoma atividades"},"content":{"rendered":"<p style=\"text-align: justify;\">Professores e professoras das redes municipais e estadual de Sergipe lotaram a assembleia realizada nesta ontem, 27, \u00a0no Instituto Hist\u00f3rico e Geogr\u00e1fico de Sergipe, em Aracaju e deliberaram o fim da greve da categoria, iniciada no dia 15 de mar\u00e7o. Mas o fim da greve n\u00e3o significa a retirada da luta pela valoriza\u00e7\u00e3o do magist\u00e9rio e contra as medidas promovidas pelo governo golpista de Michel Temer, que visam tiras direitos dos trabalhadores.<\/p>\n<div id=\"attachment_101911\" style=\"width: 609px\" class=\"wp-caption aligncenter\"><img loading=\"lazy\" decoding=\"async\" aria-describedby=\"caption-attachment-101911\" class=\"size-full wp-image-101911\" src=\"http:\/\/senoticias.com.br\/se\/wp-content\/uploads\/2017\/03\/Professores-SENOTICIAS-e1490732991976.jpg\" alt=\"Professores e professoras deliberam fim de greve, mas continuam na luta e na constru\u00e7\u00e3o da greve geral dos trabalhadores. (Foto: ascom\/Sintese)\" width=\"599\" height=\"399\" \/><p id=\"caption-attachment-101911\" class=\"wp-caption-text\">Professores e professoras deliberam fim de greve, mas continuam na luta e na constru\u00e7\u00e3o da greve geral dos trabalhadores. (Foto: ascom\/Sintese)<\/p><\/div>\n<p style=\"text-align: justify;\">O foco agora \u00e9 a jornada de lutas para a constru\u00e7\u00e3o da greve geral dos trabalhadores brasileiros, puxada pela Central \u00danica dos Trabalhadores (CUT), prevista para o m\u00eas de abril. Os professores e professoras retornam a suas atividades a partir desta ter\u00e7a-feira, 28.<\/p>\n<p style=\"text-align: justify;\">Foi deliberado tamb\u00e9m nesta segunda-feira, 27, o estado permanente de assembleia e greve, isso significa, que caso o SINTESE convoque a categoria, professores e professoras ir\u00e3o paralisar suas atividades e se unir\u00e3o aos demais trabalhadores de outras categorias na luta por nenhum direito a menos.<\/p>\n<p style=\"text-align: justify;\">Para a presidenta do SINTESE, professora Ivonete Cruz, professores e professoras constru\u00edram uma bel\u00edssima resist\u00eancia e este \u00e9 o momento de voltar \u00e0s escolas para levar o debate aos estudantes, pais e m\u00e3es sobre a import\u00e2ncia de todos estarem juntos nesta luta contra a reforma trabalhista e a reforma da previd\u00eancia.<\/p>\n<p style=\"text-align: justify;\">\u201cO governo golpista de Michel Temer percebeu por meio das manifesta\u00e7\u00f5es ocorridas no dia 15 de mar\u00e7o que n\u00f3s, trabalhadores e trabalhadoras, n\u00e3o vamos permitir que nossos direitos conquistados com muita luta, suor, sangue e l\u00e1grimas sejam retirados. Somente em Aracaju mais de 30 mil trabalhadores foram para as ruas no dia 15 de mar\u00e7o. E a luta dos trabalhadores brasileiros deu resultado: n\u00e3o h\u00e1 mais previs\u00e3o de data para a vota\u00e7\u00e3o da reforma da previd\u00eancia no congresso. Mas precisamos ficar atentos. \u00c9 necess\u00e1rio que neste momento haja unidade de todos os sindicatos e centrais sindicais nesta luta frente as medidas golpistas de Temer. Por isso, n\u00f3s, professores e professoras da rede p\u00fablica de Sergipe iremos continuar na resist\u00eancia e manter uma jornada de lutas para a constru\u00e7\u00e3o da greve geral dos trabalhadores\u201d, afirma a presidenta do SINTESE.<\/p>\n<p style=\"text-align: justify;\">Veja abaixo a jornada de lutas deliberada e aprova pelos professores e professoras, durante a assembleia desta segunda-feira, 27:<\/p>\n<p style=\"text-align: justify;\">&#8211; 30 de mar\u00e7o (quinta-feira): audi\u00eancia p\u00fablica na Assembleia Legislativa de Sergipe (ALESE), \u00e0s 14h:30, com a presen\u00e7a do Senador da Rep\u00fablica Lindbergh Farias, para debater os impactos da reforma da previd\u00eancia, conduzida pelo presidente ileg\u00edtimo Michel Temer, na vida dos trabalhadores e trabalhadoras de todo o Brasil;<\/p>\n<p style=\"text-align: justify;\">&#8211; 31 de mar\u00e7o (sexta-feira): Grande ato contra as reformas da previd\u00eancia e contra a terceiriza\u00e7\u00e3o. O dia 31 de mar\u00e7o ser\u00e1 marcado em todo o Brasil por atos \u00e9 o \u2018Dia Nacional de Mobiliza\u00e7\u00e3o e lutas. O SINTESE ir\u00e1 divulgar aos professores e professoras o local e hor\u00e1rio do ato que acontecer\u00e1 em Aracaju;<\/p>\n<p style=\"text-align: justify;\">&#8211; \u00a0Continuar a fazer press\u00e3o aos deputados federais e senadores de Sergipe, atrav\u00e9s da TV, r\u00e1dio e redes sociais, para que os mesmo se coloquem contra as reformas da previd\u00eancia e trabalhista capitaneadas pelo governo golpista de Michel Temer. Deixa claro para os deputados e senadores que quem vota contra o povo n\u00e3o volta ao congresso;<\/p>\n<p style=\"text-align: justify;\">&#8211; Constru\u00e7\u00e3o de ato para divulgar resultado da enquete realizada com a popula\u00e7\u00e3o de Aracaju e de diversos munic\u00edpios sergipanos sobre a Reforma da Previd\u00eancia e a Privatiza\u00e7\u00e3o da Companhia de Saneamento de Sergipe (DESO);<\/p>\n<p style=\"text-align: justify;\">\u00a0&#8211; Manter as plen\u00e1rias nas escolas das redes municipais e estadual com estudantes, pais e m\u00e3es para conscientizar todos sobre a necessidade de estarem juntos na luta contra a reforma da previd\u00eancia e a reforma trabalhista;<\/p>\n<p style=\"text-align: justify;\">&#8211; Continuar a luta por valoriza\u00e7\u00e3o do magist\u00e9rio sergipano por meio do pagamento do piso para todos e na carreira, conforme estabelece a lei;<\/p>\n<p>&#8211; Ato unificado nas rodovias sergipanas<\/p>\n<p><strong>Di\u00e1logo com a popula\u00e7\u00e3o<\/strong><\/p>\n<p style=\"text-align: justify;\">Ap\u00f3s o fim da assembleia, professores e professoras tomaram as ruas do Centro de Aracaju e fizeram uma caminhada at\u00e9 a Assembleia Legislativa de Sergipe. A categoria dialogou com a sociedade, anunciou o fim da greve do magist\u00e9rio sergipano e fez quest\u00e3o de deixar claro que a luta por valoriza\u00e7\u00e3o do magist\u00e9rio e contra a retirada de direitos continua.<\/p>\n<p style=\"text-align: justify;\"><img loading=\"lazy\" decoding=\"async\" class=\"aligncenter size-full wp-image-101900\" src=\"http:\/\/senoticias.com.br\/se\/wp-content\/uploads\/2017\/03\/Logo-fone-1-2-1-2-4-5.jpg\" alt=\"Logo-fone-1-2-1-2-4\" width=\"599\" height=\"78\" srcset=\"https:\/\/senoticias.com.br\/se\/wp-content\/uploads\/2017\/03\/Logo-fone-1-2-1-2-4-5.jpg 599w, https:\/\/senoticias.com.br\/se\/wp-content\/uploads\/2017\/03\/Logo-fone-1-2-1-2-4-5-300x39.jpg 300w\" sizes=\"(max-width: 599px) 100vw, 599px\" \/><\/p>\n<p style=\"text-align: justify;\"><strong>Acompanhe tamb\u00e9m o SE Not\u00edcias no<\/strong><span class=\"apple-converted-space\"><b>\u00a0<\/b><\/span><a href=\"https:\/\/twitter.com\/Senoticias\" target=\"_blank\"><b>Twitter<\/b><\/a><strong>,<\/strong><span class=\"apple-converted-space\"><b>\u00a0<\/b><\/span><a href=\"https:\/\/www.facebook.com\/senoticias1\" target=\"_blank\"><b>Facebook<\/b><span class=\"apple-converted-space\"><b>\u00a0<\/b><\/span><\/a><strong>e no<\/strong><span class=\"apple-converted-space\"><b>\u00a0<\/b><\/span><a href=\"https:\/\/www.instagram.com\/senoticias\/\" target=\"_blank\"><b>Instagram<\/b><\/a><\/p>\n<p style=\"text-align: justify;\"><em>Mat\u00e9ria extra\u00edda do site do Sintese<\/em><\/p>\n","protected":false},"excerpt":{"rendered":"<p>Professores e professoras das redes municipais e estadual de Sergipe lotaram a assembleia realizada nesta ontem, 27, \u00a0no Instituto Hist\u00f3rico e Geogr\u00e1fico de Sergipe, em Aracaju e deliberaram o fim da greve da categoria, iniciada no dia 15 de mar\u00e7o. Mas o fim da greve n\u00e3o significa a retirada da luta pela valoriza\u00e7\u00e3o do magist\u00e9rio [&hellip;]<\/p>\n","protected":false},"author":2,"featured_media":101911,"comment_status":"closed","ping_status":"closed","sticky":false,"template":"","format":"standard","meta":{"footnotes":""},"categories":[15],"tags":[],"class_list":{"0":"post-101910","1":"post","2":"type-post","3":"status-publish","4":"format-standard","5":"has-post-thumbnail","7":"category-destaques"},"_links":{"self":[{"href":"https:\/\/senoticias.com.br\/se\/wp-json\/wp\/v2\/posts\/101910"}],"collection":[{"href":"https:\/\/senoticias.com.br\/se\/wp-json\/wp\/v2\/posts"}],"about":[{"href":"https:\/\/senoticias.com.br\/se\/wp-json\/wp\/v2\/types\/post"}],"author":[{"embeddable":true,"href":"https:\/\/senoticias.com.br\/se\/wp-json\/wp\/v2\/users\/2"}],"replies":[{"embeddable":true,"href":"https:\/\/senoticias.com.br\/se\/wp-json\/wp\/v2\/comments?post=101910"}],"version-history":[{"count":0,"href":"https:\/\/senoticias.com.br\/se\/wp-json\/wp\/v2\/posts\/101910\/revisions"}],"wp:featuredmedia":[{"embeddable":true,"href":"https:\/\/senoticias.com.br\/se\/wp-json\/wp\/v2\/media\/101911"}],"wp:attachment":[{"href":"https:\/\/senoticias.com.br\/se\/wp-json\/wp\/v2\/media?parent=101910"}],"wp:term":[{"taxonomy":"category","embeddable":true,"href":"https:\/\/senoticias.com.br\/se\/wp-json\/wp\/v2\/categories?post=101910"},{"taxonomy":"post_tag","embeddable":true,"href":"https:\/\/senoticias.com.br\/se\/wp-json\/wp\/v2\/tags?post=101910"}],"curies":[{"name":"wp","href":"https:\/\/api.w.org\/{rel}","templated":true}]}}