{"id":101909,"date":"2017-03-28T18:00:54","date_gmt":"2017-03-28T21:00:54","guid":{"rendered":"http:\/\/senoticias.com.br\/se\/?p=101909"},"modified":"2017-03-28T18:00:54","modified_gmt":"2017-03-28T21:00:54","slug":"transito-na-ponte-do-rio-do-sal-sera-modificado-a-partir-da-proxima-quinta","status":"publish","type":"post","link":"https:\/\/senoticias.com.br\/se\/transito-na-ponte-do-rio-do-sal-sera-modificado-a-partir-da-proxima-quinta\/","title":{"rendered":"Tr\u00e2nsito na ponte do Rio do Sal ser\u00e1 modificado a partir da pr\u00f3xima quinta"},"content":{"rendered":"<p style=\"text-align: justify\">A partir da pr\u00f3xima quinta-feira (30) o tr\u00e2nsito na ponte do Rio do Sal que liga as localidades do Bairro Coqueiral, em Aracaju, ao Marcos Freire II, no munic\u00edpio de Nossa Senhora do Socorro, ser\u00e1 modificado para realiza\u00e7\u00e3o de servi\u00e7os de manuten\u00e7\u00e3o preventiva no local.<\/p>\n<div id=\"attachment_101914\" style=\"width: 590px\" class=\"wp-caption aligncenter\"><a href=\"http:\/\/senoticias.com.br\/se\/wp-content\/uploads\/2017\/03\/Ponte-do-Rio-do-sal-SE-Noticias-e1490734808720.jpg\"><img loading=\"lazy\" decoding=\"async\" aria-describedby=\"caption-attachment-101914\" class=\"size-full wp-image-101914\" src=\"http:\/\/senoticias.com.br\/se\/wp-content\/uploads\/2017\/03\/Ponte-do-Rio-do-sal-SE-Noticias-e1490734808720.jpg\" alt=\"Foto: Reprodu\u00e7\u00e3o\" width=\"580\" height=\"365\" \/><\/a><p id=\"caption-attachment-101914\" class=\"wp-caption-text\">Foto: Reprodu\u00e7\u00e3o<\/p><\/div>\n<p style=\"text-align: justify\">O hor\u00e1rio de in\u00edcio da opera\u00e7\u00e3o ser\u00e1 \u00e0s 6h da manh\u00e3. N\u00e3o ser\u00e1 permitida a passagem de caminh\u00f5es e os \u00f4nibus ter\u00e3o a sua velocidade reduzida para no m\u00e1ximo a 30 km p\/ hora, passando um de cada vez. Os outros ve\u00edculos menores, como autom\u00f3veis, carro\u00e7as, bicicletas e pedestres, estar\u00e3o liberados normalmente.<\/p>\n<p style=\"text-align: justify\">A opera\u00e7\u00e3o contar\u00e1 com a orienta\u00e7\u00e3o do tr\u00e2nsito realizada pela SMTT\u2019s de Aracaju e de Nossa Senhora do Socorro. Ser\u00e3o instalados tamb\u00e9m sinaliza\u00e7\u00f5es, redutores de velocidade, al\u00e9m da presen\u00e7a dos agentes de tr\u00e2nsito ao longo da ponte.<\/p>\n<p>De acordo com a Secretaria de Estado da Infraestrutura e do Desenvolvimento Urbano (Seinfra),O in\u00edcio da obra de manuten\u00e7\u00e3o ser\u00e1 realizada at\u00e9 a primeira quinzena de abril, mas a restri\u00e7\u00e3o do fluxo de ve\u00edculos pesados se dar\u00e1 a partir da pr\u00f3xima quinta feira dia 30, em fun\u00e7\u00e3o da necessidade de observa\u00e7\u00f5es complementares por parte dos t\u00e9cnicos e da implanta\u00e7\u00e3o de log\u00edstica para in\u00edcio da manuten\u00e7\u00e3o.<\/p>\n<p>Ainda de acordo com a Seinfra a obra est\u00e1 programada para ser realizada no per\u00edodo de 180 dias, podendo encerrar os servi\u00e7os antes do prazo e ter\u00e1 um custo de mais de R$2 milh\u00f5es. O tr\u00e2nsito ser\u00e1 liberado de acordo com a execu\u00e7\u00e3o dos servi\u00e7os.<\/p>\n<p style=\"text-align: justify\"><strong>Acompanhe tamb\u00e9m o SE Not\u00edcias no<\/strong><strong>\u00a0<\/strong><a href=\"https:\/\/twitter.com\/Senoticias\"><strong>Twitter<\/strong><\/a><strong>,<\/strong><strong>\u00a0<\/strong><a href=\"https:\/\/www.facebook.com\/senoticias1\"><strong>Facebook<\/strong><strong>\u00a0<\/strong><\/a><strong>e no<\/strong><strong>\u00a0<\/strong><a href=\"https:\/\/www.instagram.com\/senoticias\/\"><strong>Instagram<\/strong><\/a><strong>.<\/strong><\/p>\n<p style=\"text-align: justify\"><a href=\"http:\/\/senoticias.com.br\/se\/wp-content\/uploads\/2017\/03\/Logo-fone-1-2-1-2-4-5.jpg\"><img loading=\"lazy\" decoding=\"async\" class=\"aligncenter size-full wp-image-101900\" src=\"http:\/\/senoticias.com.br\/se\/wp-content\/uploads\/2017\/03\/Logo-fone-1-2-1-2-4-5.jpg\" alt=\"Logo-fone-1-2-1-2-4\" width=\"599\" height=\"78\" srcset=\"https:\/\/senoticias.com.br\/se\/wp-content\/uploads\/2017\/03\/Logo-fone-1-2-1-2-4-5.jpg 599w, https:\/\/senoticias.com.br\/se\/wp-content\/uploads\/2017\/03\/Logo-fone-1-2-1-2-4-5-300x39.jpg 300w\" sizes=\"(max-width: 599px) 100vw, 599px\" \/><\/a><\/p>\n<p style=\"text-align: justify\">Do G1 SE<\/p>\n","protected":false},"excerpt":{"rendered":"<p>A partir da pr\u00f3xima quinta-feira (30) o tr\u00e2nsito na ponte do Rio do Sal que liga as localidades do Bairro Coqueiral, em Aracaju, ao Marcos Freire II, no munic\u00edpio de Nossa Senhora do Socorro, ser\u00e1 modificado para realiza\u00e7\u00e3o de servi\u00e7os de manuten\u00e7\u00e3o preventiva no local. O hor\u00e1rio de in\u00edcio da opera\u00e7\u00e3o ser\u00e1 \u00e0s 6h da [&hellip;]<\/p>\n","protected":false},"author":5618,"featured_media":101914,"comment_status":"closed","ping_status":"closed","sticky":false,"template":"","format":"standard","meta":{"footnotes":""},"categories":[38],"tags":[2595],"class_list":{"0":"post-101909","1":"post","2":"type-post","3":"status-publish","4":"format-standard","5":"has-post-thumbnail","7":"category-municipios","8":"tag-transito-na-ponte-do-rio-do-sal-sera-modificado-a-partir-da-proxima-quinta"},"_links":{"self":[{"href":"https:\/\/senoticias.com.br\/se\/wp-json\/wp\/v2\/posts\/101909"}],"collection":[{"href":"https:\/\/senoticias.com.br\/se\/wp-json\/wp\/v2\/posts"}],"about":[{"href":"https:\/\/senoticias.com.br\/se\/wp-json\/wp\/v2\/types\/post"}],"author":[{"embeddable":true,"href":"https:\/\/senoticias.com.br\/se\/wp-json\/wp\/v2\/users\/5618"}],"replies":[{"embeddable":true,"href":"https:\/\/senoticias.com.br\/se\/wp-json\/wp\/v2\/comments?post=101909"}],"version-history":[{"count":0,"href":"https:\/\/senoticias.com.br\/se\/wp-json\/wp\/v2\/posts\/101909\/revisions"}],"wp:featuredmedia":[{"embeddable":true,"href":"https:\/\/senoticias.com.br\/se\/wp-json\/wp\/v2\/media\/101914"}],"wp:attachment":[{"href":"https:\/\/senoticias.com.br\/se\/wp-json\/wp\/v2\/media?parent=101909"}],"wp:term":[{"taxonomy":"category","embeddable":true,"href":"https:\/\/senoticias.com.br\/se\/wp-json\/wp\/v2\/categories?post=101909"},{"taxonomy":"post_tag","embeddable":true,"href":"https:\/\/senoticias.com.br\/se\/wp-json\/wp\/v2\/tags?post=101909"}],"curies":[{"name":"wp","href":"https:\/\/api.w.org\/{rel}","templated":true}]}}