{"id":101908,"date":"2017-03-28T14:21:54","date_gmt":"2017-03-28T17:21:54","guid":{"rendered":"http:\/\/senoticias.com.br\/se\/?p=101908"},"modified":"2017-03-28T14:21:54","modified_gmt":"2017-03-28T17:21:54","slug":"ex-gerente-da-petrobras-e-preso-na-39a-fase-da-operacao-lava-jato","status":"publish","type":"post","link":"https:\/\/senoticias.com.br\/se\/ex-gerente-da-petrobras-e-preso-na-39a-fase-da-operacao-lava-jato\/","title":{"rendered":"Ex-gerente da Petrobras \u00e9 preso na 39\u00aa fase da Opera\u00e7\u00e3o Lava Jato"},"content":{"rendered":"<p style=\"text-align: justify\">O ex-gerente executivo da Petrobras Roberto Gon\u00e7alves foi preso na manh\u00e3 de hoje (28) em Boa Vista, durante a 39\u00aa fase da Opera\u00e7\u00e3o Lava Jato. Inicialmente, a Pol\u00edcia Federal havia informado que o mandado de pris\u00e3o preventiva seria cumprido no Rio de Janeiro, j\u00e1 que a informa\u00e7\u00e3o de que o investigado estava no estado de Roraima chegou de \u00faltima hora. A previs\u00e3o \u00e9 que ele seja levado a Curitiba at\u00e9 as primeiras horas de amanh\u00e3 (29).<\/p>\n<div id=\"attachment_99925\" style=\"width: 609px\" class=\"wp-caption aligncenter\"><a href=\"http:\/\/senoticias.com.br\/se\/wp-content\/uploads\/2017\/01\/SENot\u00edcias-POL\u00cdCIA-FEDERAL-LEI-ROUANET-700.jpg\"><img loading=\"lazy\" decoding=\"async\" aria-describedby=\"caption-attachment-99925\" class=\"size-full wp-image-99925\" src=\"http:\/\/senoticias.com.br\/se\/wp-content\/uploads\/2017\/01\/SENot\u00edcias-POL\u00cdCIA-FEDERAL-LEI-ROUANET-700.jpg\" alt=\"Foto: PF \/ Divulga\u00e7\u00e3o \" width=\"599\" height=\"401\" srcset=\"https:\/\/senoticias.com.br\/se\/wp-content\/uploads\/2017\/01\/SENot\u00edcias-POL\u00cdCIA-FEDERAL-LEI-ROUANET-700.jpg 599w, https:\/\/senoticias.com.br\/se\/wp-content\/uploads\/2017\/01\/SENot\u00edcias-POL\u00cdCIA-FEDERAL-LEI-ROUANET-700-300x201.jpg 300w, https:\/\/senoticias.com.br\/se\/wp-content\/uploads\/2017\/01\/SENot\u00edcias-POL\u00cdCIA-FEDERAL-LEI-ROUANET-700-90x60.jpg 90w, https:\/\/senoticias.com.br\/se\/wp-content\/uploads\/2017\/01\/SENot\u00edcias-POL\u00cdCIA-FEDERAL-LEI-ROUANET-700-180x120.jpg 180w, https:\/\/senoticias.com.br\/se\/wp-content\/uploads\/2017\/01\/SENot\u00edcias-POL\u00cdCIA-FEDERAL-LEI-ROUANET-700-95x64.jpg 95w\" sizes=\"(max-width: 599px) 100vw, 599px\" \/><\/a><p id=\"caption-attachment-99925\" class=\"wp-caption-text\">Foto: PF \/ Divulga\u00e7\u00e3o<\/p><\/div>\n<p style=\"text-align: justify\">Roberto Gon\u00e7alves sucedeu Pedro Barusco como gerente executivo da \u00c1rea de Engenharia e Servi\u00e7os da Petrobras no per\u00edodo entre mar\u00e7o de 2011 e maio de 2012. No Brasil, ele j\u00e1 vinha sendo investigado pela Lava Jato ap\u00f3s depoimentos prestados por investigados que firmaram acordos de colabora\u00e7\u00e3o premiada com o Minist\u00e9rio P\u00fablico Federal.<\/p>\n<p style=\"text-align: justify\">Batizada de Opera\u00e7\u00e3o Paralelo, a 39\u00aa fase <a href=\"http:\/\/agenciabrasil.ebc.com.br\/geral\/noticia\/2017-03\/pf-desarticula-quadrilha-internacional-de-trafico-de-droga-e-lavagem-de\" target=\"_blank\">foi deflagrada pela Pol\u00edcia Federal<\/a> a pedido do Minist\u00e9rio P\u00fablico Federal no Paran\u00e1. Al\u00e9m do mandado de pris\u00e3o preventiva, foram expedidos cinco mandados de busca e apreens\u00e3o no Rio de Janeiro. Segundo a corpora\u00e7\u00e3o, todos j\u00e1 foram cumpridos. Os alvos, nesse caso, s\u00e3o pessoas f\u00edsicas e jur\u00eddicas ligadas \u00e0 corretora Advalor Distribuidora de T\u00edtulos e Valores Mobili\u00e1rios Ltda.<\/p>\n<p style=\"text-align: justify\">De acordo com a Procuradoria da Rep\u00fablica no Paran\u00e1, o dirigente da UTC Engenharia Ricardo Pessoa e o operador financeiro e intermedi\u00e1rio entre os executivos e agentes p\u00fablicos M\u00e1rio Goes admitiram o pagamento de propinas a Roberto Gon\u00e7alves. Os colaboradores comprovaram documentalmente quatro dep\u00f3sitos de US$ 300 mil feitos no exterior, a partir de conta em nome da <em>offshore<\/em> Mayana Trading, mantida por M\u00e1rio Goes.<\/p>\n<p style=\"text-align: justify\">\u201cAl\u00e9m disso, apura\u00e7\u00e3o interna da Petrobras imputou ao ex-gerente executivo parte das irregularidades encontradas nas licita\u00e7\u00f5es e contratos do Comperj [Complexo Petroqu\u00edmico do Rio de Janeiro], como a contrata\u00e7\u00e3o direta em 2011 do Cons\u00f3rcio TUC, formado, dentre outros, pela Odebrecht e pela UTC Engenharia. Paralelamente, autoridades su\u00ed\u00e7as que investigam desdobramentos do caso Lava Jato transferiram ao Brasil investiga\u00e7\u00f5es por crimes de lavagem de dinheiro relacionadas a Roberto Gon\u00e7alves, com base em acordos de coopera\u00e7\u00e3o internacional\u201d, informou a procuradoria, por meio de nota.<\/p>\n<p style=\"text-align: justify\">Ainda segundo o comunicado, durante a apura\u00e7\u00e3o dos fatos, foram identificadas cinco contas banc\u00e1rias \u2013 uma delas registrada em nome da <em>offshore<\/em> Fairbridge Finance SA, que tem Roberto Gon\u00e7alves como benefici\u00e1rio final, recebeu, somente em 2011, cerca de US$ 3 milh\u00f5es de <em>offshores<\/em> ligadas ao Setor de Opera\u00e7\u00f5es Estruturadas da Odebrecht.<\/p>\n<p style=\"text-align: justify\">Outra conta, registrada em nome da <em>offshore<\/em> Silverhill Group Investment Inc. e que tamb\u00e9m tem Gon\u00e7alves como benefici\u00e1rio final, recebeu, no ano de 2014, mais de US$ 1 milh\u00e3o provenientes da conta da <em>offshore<\/em> Drenos Corporation, vinculada a Renato Duque.<\/p>\n<p style=\"text-align: justify\">\u201cEsta conta do ex-diretor da Petrobras foi abastecida por valores oriundos da conta em nome da <em>offshore<\/em> Opdale Industries, que tem por benef\u00edci\u00e1rio final Guilherme Esteves de Jesus, acusado na a\u00e7\u00e3o penal 5050568-73.2016.4.04.7000 de ter intermediado propinas em contratos da Petrobras para o Estaleiro Jurong\u201d, acrescentou a procuradoria.<\/p>\n<p style=\"text-align: justify\">Ainda de acordo com documentos encaminhados pela Su\u00ed\u00e7a, Roberto Gon\u00e7alves transferiu, em abril de 2014, parte do saldo da conta Fairbridge Finance S\/A para contas na China e nas Bahamas. \u201cEssa conduta demonstra, al\u00e9m da reitera\u00e7\u00e3o de crimes de lavagem de dinheiro, o prop\u00f3sito de impedir o bloqueio dos ativos criminosos e frustrar a aplica\u00e7\u00e3o da lei penal. Apesar da tentativa de esconder o patrim\u00f4nio, ainda foi poss\u00edvel o sequestro de mais de US$ 4 milh\u00f5es de conta ligada a Roberto Gon\u00e7alves\u201d, concluiu a nota.<\/p>\n<p style=\"text-align: justify\"><strong>Acompanhe tamb\u00e9m o SE Not\u00edcias no<\/strong><strong>\u00a0<\/strong><a href=\"https:\/\/twitter.com\/Senoticias\"><strong>Twitter<\/strong><\/a><strong>,<\/strong><strong>\u00a0<\/strong><a href=\"https:\/\/www.facebook.com\/senoticias1\"><strong>Facebook<\/strong><strong>\u00a0<\/strong><\/a><strong>e no<\/strong><strong>\u00a0<\/strong><a href=\"https:\/\/www.instagram.com\/senoticias\/\"><strong>Instagram<\/strong><\/a><strong>.<\/strong><\/p>\n<p style=\"text-align: justify\"><a href=\"http:\/\/senoticias.com.br\/se\/wp-content\/uploads\/2017\/03\/Logo-fone-1-2-1-2-4-5.jpg\"><img loading=\"lazy\" decoding=\"async\" class=\"aligncenter size-full wp-image-101900\" src=\"http:\/\/senoticias.com.br\/se\/wp-content\/uploads\/2017\/03\/Logo-fone-1-2-1-2-4-5.jpg\" alt=\"Logo-fone-1-2-1-2-4\" width=\"599\" height=\"78\" srcset=\"https:\/\/senoticias.com.br\/se\/wp-content\/uploads\/2017\/03\/Logo-fone-1-2-1-2-4-5.jpg 599w, https:\/\/senoticias.com.br\/se\/wp-content\/uploads\/2017\/03\/Logo-fone-1-2-1-2-4-5-300x39.jpg 300w\" sizes=\"(max-width: 599px) 100vw, 599px\" \/><\/a><\/p>\n<p style=\"text-align: justify\">Da Ag\u00eancia Brasil<\/p>\n","protected":false},"excerpt":{"rendered":"<p>O ex-gerente executivo da Petrobras Roberto Gon\u00e7alves foi preso na manh\u00e3 de hoje (28) em Boa Vista, durante a 39\u00aa fase da Opera\u00e7\u00e3o Lava Jato. Inicialmente, a Pol\u00edcia Federal havia informado que o mandado de pris\u00e3o preventiva seria cumprido no Rio de Janeiro, j\u00e1 que a informa\u00e7\u00e3o de que o investigado estava no estado de [&hellip;]<\/p>\n","protected":false},"author":5618,"featured_media":99925,"comment_status":"closed","ping_status":"closed","sticky":false,"template":"","format":"standard","meta":{"footnotes":""},"categories":[7],"tags":[2594],"class_list":{"0":"post-101908","1":"post","2":"type-post","3":"status-publish","4":"format-standard","5":"has-post-thumbnail","7":"category-policia","8":"tag-ex-gerente-da-petrobras-e-preso-na-39a-fase-da-operacao-lava-jato"},"_links":{"self":[{"href":"https:\/\/senoticias.com.br\/se\/wp-json\/wp\/v2\/posts\/101908"}],"collection":[{"href":"https:\/\/senoticias.com.br\/se\/wp-json\/wp\/v2\/posts"}],"about":[{"href":"https:\/\/senoticias.com.br\/se\/wp-json\/wp\/v2\/types\/post"}],"author":[{"embeddable":true,"href":"https:\/\/senoticias.com.br\/se\/wp-json\/wp\/v2\/users\/5618"}],"replies":[{"embeddable":true,"href":"https:\/\/senoticias.com.br\/se\/wp-json\/wp\/v2\/comments?post=101908"}],"version-history":[{"count":0,"href":"https:\/\/senoticias.com.br\/se\/wp-json\/wp\/v2\/posts\/101908\/revisions"}],"wp:featuredmedia":[{"embeddable":true,"href":"https:\/\/senoticias.com.br\/se\/wp-json\/wp\/v2\/media\/99925"}],"wp:attachment":[{"href":"https:\/\/senoticias.com.br\/se\/wp-json\/wp\/v2\/media?parent=101908"}],"wp:term":[{"taxonomy":"category","embeddable":true,"href":"https:\/\/senoticias.com.br\/se\/wp-json\/wp\/v2\/categories?post=101908"},{"taxonomy":"post_tag","embeddable":true,"href":"https:\/\/senoticias.com.br\/se\/wp-json\/wp\/v2\/tags?post=101908"}],"curies":[{"name":"wp","href":"https:\/\/api.w.org\/{rel}","templated":true}]}}