{"id":101906,"date":"2017-03-28T13:49:47","date_gmt":"2017-03-28T16:49:47","guid":{"rendered":"http:\/\/senoticias.com.br\/se\/?p=101906"},"modified":"2017-03-28T17:43:57","modified_gmt":"2017-03-28T20:43:57","slug":"legalizacao-das-drogas-reduziria-o-poder-do-trafico-nas-comunidades-diz-barroso","status":"publish","type":"post","link":"https:\/\/senoticias.com.br\/se\/legalizacao-das-drogas-reduziria-o-poder-do-trafico-nas-comunidades-diz-barroso\/","title":{"rendered":"Legaliza\u00e7\u00e3o das drogas reduziria o poder do tr\u00e1fico nas comunidades, diz Barroso"},"content":{"rendered":"<p style=\"text-align: justify;\">O ministro do Supremo Tribunal Federal (STF) Lu\u00eds Roberto Barroso defendeu a legaliza\u00e7\u00e3o, com regula\u00e7\u00e3o r\u00edgida por parte do estado, de todos os tipos de droga no pa\u00eds. Ele participou hoje (28) de semin\u00e1rio sobre descriminaliza\u00e7\u00e3o do uso de drogas, promovido pela Funda\u00e7\u00e3o Fernando Henrique Cardoso, na capital paulista.<\/p>\n<div id=\"attachment_65849\" style=\"width: 590px\" class=\"wp-caption aligncenter\"><a href=\"http:\/\/senoticias.com.br\/se\/wp-content\/uploads\/2014\/06\/o-novo-ministro-do-supremo-tribunal-federal-luis-roberto-barroso-55-anos.jpg\"><img loading=\"lazy\" decoding=\"async\" aria-describedby=\"caption-attachment-65849\" class=\"wp-image-65849\" src=\"http:\/\/senoticias.com.br\/se\/wp-content\/uploads\/2014\/06\/o-novo-ministro-do-supremo-tribunal-federal-luis-roberto-barroso-55-anos.jpg\" alt=\" Foto: Estad\u00e3o\" width=\"580\" height=\"401\" srcset=\"https:\/\/senoticias.com.br\/se\/wp-content\/uploads\/2014\/06\/o-novo-ministro-do-supremo-tribunal-federal-luis-roberto-barroso-55-anos.jpg 627w, https:\/\/senoticias.com.br\/se\/wp-content\/uploads\/2014\/06\/o-novo-ministro-do-supremo-tribunal-federal-luis-roberto-barroso-55-anos-300x207.jpg 300w, https:\/\/senoticias.com.br\/se\/wp-content\/uploads\/2014\/06\/o-novo-ministro-do-supremo-tribunal-federal-luis-roberto-barroso-55-anos-342x236.jpg 342w\" sizes=\"(max-width: 580px) 100vw, 580px\" \/><\/a><p id=\"caption-attachment-65849\" class=\"wp-caption-text\">Foto: Estad\u00e3o<\/p><\/div>\n<p style=\"text-align: justify;\">Para ele, a legaliza\u00e7\u00e3o das drogas quebraria o poder do tr\u00e1fico nas comunidades carentes e reduziria os casos de v\u00edtimas inocentes, que morrem por causa de bala perdida em favelas e de jovens humildes cooptados pelo tr\u00e1fico.<\/p>\n<p style=\"text-align: justify;\">O ministro disse que o papel do estado \u00e9 desincentivar o consumo das drogas e mostrar seus malef\u00edcios. \u201cN\u00e3o estamos defendo as drogas, temos que enfrentar [o problema]. A guerra \u00e0s drogas fracassou no mundo inteiro, mas o consumo s\u00f3 aumenta.\u201d Barrosos concorda com a ideia de que a ilegalidade s\u00f3 assegura o monop\u00f3lio do traficante.<\/p>\n<p style=\"text-align: justify;\">O consumo recreativo, em ambiente privado, n\u00e3o deve ser proibido, na vis\u00e3o de Barroso. \u201cCada um faz as suas escolhas da vida e, talvez, este [consumo de drogas] n\u00e3o esteja entre os maiores riscos\u201d, disse. Na opini\u00e3o do ministro, comportamentos que n\u00e3o causam danos a terceiros deveriam ser liberados.<\/p>\n<p style=\"text-align: justify;\">Barroso defendeu que r\u00e9us prim\u00e1rios com bons antecedentes flagrados com drogas n\u00e3o devem ser presos preventivamente e, sim, receber outros tipos de penaliza\u00e7\u00e3o, como presta\u00e7\u00e3o de servi\u00e7o \u00e0 comunidade. O ministro votou no STF, em agosto de 2015, pela inconstitucionalidade de uma norma da Lei de Drogas (Lei 11.343) que criminaliza o porte para uso de drogas.<\/p>\n<p style=\"text-align: justify;\">O STF julgar\u00e1 o Recurso Extraordin\u00e1rio 635659, ajuizado por um ex-preso de Diadema (SP), condenado a dois meses de presta\u00e7\u00e3o de servi\u00e7os \u00e0 comunidade por porte de maconha. A droga foi encontrada na cela do detento. Relatado pelo ministro Gilmar Mendes, o recurso deveria ter sido julgado em 2015, mas foi adiado. Se a maioria dos ministros da Corte julgar o artigo da lei inconstitucional, o STF, na pr\u00e1tica, estar\u00e1 descriminalizando o porte de droga para consumo pessoal.<\/p>\n<p style=\"text-align: justify;\">O ministro disse que seu objetivo \u00e9 defender, no STF, a descriminaliza\u00e7\u00e3o apenas da maconha como um primeiro passo, fazendo com que a decis\u00e3o possa ser estendida para outras drogas.<\/p>\n<p style=\"text-align: justify;\"><strong>Repress\u00e3o<\/strong><\/p>\n<p style=\"text-align: justify;\">O ex-presidente Fernando Henrique Cardoso, que tamb\u00e9m participou do debate, disse que quando governou o pa\u00eds cometeu erros na pol\u00edtica de combate \u00e0s drogas, como repress\u00e3o e a\u00e7\u00f5es simb\u00f3licas como cortar p\u00e9s de maconha, assim como o ministro rec\u00e9m-empossado no STF, Alexandre de Moraes. \u201cEle [Alexandre de Moraes] vai perceber depois, que [cortar p\u00e9s de maconha] n\u00e3o adianta nada.\u201d<\/p>\n<p style=\"text-align: justify;\">Barroso espera que Alexandre de Moraes estude sobre a descriminaliza\u00e7\u00e3o das drogas antes de seu voto no STF. \u201cA posi\u00e7\u00e3o dele n\u00e3o chega l\u00e1 carimbada, eu acho que ele vai estudar e emitir uma opini\u00e3o. Seja ela qual for, merecer\u00e1 respeito\u201d, declarou.<\/p>\n<p style=\"text-align: justify;\"><strong>Acompanhe tamb\u00e9m o SE Not\u00edcias no<\/strong><strong>\u00a0<\/strong><a href=\"https:\/\/twitter.com\/Senoticias\"><strong>Twitter<\/strong><\/a><strong>,<\/strong><strong>\u00a0<\/strong><a href=\"https:\/\/www.facebook.com\/senoticias1\"><strong>Facebook<\/strong><strong>\u00a0<\/strong><\/a><strong>e no<\/strong><strong>\u00a0<\/strong><a href=\"https:\/\/www.instagram.com\/senoticias\/\"><strong>Instagram<\/strong><\/a><strong>.<\/strong><\/p>\n<p style=\"text-align: justify;\"><a href=\"http:\/\/senoticias.com.br\/se\/wp-content\/uploads\/2017\/03\/Logo-fone-1-2-1-2-4-5.jpg\"><img loading=\"lazy\" decoding=\"async\" class=\"aligncenter size-full wp-image-101900\" src=\"http:\/\/senoticias.com.br\/se\/wp-content\/uploads\/2017\/03\/Logo-fone-1-2-1-2-4-5.jpg\" alt=\"Logo-fone-1-2-1-2-4\" width=\"599\" height=\"78\" srcset=\"https:\/\/senoticias.com.br\/se\/wp-content\/uploads\/2017\/03\/Logo-fone-1-2-1-2-4-5.jpg 599w, https:\/\/senoticias.com.br\/se\/wp-content\/uploads\/2017\/03\/Logo-fone-1-2-1-2-4-5-300x39.jpg 300w\" sizes=\"(max-width: 599px) 100vw, 599px\" \/><\/a><\/p>\n<p style=\"text-align: justify;\">Da Ag\u00eancia Brasil<\/p>\n","protected":false},"excerpt":{"rendered":"<p>O ministro do Supremo Tribunal Federal (STF) Lu\u00eds Roberto Barroso defendeu a legaliza\u00e7\u00e3o, com regula\u00e7\u00e3o r\u00edgida por parte do estado, de todos os tipos de droga no pa\u00eds. Ele participou hoje (28) de semin\u00e1rio sobre descriminaliza\u00e7\u00e3o do uso de drogas, promovido pela Funda\u00e7\u00e3o Fernando Henrique Cardoso, na capital paulista. Para ele, a legaliza\u00e7\u00e3o das drogas [&hellip;]<\/p>\n","protected":false},"author":5618,"featured_media":65849,"comment_status":"closed","ping_status":"closed","sticky":false,"template":"","format":"standard","meta":{"footnotes":""},"categories":[6],"tags":[2592,2591],"class_list":{"0":"post-101906","1":"post","2":"type-post","3":"status-publish","4":"format-standard","5":"has-post-thumbnail","7":"category-politica","8":"tag-diz-barroso","9":"tag-legalizacao-das-drogas-reduziria-o-poder-do-trafico-nas-comunidades"},"_links":{"self":[{"href":"https:\/\/senoticias.com.br\/se\/wp-json\/wp\/v2\/posts\/101906"}],"collection":[{"href":"https:\/\/senoticias.com.br\/se\/wp-json\/wp\/v2\/posts"}],"about":[{"href":"https:\/\/senoticias.com.br\/se\/wp-json\/wp\/v2\/types\/post"}],"author":[{"embeddable":true,"href":"https:\/\/senoticias.com.br\/se\/wp-json\/wp\/v2\/users\/5618"}],"replies":[{"embeddable":true,"href":"https:\/\/senoticias.com.br\/se\/wp-json\/wp\/v2\/comments?post=101906"}],"version-history":[{"count":0,"href":"https:\/\/senoticias.com.br\/se\/wp-json\/wp\/v2\/posts\/101906\/revisions"}],"wp:featuredmedia":[{"embeddable":true,"href":"https:\/\/senoticias.com.br\/se\/wp-json\/wp\/v2\/media\/65849"}],"wp:attachment":[{"href":"https:\/\/senoticias.com.br\/se\/wp-json\/wp\/v2\/media?parent=101906"}],"wp:term":[{"taxonomy":"category","embeddable":true,"href":"https:\/\/senoticias.com.br\/se\/wp-json\/wp\/v2\/categories?post=101906"},{"taxonomy":"post_tag","embeddable":true,"href":"https:\/\/senoticias.com.br\/se\/wp-json\/wp\/v2\/tags?post=101906"}],"curies":[{"name":"wp","href":"https:\/\/api.w.org\/{rel}","templated":true}]}}