{"id":101904,"date":"2017-03-28T13:41:25","date_gmt":"2017-03-28T16:41:25","guid":{"rendered":"http:\/\/senoticias.com.br\/se\/?p=101904"},"modified":"2017-03-28T13:41:26","modified_gmt":"2017-03-28T16:41:26","slug":"publico-lota-espetaculo-de-estreia-do-iii-festival-sergipano-de-artes-cenicas","status":"publish","type":"post","link":"https:\/\/senoticias.com.br\/se\/publico-lota-espetaculo-de-estreia-do-iii-festival-sergipano-de-artes-cenicas\/","title":{"rendered":"P\u00fablico lota espet\u00e1culo de estreia do III Festival Sergipano de Artes C\u00eanicas"},"content":{"rendered":"<p style=\"text-align: justify\">Com estreia no Dia Mundial do Teatro, 27 de mar\u00e7o, o III Festival Sergipano de Artes C\u00eanicas lotou o Teatro Tobias Barreto nesta segunda-feira. Promovido pelo Governo de Sergipe atrav\u00e9s da Secretaria de Estado da Cultura (Secult), o evento segue at\u00e9 o dia 30 de abril com mais de 20 espet\u00e1culos de dan\u00e7a, teatro e circo, al\u00e9m de palestras e oficinas com personalidades refer\u00eancias nas artes c\u00eanicas.<\/p>\n<div id=\"attachment_101905\" style=\"width: 590px\" class=\"wp-caption aligncenter\"><a href=\"http:\/\/senoticias.com.br\/se\/wp-content\/uploads\/2017\/03\/34af714d72254746ca3f28faa97097d5-e1490719185646.jpg\"><img loading=\"lazy\" decoding=\"async\" aria-describedby=\"caption-attachment-101905\" class=\"size-full wp-image-101905\" src=\"http:\/\/senoticias.com.br\/se\/wp-content\/uploads\/2017\/03\/34af714d72254746ca3f28faa97097d5-e1490719185646.jpg\" alt=\"Festival segue at\u00e9 o dia 30 de abril com mais de 20 espet\u00e1culos de dan\u00e7a, teatro e circo, al\u00e9m de palestras e oficinas com personalidades refer\u00eancias nas artes c\u00eanicas\/ Foto: Pritty Reis\/Secult\" width=\"580\" height=\"387\" \/><\/a><p id=\"caption-attachment-101905\" class=\"wp-caption-text\">Festival segue at\u00e9 o dia 30 de abril com mais de 20 espet\u00e1culos de dan\u00e7a, teatro e circo, al\u00e9m de palestras e oficinas com personalidades refer\u00eancias nas artes c\u00eanicas\/ Foto: Pritty Reis\/Secult<\/p><\/div>\n<p style=\"text-align: justify\">Segundo o secret\u00e1rio de Estado da Cultura, Irineu Fontes, o maior objetivo do Festival \u00e9 fomentar a produ\u00e7\u00e3o cultural e garantir o direito de acesso \u00e0 cultura, contemplando diversos gostos e faixas et\u00e1rias. \u201cEste Festival tem dois papeis importante. O primeiro \u00e9 a divulga\u00e7\u00e3o e o incentivo ao trabalho do artista sergipano, e o segundo \u00e9 em rela\u00e7\u00e3o \u00e0 forma\u00e7\u00e3o de p\u00fablico. Por isso, prezamos em oferecer espet\u00e1culos de qualidade, oficinas com bons profissionais, tudo que possam atrair cada vez mais pessoas para o teatro\u201d, afirmou.<\/p>\n<p style=\"text-align: justify\">A programa\u00e7\u00e3o foi aberta com o espet\u00e1culo convidado \u201cDana\u00e7\u00e3o\u201d, de Minas Gerais, com texto escrito pelo dramaturgo Raysner de Paula e encenado pelo ator Eduardo Moreira, do Grupo Galp\u00e3o. \u201cAcho uma honra ter a oportunidade de estar abrindo esse festival de teatro. \u00c9 muito bom estar aqui, pois j\u00e1 apresentei outros espet\u00e1culos em Sergipe e sempre gosto de voltar. Esse espet\u00e1culo investe muito no poder da palavra de uma forma po\u00e9tica, e esta \u00e9 a primeira vez que o apresento em um teatro t\u00e3o grande\u201d, contou Eduardo Moreira.<\/p>\n<p style=\"text-align: justify\">Segundo o diretor do espet\u00e1culo, Marcelo Castro, esta \u00e9 a segunda apresenta\u00e7\u00e3o de \u201cDana\u00e7\u00e3o\u201d, fora de Minas Gerais. \u201c\u00c9 incr\u00edvel poder circular com o espet\u00e1culo, lev\u00e1-lo para outros estados, outros p\u00fablicos e poder estar neste Festival. Estamos muito felizes de estar aqui em Aracaju. O espet\u00e1culo foi escrito especialmente para o Eduardo, muito inspirado na obra de Guimar\u00e3es Rosa e foi criado a partir do encontro de tr\u00eas profissionais de gera\u00e7\u00f5es e grupos diferentes, sendo ele no papel de ator, eu na dire\u00e7\u00e3o e o Raysner no texto\u201d, explicou.<\/p>\n<p style=\"text-align: justify\">Na plateia, artistas, estudantes e amantes do teatro assistiram atentos \u00e0 apresenta\u00e7\u00e3o. Turmas de quatro escolas p\u00fablicas de Nossa Senhora do Socorro tamb\u00e9m estiveram presentes. \u201cN\u00f3s acreditamos que \u00e9 importante agregar valores \u00e0 forma\u00e7\u00e3o no processo da educa\u00e7\u00e3o. Ent\u00e3o, esse Festival contribui ao oportunizar viv\u00eancias para que os estudantes venham associar os conte\u00fados pedag\u00f3gicos \u00e0 realidade da vida. E a arte, como foi dita pelo ator, \u00e9 algo imprescind\u00edvel para as nossas vidas\u201d, afirmou a t\u00e9cnica pedag\u00f3gica que acompanhava as turmas, M\u00f4nica Oliveira da Silva Brito.<\/p>\n<p style=\"text-align: justify\">Frequentadora das edi\u00e7\u00f5es do Festival, a professora do curso de Licenciatura em Teatro da Universidade Federal de Sergipe, M\u00e1rcia Baltazar, o v\u00ea como um espa\u00e7o oportuno para a propaga\u00e7\u00e3o das artes c\u00eanicas. \u201cAcho que o Festival \u00e9 muito importante para Aracaju por criar uma movimenta\u00e7\u00e3o maior atrav\u00e9s desta condensa\u00e7\u00e3o de v\u00e1rios espet\u00e1culos em um mesmo per\u00edodo, o que faz com que o p\u00fablico acabe respirando teatro. \u00c9 tamb\u00e9m um espa\u00e7o extremamente importante para os estudantes das artes c\u00eanicas poderem conhecer os grupos daqui e terem acesso a espet\u00e1culos de fora, que trazem outras experi\u00eancias para a cidade\u201d, opinou.<\/p>\n<p style=\"text-align: justify\">Nesta ter\u00e7a-feira, 28, o Teatro Atheneu comemora seus 63 anos com a apresenta\u00e7\u00e3o do mon\u00f3logo pernambucano \u201cO A\u00e7ougueiro\u201d.\u00a0 Dirigido por Samuel Santos, o espet\u00e1culo traz Alexandre Guimar\u00e3es se revezando em sete personagens, sendo o principal Ant\u00f4nio, um sertanejo que tinha como ambi\u00e7\u00e3o ser dono se um a\u00e7ougue. Ele conhece e se apaixona por Nicinha, com quem decide se casar, mas tem como obst\u00e1culo uma sociedade que n\u00e3o aceita o relacionamento. A apresenta\u00e7\u00e3o ser\u00e1 \u00e0s 20h.<\/p>\n<p style=\"text-align: justify\"><strong>Festival<\/strong><\/p>\n<p style=\"text-align: justify\">Viabilizado atrav\u00e9s do Fundo de Desenvolvimento Cultural e Art\u00edstico (Funcart), o Festival de Artes C\u00eanicas segue at\u00e9 o dia 30 de abril, totalmente gratuito, com diversas apresenta\u00e7\u00f5es nos teatros Atheneu, Lourival Batista, Tobias Barreto, pra\u00e7as e outros espa\u00e7os p\u00fablicos de Aracaju e do interior do estado. Al\u00e9m dos espet\u00e1culos, o evento contar\u00e1, mais uma vez, com diversas palestras e oficinas gratuitas, voltadas especialmente para profissionais e interessados nas artes c\u00eanicas.<\/p>\n<p style=\"text-align: justify\">A primeira palestra ser\u00e1 com o ator, diretor e teatr\u00f3logo brasileiro Amir Haddad (RJ), que falar\u00e1 sobre \u201cO teatro e a sua sobreviv\u00eancia nos tempos atuais\u201d, no dia 29 de mar\u00e7o, \u00e0s 18h, no Teatro Atheneu. A programa\u00e7\u00e3o completa e mais informa\u00e7\u00f5es podem ser acompanhadas pelo site\u00a0<a href=\"http:\/\/www.cultura.se.gov.br\/\" target=\"_blank\">www.cultura.se.gov.br<\/a>\u00a0e pela p\u00e1gina do Facebook: Festival Sergipano de Artes C\u00eanicas.<\/p>\n<p style=\"text-align: justify\"><strong>Confira a programa\u00e7\u00e3o dos pr\u00f3ximos dias:<\/strong><\/p>\n<p style=\"text-align: justify\"><em><strong>28\/03 \u2013 ter\u00e7a-feira<\/strong><\/em><\/p>\n<p style=\"text-align: justify\">O A\u00e7ougueiro \u2013 Alexandre Guimar\u00e3es (PE)<\/p>\n<p style=\"text-align: justify\">Teatro Atheneu, 20h<\/p>\n<p style=\"text-align: justify\">Teatro<\/p>\n<p style=\"text-align: justify\"><em><strong>29\/03 \u2013 quarta-feira<\/strong><\/em><\/p>\n<p style=\"text-align: justify\">Brilho e Arte \u2013 Circo Gold Star\u00a0(SE)<\/p>\n<p style=\"text-align: justify\">Munic\u00edpio de Santo Amaro, pra\u00e7a de eventos, 17h<\/p>\n<p style=\"text-align: justify\">Dura\u00e7\u00e3o: 60 minutos<\/p>\n<p style=\"text-align: justify\">Circo de lona<\/p>\n<p style=\"text-align: justify\"><em><strong>30\/03 \u2013 quinta-feira<\/strong><\/em><\/p>\n<p style=\"text-align: justify\">Conto de Gri\u00f4 \u2013 Cia de Teatro Hist\u00f3ria Encena (SE)<\/p>\n<p style=\"text-align: justify\">Teatro Tobias Barreto, 20h.<\/p>\n<p style=\"text-align: justify\">Dura\u00e7\u00e3o: 70 min.<\/p>\n<p style=\"text-align: justify\">Teatro<\/p>\n<p style=\"text-align: justify\"><em><strong>30\/03 \u2013 quinta-feira<\/strong><\/em><\/p>\n<p style=\"text-align: justify\">Olhar com Olhos Virgens \u2013 Federa\u00e7\u00e3o de Dan\u00e7a da Bahia (BA)<\/p>\n<p style=\"text-align: justify\">Teatro Atheneu, 20h.<\/p>\n<p style=\"text-align: justify\">Dura\u00e7\u00e3o: 55 min.<\/p>\n<p style=\"text-align: justify\">Dan\u00e7a<\/p>\n<p style=\"text-align: justify\"><strong>Acompanhe tamb\u00e9m o SE Not\u00edcias no<\/strong><strong>\u00a0<\/strong><a href=\"https:\/\/twitter.com\/Senoticias\"><strong>Twitter<\/strong><\/a><strong>,<\/strong><strong>\u00a0<\/strong><a href=\"https:\/\/www.facebook.com\/senoticias1\"><strong>Facebook<\/strong><strong>\u00a0<\/strong><\/a><strong>e no<\/strong><strong>\u00a0<\/strong><a href=\"https:\/\/www.instagram.com\/senoticias\/\"><strong>Instagram<\/strong><\/a><strong>.<\/strong><\/p>\n<p style=\"text-align: justify\"><a href=\"http:\/\/senoticias.com.br\/se\/wp-content\/uploads\/2017\/03\/Logo-fone-1-2-1-2-4-5.jpg\"><img loading=\"lazy\" decoding=\"async\" class=\"aligncenter size-full wp-image-101900\" src=\"http:\/\/senoticias.com.br\/se\/wp-content\/uploads\/2017\/03\/Logo-fone-1-2-1-2-4-5.jpg\" alt=\"Logo-fone-1-2-1-2-4\" width=\"599\" height=\"78\" srcset=\"https:\/\/senoticias.com.br\/se\/wp-content\/uploads\/2017\/03\/Logo-fone-1-2-1-2-4-5.jpg 599w, https:\/\/senoticias.com.br\/se\/wp-content\/uploads\/2017\/03\/Logo-fone-1-2-1-2-4-5-300x39.jpg 300w\" sizes=\"(max-width: 599px) 100vw, 599px\" \/><\/a><\/p>\n<p style=\"text-align: justify\">Da ASN<\/p>\n","protected":false},"excerpt":{"rendered":"<p>Com estreia no Dia Mundial do Teatro, 27 de mar\u00e7o, o III Festival Sergipano de Artes C\u00eanicas lotou o Teatro Tobias Barreto nesta segunda-feira. Promovido pelo Governo de Sergipe atrav\u00e9s da Secretaria de Estado da Cultura (Secult), o evento segue at\u00e9 o dia 30 de abril com mais de 20 espet\u00e1culos de dan\u00e7a, teatro e [&hellip;]<\/p>\n","protected":false},"author":5618,"featured_media":101905,"comment_status":"closed","ping_status":"closed","sticky":false,"template":"","format":"standard","meta":{"footnotes":""},"categories":[40,21],"tags":[2590],"class_list":{"0":"post-101904","1":"post","2":"type-post","3":"status-publish","4":"format-standard","5":"has-post-thumbnail","7":"category-cultura","8":"category-entretenimento","9":"tag-publico-lota-espetaculo-de-estreia-do-iii-festival-sergipano-de-artes-cenicas"},"_links":{"self":[{"href":"https:\/\/senoticias.com.br\/se\/wp-json\/wp\/v2\/posts\/101904"}],"collection":[{"href":"https:\/\/senoticias.com.br\/se\/wp-json\/wp\/v2\/posts"}],"about":[{"href":"https:\/\/senoticias.com.br\/se\/wp-json\/wp\/v2\/types\/post"}],"author":[{"embeddable":true,"href":"https:\/\/senoticias.com.br\/se\/wp-json\/wp\/v2\/users\/5618"}],"replies":[{"embeddable":true,"href":"https:\/\/senoticias.com.br\/se\/wp-json\/wp\/v2\/comments?post=101904"}],"version-history":[{"count":0,"href":"https:\/\/senoticias.com.br\/se\/wp-json\/wp\/v2\/posts\/101904\/revisions"}],"wp:featuredmedia":[{"embeddable":true,"href":"https:\/\/senoticias.com.br\/se\/wp-json\/wp\/v2\/media\/101905"}],"wp:attachment":[{"href":"https:\/\/senoticias.com.br\/se\/wp-json\/wp\/v2\/media?parent=101904"}],"wp:term":[{"taxonomy":"category","embeddable":true,"href":"https:\/\/senoticias.com.br\/se\/wp-json\/wp\/v2\/categories?post=101904"},{"taxonomy":"post_tag","embeddable":true,"href":"https:\/\/senoticias.com.br\/se\/wp-json\/wp\/v2\/tags?post=101904"}],"curies":[{"name":"wp","href":"https:\/\/api.w.org\/{rel}","templated":true}]}}