{"id":101902,"date":"2017-03-28T13:30:05","date_gmt":"2017-03-28T16:30:05","guid":{"rendered":"http:\/\/senoticias.com.br\/se\/?p=101902"},"modified":"2017-03-28T13:30:05","modified_gmt":"2017-03-28T16:30:05","slug":"sergipe-obtem-vitoria-no-stj-na-cobranca-do-icms-sobre-contas-da-tarifa-de-uso-do-sistema-de-distribuicao","status":"publish","type":"post","link":"https:\/\/senoticias.com.br\/se\/sergipe-obtem-vitoria-no-stj-na-cobranca-do-icms-sobre-contas-da-tarifa-de-uso-do-sistema-de-distribuicao\/","title":{"rendered":"Sergipe obt\u00e9m vit\u00f3ria no STJ na cobran\u00e7a do ICMS sobre contas da Tarifa de Uso do Sistema de Distribui\u00e7\u00e3o"},"content":{"rendered":"<p style=\"text-align: justify\">Sergipe e outros estados obtiveram vit\u00f3ria no Superior Tribunal de Justi\u00e7a (STJ) na cobran\u00e7a do Imposto sobre Circula\u00e7\u00e3o de Mercadorias e Servi\u00e7os (ICMS) na Tarifa de Uso do Sistema de Distribui\u00e7\u00e3o (TUSD), cobrada nas contas de grandes consumidores que adquirem a energia el\u00e9trica diretamente das empresas geradoras.<\/p>\n<div id=\"attachment_101903\" style=\"width: 590px\" class=\"wp-caption aligncenter\"><a href=\"http:\/\/senoticias.com.br\/se\/wp-content\/uploads\/2017\/03\/ICMS-SE-Noticias-e1490718546277.jpg\"><img loading=\"lazy\" decoding=\"async\" aria-describedby=\"caption-attachment-101903\" class=\"size-full wp-image-101903\" src=\"http:\/\/senoticias.com.br\/se\/wp-content\/uploads\/2017\/03\/ICMS-SE-Noticias-e1490718546277.jpg\" alt=\"Decis\u00e3o evitou uma perda anual, apurada com base na arrecada\u00e7\u00e3o de 2014, de cerca de R$ 13,4 bilh\u00f5es para os Estados e DF\/ Foto: Pixabay\/Divulga\u00e7\u00e3o\" width=\"580\" height=\"387\" \/><\/a><p id=\"caption-attachment-101903\" class=\"wp-caption-text\">Decis\u00e3o evitou uma perda anual, apurada com base na arrecada\u00e7\u00e3o de 2014, de cerca de R$ 13,4 bilh\u00f5es para os Estados e DF\/ Foto: Pixabay\/Divulga\u00e7\u00e3o<\/p><\/div>\n<p style=\"text-align: justify\">De acordo com o procurador-chefe da Especializada do Contencioso Fiscal da PGE, Edson Wander, essa \u00e9 uma grande vit\u00f3ria para Sergipe. \u201cO impacto anual m\u00e9dio alcan\u00e7ou pouco mais de R$ 50 milh\u00f5es\u201d, esclareceu.<\/p>\n<p style=\"text-align: justify\">Conforme levantamento realizado pelas autoridades fazend\u00e1rias dos Estados e do Distrito Federal, o valor do ICMS sobre a TUSD\/TUST corresponde a cerca de 44% do valor do ICMS arrecadado com energia el\u00e9trica. A decis\u00e3o evitou uma perda anual, apurada com base na arrecada\u00e7\u00e3o de 2014, de cerca de R$ 13,4 bilh\u00f5es para os Estados e o DF. Apenas no Rio Grande do Norte, a arrecada\u00e7\u00e3o com o ICMS sobre a TUSD\/TUST alcan\u00e7ou R$ 220 milh\u00f5es em 2016. Se acolhida a tese dos contribuintes, a repeti\u00e7\u00e3o de ind\u00e9bito poderia chegar a R$ 1,1 bilh\u00e3o, sem atualiza\u00e7\u00e3o monet\u00e1ria.<\/p>\n<p style=\"text-align: justify\">Trata-se de decis\u00e3o paradigm\u00e1tica que, pela primeira vez, analisou o m\u00e9rito da tese defendida pelas Fazendas estaduais, representando uma virada na jurisprud\u00eancia do STJ, que, at\u00e9 ent\u00e3o, vinha decidindo favoravelmente aos contribuintes. A atua\u00e7\u00e3o estrat\u00e9gica das Procuradorias estaduais no caso foi essencial para a mudan\u00e7a de entendimento da Corte e demonstra a import\u00e2ncia da atua\u00e7\u00e3o conjunta e uniforme das PGE&#8217;s em defesa dos Estados, tal como ocorreu na defesa do direito dos Estados e do DF \u00e0 reparti\u00e7\u00e3o dos recursos relativos \u00e0 multa da repatria\u00e7\u00e3o de ativos.<\/p>\n<p style=\"text-align: justify\"><strong>Apoio<\/strong><\/p>\n<p style=\"text-align: justify\">Os Estados e o DF atuaram em apoio \u00e0 tese da Procuradoria ga\u00facha, na qual o estado do Rio Grande do Sul \u00e9 parte no recurso, por meio da C\u00e2mara T\u00e9cnica do Col\u00e9gio Nacional de Procuradores Gerais dos Estados e do Distrito Federal, distribuindo memoriais conjuntos e despachando com os Ministros da Corte. Votaram a favor da tese dos estados os Ministros Gurgel de Faria (relator), Benedito Gon\u00e7alves e S\u00e9rgio Kukina.<\/p>\n<p style=\"text-align: justify\"><strong>Acompanhe tamb\u00e9m o SE Not\u00edcias no<\/strong><strong>\u00a0<\/strong><a href=\"https:\/\/twitter.com\/Senoticias\"><strong>Twitter<\/strong><\/a><strong>,<\/strong><strong>\u00a0<\/strong><a href=\"https:\/\/www.facebook.com\/senoticias1\"><strong>Facebook<\/strong><strong>\u00a0<\/strong><\/a><strong>e no<\/strong><strong>\u00a0<\/strong><a href=\"https:\/\/www.instagram.com\/senoticias\/\"><strong>Instagram<\/strong><\/a><strong>.<\/strong><\/p>\n<p style=\"text-align: justify\"><a href=\"http:\/\/senoticias.com.br\/se\/wp-content\/uploads\/2017\/03\/Logo-fone-1-2-1-2-4-5.jpg\"><img loading=\"lazy\" decoding=\"async\" class=\"aligncenter size-full wp-image-101900\" src=\"http:\/\/senoticias.com.br\/se\/wp-content\/uploads\/2017\/03\/Logo-fone-1-2-1-2-4-5.jpg\" alt=\"Logo-fone-1-2-1-2-4\" width=\"599\" height=\"78\" srcset=\"https:\/\/senoticias.com.br\/se\/wp-content\/uploads\/2017\/03\/Logo-fone-1-2-1-2-4-5.jpg 599w, https:\/\/senoticias.com.br\/se\/wp-content\/uploads\/2017\/03\/Logo-fone-1-2-1-2-4-5-300x39.jpg 300w\" sizes=\"(max-width: 599px) 100vw, 599px\" \/><\/a><\/p>\n<p style=\"text-align: justify\">Da ASN<\/p>\n","protected":false},"excerpt":{"rendered":"<p>Sergipe e outros estados obtiveram vit\u00f3ria no Superior Tribunal de Justi\u00e7a (STJ) na cobran\u00e7a do Imposto sobre Circula\u00e7\u00e3o de Mercadorias e Servi\u00e7os (ICMS) na Tarifa de Uso do Sistema de Distribui\u00e7\u00e3o (TUSD), cobrada nas contas de grandes consumidores que adquirem a energia el\u00e9trica diretamente das empresas geradoras. De acordo com o procurador-chefe da Especializada do [&hellip;]<\/p>\n","protected":false},"author":5618,"featured_media":101903,"comment_status":"closed","ping_status":"closed","sticky":false,"template":"","format":"standard","meta":{"footnotes":""},"categories":[6],"tags":[2589],"class_list":{"0":"post-101902","1":"post","2":"type-post","3":"status-publish","4":"format-standard","5":"has-post-thumbnail","7":"category-politica","8":"tag-sergipe-obtem-vitoria-no-stj-na-cobranca-do-icms-sobre-contas-da-tarifa-de-uso-do-sistema-de-distribuicao"},"_links":{"self":[{"href":"https:\/\/senoticias.com.br\/se\/wp-json\/wp\/v2\/posts\/101902"}],"collection":[{"href":"https:\/\/senoticias.com.br\/se\/wp-json\/wp\/v2\/posts"}],"about":[{"href":"https:\/\/senoticias.com.br\/se\/wp-json\/wp\/v2\/types\/post"}],"author":[{"embeddable":true,"href":"https:\/\/senoticias.com.br\/se\/wp-json\/wp\/v2\/users\/5618"}],"replies":[{"embeddable":true,"href":"https:\/\/senoticias.com.br\/se\/wp-json\/wp\/v2\/comments?post=101902"}],"version-history":[{"count":0,"href":"https:\/\/senoticias.com.br\/se\/wp-json\/wp\/v2\/posts\/101902\/revisions"}],"wp:featuredmedia":[{"embeddable":true,"href":"https:\/\/senoticias.com.br\/se\/wp-json\/wp\/v2\/media\/101903"}],"wp:attachment":[{"href":"https:\/\/senoticias.com.br\/se\/wp-json\/wp\/v2\/media?parent=101902"}],"wp:term":[{"taxonomy":"category","embeddable":true,"href":"https:\/\/senoticias.com.br\/se\/wp-json\/wp\/v2\/categories?post=101902"},{"taxonomy":"post_tag","embeddable":true,"href":"https:\/\/senoticias.com.br\/se\/wp-json\/wp\/v2\/tags?post=101902"}],"curies":[{"name":"wp","href":"https:\/\/api.w.org\/{rel}","templated":true}]}}