{"id":101899,"date":"2017-03-28T13:23:31","date_gmt":"2017-03-28T16:23:31","guid":{"rendered":"http:\/\/senoticias.com.br\/se\/?p=101899"},"modified":"2017-03-28T13:23:31","modified_gmt":"2017-03-28T16:23:31","slug":"governador-e-comandante-da-6a-regiao-militar-debatem-acoes-referentes-a-seca","status":"publish","type":"post","link":"https:\/\/senoticias.com.br\/se\/governador-e-comandante-da-6a-regiao-militar-debatem-acoes-referentes-a-seca\/","title":{"rendered":"Governador e comandante da 6\u00aa Regi\u00e3o Militar debatem a\u00e7\u00f5es referentes \u00e0 seca"},"content":{"rendered":"<p style=\"text-align: justify\">O governador Jackson Barreto recebeu, na manh\u00e3 desta ter\u00e7a-feira, 28, o comandante da 6\u00aa Regi\u00e3o Militar do Ex\u00e9rcito Brasileiro, general Joarez Alves Pereira J\u00fanior, respons\u00e1vel pela jurisdi\u00e7\u00e3o sobre os estados de Bahia e Sergipe, em uma visita cortesia. De acordo com o governador, o encontro, embora institucional, serviu para esclarecer d\u00favidas e debater o combate aos efeitos da seca.<\/p>\n<div id=\"attachment_101901\" style=\"width: 590px\" class=\"wp-caption aligncenter\"><a href=\"http:\/\/senoticias.com.br\/se\/wp-content\/uploads\/2017\/03\/d90d5cf6a11c9327d067dae70fad4aca-e1490718153185.jpg\"><img loading=\"lazy\" decoding=\"async\" aria-describedby=\"caption-attachment-101901\" class=\"size-full wp-image-101901\" src=\"http:\/\/senoticias.com.br\/se\/wp-content\/uploads\/2017\/03\/d90d5cf6a11c9327d067dae70fad4aca-e1490718153185.jpg\" alt=\"Visita de cortesia do general Joarez Alves Pereira J\u00fanior ao governador Jackson Barreto serviu para troca de informa\u00e7\u00f5es e refor\u00e7o da necessidade da amplia\u00e7\u00e3o das a\u00e7\u00f5es nos munic\u00edpios atingidos pela seca \/ Foto: Jorge Henrique\/ASN\" width=\"580\" height=\"403\" \/><\/a><p id=\"caption-attachment-101901\" class=\"wp-caption-text\">Visita de cortesia do general Joarez Alves Pereira J\u00fanior ao governador Jackson Barreto serviu para troca de informa\u00e7\u00f5es e refor\u00e7o da necessidade da amplia\u00e7\u00e3o das a\u00e7\u00f5es nos munic\u00edpios atingidos pela seca \/ Foto: Jorge Henrique\/ASN<\/p><\/div>\n<p style=\"text-align: justify\">\u201cConversamos muito, principalmente sobre a seca, sobre o papel do Ex\u00e9rcito, dirimimos muitas d\u00favidas e agora tenho mais elementos para discutir no Minist\u00e9rio da Integra\u00e7\u00e3o. O Ex\u00e9rcito faz sua parte, dentro das condi\u00e7\u00f5es que o Minist\u00e9rio da Integra\u00e7\u00e3o oferece. Aproveitei a visita do general, uma visita de cortesia, de civilidade, institucional, para falar um pouco sobre a seca e sobre esse papel que o \u00a0Ex\u00e9rcito vem desempenhando com muita solidariedade. E conversamos um pouco sobre como fazer para ampliar as a\u00e7\u00f5es, pois sabemos que o caminho \u00e9 o Minist\u00e9rio da Integra\u00e7\u00e3o\u201d, apontou o governador.<\/p>\n<p style=\"text-align: justify\">O general Joarez Alves destacou a import\u00e2ncia da reuni\u00e3o. \u201cTinha \u00a0um cunho de vista de cortesia, mas acho que foi muito al\u00e9m porque a gente teve a oportunidade de \u00a0tratar de assuntos importantes, pertinentes, onde h\u00e1 intera\u00e7\u00e3o do Ex\u00e9rcito Brasileiro com o governo do Estado \u00a0e com a popula\u00e7\u00e3o, at\u00e9 porque a Opera\u00e7\u00e3o Carro-Pipa \u00e9 \u00a0uma necessidade da \u00a0popula\u00e7\u00e3o, particularmente do agreste, e envolve muito do governo, das autoridades locais e do Ex\u00e9rcito Brasileiro. Ent\u00e3o, \u00e9 importante que estejamos juntos de igual modo nas a\u00e7\u00f5es, o que pode ser implementado, o que pode ser aperfei\u00e7oado. Fico muito feliz com a reuni\u00e3o\u201d, declarou o general.<\/p>\n<p style=\"text-align: justify\">Na ocasi\u00e3o, o governador presenteou o general com um quadro do Pal\u00e1cio Museu Ol\u00edmpio Campos e com o\u00a0livro \u2018Do Litoral ao Sert\u00e3o- Sergipe em Imagens\u2019 \u2013 dos fot\u00f3grafos M\u00e1rcio Dantas, L\u00facio Teles e M\u00e1rcio Garcez \u2013, obra que exalta a diversidade das paisagens sergipanas.<\/p>\n<p style=\"text-align: justify\"><strong>Comandante<\/strong><\/p>\n<p style=\"text-align: justify\">Antes de assumir o comando da regi\u00e3o, o general Joarez ocupava o cargo de 5\u00ba subchefe do Estado-Maior do Ex\u00e9rcito, em Bras\u00edlia, onde tratava de assuntos internacionais, desde 2014.<\/p>\n<p style=\"text-align: justify\">Natural de Bragan\u00e7a Paulista, em S\u00e3o Paulo, o general foi instrutor da Academia Militar das Agulhas Negras (AMAN), da Escola de Aperfei\u00e7oamento de Oficiais (EsAO) e da Escola de Comando e Estado-Maior do Ex\u00e9rcito (ECEME), al\u00e9m de ter estudado e exercido fun\u00e7\u00f5es no exterior, como a de Observador Militar da Organiza\u00e7\u00e3o das Na\u00e7\u00f5es Unidas, na Iugosl\u00e1via, dentre outras.<\/p>\n<p style=\"text-align: justify\"><strong>Sobre a 6\u00aa Regi\u00e3o Militar<\/strong><\/p>\n<p style=\"text-align: justify\">A 6\u00aa Regi\u00e3o Militar foi criada em 1\u00ba de outubro de 1821 e sua \u00e1rea de responsabilidade abrange os estados da Bahia e de Sergipe. Ao todo, 16 organiza\u00e7\u00f5es militares s\u00e3o subordinadas e vinculadas \u00e0 regi\u00e3o, que participou de eventos de relev\u00e2ncia para o Brasil, como as batalhas pela consolida\u00e7\u00e3o da Independ\u00eancia na Bahia (1823), a Campanha de Canudos (1897) e o envio de tropas para a For\u00e7a Expedicion\u00e1ria Brasileira (1944\/1945).<\/p>\n<p style=\"text-align: justify\"><strong>Acompanhe tamb\u00e9m o SE Not\u00edcias no<\/strong><strong>\u00a0<\/strong><a href=\"https:\/\/twitter.com\/Senoticias\"><strong>Twitter<\/strong><\/a><strong>,<\/strong><strong>\u00a0<\/strong><a href=\"https:\/\/www.facebook.com\/senoticias1\"><strong>Facebook<\/strong><strong>\u00a0<\/strong><\/a><strong>e no<\/strong><strong>\u00a0<\/strong><a href=\"https:\/\/www.instagram.com\/senoticias\/\"><strong>Instagram<\/strong><\/a><strong>.<\/strong><\/p>\n<p style=\"text-align: justify\"><a href=\"http:\/\/senoticias.com.br\/se\/wp-content\/uploads\/2017\/03\/Logo-fone-1-2-1-2-4-5.jpg\"><img loading=\"lazy\" decoding=\"async\" class=\"aligncenter size-full wp-image-101900\" src=\"http:\/\/senoticias.com.br\/se\/wp-content\/uploads\/2017\/03\/Logo-fone-1-2-1-2-4-5.jpg\" alt=\"Logo-fone-1-2-1-2-4\" width=\"599\" height=\"78\" srcset=\"https:\/\/senoticias.com.br\/se\/wp-content\/uploads\/2017\/03\/Logo-fone-1-2-1-2-4-5.jpg 599w, https:\/\/senoticias.com.br\/se\/wp-content\/uploads\/2017\/03\/Logo-fone-1-2-1-2-4-5-300x39.jpg 300w\" sizes=\"(max-width: 599px) 100vw, 599px\" \/><\/a><\/p>\n<p style=\"text-align: justify\">Da ASN<\/p>\n","protected":false},"excerpt":{"rendered":"<p>O governador Jackson Barreto recebeu, na manh\u00e3 desta ter\u00e7a-feira, 28, o comandante da 6\u00aa Regi\u00e3o Militar do Ex\u00e9rcito Brasileiro, general Joarez Alves Pereira J\u00fanior, respons\u00e1vel pela jurisdi\u00e7\u00e3o sobre os estados de Bahia e Sergipe, em uma visita cortesia. De acordo com o governador, o encontro, embora institucional, serviu para esclarecer d\u00favidas e debater o combate [&hellip;]<\/p>\n","protected":false},"author":5618,"featured_media":101901,"comment_status":"closed","ping_status":"closed","sticky":false,"template":"","format":"standard","meta":{"footnotes":""},"categories":[6],"tags":[2588],"class_list":{"0":"post-101899","1":"post","2":"type-post","3":"status-publish","4":"format-standard","5":"has-post-thumbnail","7":"category-politica","8":"tag-governador-e-comandante-da-6a-regiao-militar-debatem-acoes-referentes-a-seca"},"_links":{"self":[{"href":"https:\/\/senoticias.com.br\/se\/wp-json\/wp\/v2\/posts\/101899"}],"collection":[{"href":"https:\/\/senoticias.com.br\/se\/wp-json\/wp\/v2\/posts"}],"about":[{"href":"https:\/\/senoticias.com.br\/se\/wp-json\/wp\/v2\/types\/post"}],"author":[{"embeddable":true,"href":"https:\/\/senoticias.com.br\/se\/wp-json\/wp\/v2\/users\/5618"}],"replies":[{"embeddable":true,"href":"https:\/\/senoticias.com.br\/se\/wp-json\/wp\/v2\/comments?post=101899"}],"version-history":[{"count":0,"href":"https:\/\/senoticias.com.br\/se\/wp-json\/wp\/v2\/posts\/101899\/revisions"}],"wp:featuredmedia":[{"embeddable":true,"href":"https:\/\/senoticias.com.br\/se\/wp-json\/wp\/v2\/media\/101901"}],"wp:attachment":[{"href":"https:\/\/senoticias.com.br\/se\/wp-json\/wp\/v2\/media?parent=101899"}],"wp:term":[{"taxonomy":"category","embeddable":true,"href":"https:\/\/senoticias.com.br\/se\/wp-json\/wp\/v2\/categories?post=101899"},{"taxonomy":"post_tag","embeddable":true,"href":"https:\/\/senoticias.com.br\/se\/wp-json\/wp\/v2\/tags?post=101899"}],"curies":[{"name":"wp","href":"https:\/\/api.w.org\/{rel}","templated":true}]}}