{"id":101895,"date":"2017-03-28T13:18:13","date_gmt":"2017-03-28T16:18:13","guid":{"rendered":"http:\/\/senoticias.com.br\/se\/?p=101895"},"modified":"2017-03-28T13:18:13","modified_gmt":"2017-03-28T16:18:13","slug":"tv-alese-vai-divulgar-acoes-do-exercito-em-se-parceria-firmada-na-manha-desta-terca-28","status":"publish","type":"post","link":"https:\/\/senoticias.com.br\/se\/tv-alese-vai-divulgar-acoes-do-exercito-em-se-parceria-firmada-na-manha-desta-terca-28\/","title":{"rendered":"TV Alese vai divulgar a\u00e7\u00f5es do Ex\u00e9rcito em SE. Parceria firmada na manh\u00e3 desta ter\u00e7a, 28"},"content":{"rendered":"<p style=\"text-align: justify;\">Foi firmada na manh\u00e3 desta ter\u00e7a-feira, 28, no gabinete do presidente da Assembleia Legislativa de Sergipe, deputado Luciano Bispo (PMDB), uma parceria com o Ex\u00e9rcito Brasileiro, quanto ao compartilhamento de conte\u00fados com a TV Alese, canal 48.2, que j\u00e1 est\u00e1 funcionando em car\u00e1ter experimental.<\/p>\n<div id=\"attachment_101896\" style=\"width: 609px\" class=\"wp-caption aligncenter\"><img loading=\"lazy\" decoding=\"async\" aria-describedby=\"caption-attachment-101896\" class=\"size-full wp-image-101896\" src=\"http:\/\/senoticias.com.br\/se\/wp-content\/uploads\/2017\/03\/Alese-SENOTICIAS-e1490717473184.jpg\" alt=\"TV Alese vai divulgar a\u00e7\u00f5es do Ex\u00e9rcito em Sergipe. (Foto: Alese)\" width=\"599\" height=\"397\" \/><p id=\"caption-attachment-101896\" class=\"wp-caption-text\">TV Alese vai divulgar a\u00e7\u00f5es do Ex\u00e9rcito em Sergipe. (Foto: Audaci de Souza\/Alese)<\/p><\/div>\n<p style=\"text-align: justify;\">Na oportunidade, o diretor de Comunica\u00e7\u00e3o da Assembleia Legislativa, Marcos Aur\u00e9lio Costa destacou que a TV Alese, por iniciativa do presidente Luciano Bispo, vem para abrir espa\u00e7os para que a sociedade sergipana acompanhe n\u00e3o s\u00f3 os deputados estaduais, mas os demais poderes.<\/p>\n<div id=\"attachment_101897\" style=\"width: 310px\" class=\"wp-caption alignright\"><img loading=\"lazy\" decoding=\"async\" aria-describedby=\"caption-attachment-101897\" class=\"size-full wp-image-101897\" src=\"http:\/\/senoticias.com.br\/se\/wp-content\/uploads\/2017\/03\/Marcos-Aurelio-SENOTICIAS.jpg\" alt=\"Marcos Aur\u00e9lio e o coronel Kuster de Paula. (Foto: Aldaci de Souza\/Alese). \" width=\"300\" height=\"259\" \/><p id=\"caption-attachment-101897\" class=\"wp-caption-text\">Marcos Aur\u00e9lio e o coronel Kuster de Paula. (Foto: Aldaci de Souza\/Alese).<\/p><\/div>\n<p style=\"text-align: justify;\">\u201cO Tribunal de Contas j\u00e1 tem espa\u00e7o na nossa programa\u00e7\u00e3o, a exemplo do Tribunal de Justi\u00e7a, Minist\u00e9rio P\u00fablico Federal e Minist\u00e9rio P\u00fablico Estadual. E agora, o presidente Luciano Bispo em conversa com o general do Ex\u00e9rcito, Joarez Alves Pereira Junior e o coronel Marcos Aur\u00e9lio Kuster de Paula, disponibilizou esse espa\u00e7o para que o Ex\u00e9rcito Brasileiro tamb\u00e9m mostre as suas a\u00e7\u00f5es e opera\u00e7\u00f5es muito importantes para o cidad\u00e3o. Obras como a distribui\u00e7\u00e3o de \u00e1gua para os irm\u00e3os sertanejos precisam ser mostradas e n\u00f3s vamos disponibilizar aqui na TV Alese\u201d, comemora.<\/p>\n<p style=\"text-align: justify;\"><img loading=\"lazy\" decoding=\"async\" class=\"aligncenter size-full wp-image-101819\" src=\"http:\/\/senoticias.com.br\/se\/wp-content\/uploads\/2017\/03\/Logo-fone-1-2-1-2-4-4.jpg\" alt=\"Logo-fone-1-2-1-2-4\" width=\"599\" height=\"78\" srcset=\"https:\/\/senoticias.com.br\/se\/wp-content\/uploads\/2017\/03\/Logo-fone-1-2-1-2-4-4.jpg 599w, https:\/\/senoticias.com.br\/se\/wp-content\/uploads\/2017\/03\/Logo-fone-1-2-1-2-4-4-300x39.jpg 300w\" sizes=\"(max-width: 599px) 100vw, 599px\" \/><\/p>\n<p style=\"text-align: justify;\"><strong>Acompanhe o SE Not\u00edcias no <a href=\"https:\/\/twitter.com\/Senoticias\" target=\"_blank\">Twitter<\/a>, <a href=\"https:\/\/www.instagram.com\/senoticias\/\" target=\"_blank\">Instagram<\/a> e no <a href=\"https:\/\/www.facebook.com\/senoticias1\" target=\"_blank\">Facebook<\/a><\/strong><\/p>\n<p style=\"text-align: justify;\">\n<p style=\"text-align: justify;\">Por Ag\u00eancia de Not\u00edcias Alese<\/p>\n","protected":false},"excerpt":{"rendered":"<p>Foi firmada na manh\u00e3 desta ter\u00e7a-feira, 28, no gabinete do presidente da Assembleia Legislativa de Sergipe, deputado Luciano Bispo (PMDB), uma parceria com o Ex\u00e9rcito Brasileiro, quanto ao compartilhamento de conte\u00fados com a TV Alese, canal 48.2, que j\u00e1 est\u00e1 funcionando em car\u00e1ter experimental. Na oportunidade, o diretor de Comunica\u00e7\u00e3o da Assembleia Legislativa, Marcos Aur\u00e9lio [&hellip;]<\/p>\n","protected":false},"author":2,"featured_media":101897,"comment_status":"closed","ping_status":"closed","sticky":false,"template":"","format":"standard","meta":{"footnotes":""},"categories":[6],"tags":[],"class_list":{"0":"post-101895","1":"post","2":"type-post","3":"status-publish","4":"format-standard","5":"has-post-thumbnail","7":"category-politica"},"_links":{"self":[{"href":"https:\/\/senoticias.com.br\/se\/wp-json\/wp\/v2\/posts\/101895"}],"collection":[{"href":"https:\/\/senoticias.com.br\/se\/wp-json\/wp\/v2\/posts"}],"about":[{"href":"https:\/\/senoticias.com.br\/se\/wp-json\/wp\/v2\/types\/post"}],"author":[{"embeddable":true,"href":"https:\/\/senoticias.com.br\/se\/wp-json\/wp\/v2\/users\/2"}],"replies":[{"embeddable":true,"href":"https:\/\/senoticias.com.br\/se\/wp-json\/wp\/v2\/comments?post=101895"}],"version-history":[{"count":0,"href":"https:\/\/senoticias.com.br\/se\/wp-json\/wp\/v2\/posts\/101895\/revisions"}],"wp:featuredmedia":[{"embeddable":true,"href":"https:\/\/senoticias.com.br\/se\/wp-json\/wp\/v2\/media\/101897"}],"wp:attachment":[{"href":"https:\/\/senoticias.com.br\/se\/wp-json\/wp\/v2\/media?parent=101895"}],"wp:term":[{"taxonomy":"category","embeddable":true,"href":"https:\/\/senoticias.com.br\/se\/wp-json\/wp\/v2\/categories?post=101895"},{"taxonomy":"post_tag","embeddable":true,"href":"https:\/\/senoticias.com.br\/se\/wp-json\/wp\/v2\/tags?post=101895"}],"curies":[{"name":"wp","href":"https:\/\/api.w.org\/{rel}","templated":true}]}}